{"id":639,"date":"2016-01-21T14:41:00","date_gmt":"2016-01-21T12:41:00","guid":{"rendered":"http:\/\/bibliotecas.unileon.es\/educacion\/?p=639"},"modified":"2016-01-21T15:44:07","modified_gmt":"2016-01-21T13:44:07","slug":"educacyl-una-herramienta-en-la-red","status":"publish","type":"post","link":"https:\/\/bibliotecas.unileon.es\/educacion\/2016\/01\/21\/educacyl-una-herramienta-en-la-red\/","title":{"rendered":"Educacyl. Una herramienta en la red"},"content":{"rendered":"\n<!-- This is the start of the WP Twitter Button code -->\n<div id=\"rk_wp_twitter_button\" style=\"margin: 0px 0px 0px 0px; float: right\"><a href=\"http:\/\/twitter.com\/share\" class=\"twitter-share-button\" data-url=\"https:\/\/bibliotecas.unileon.es\/educacion\/2016\/01\/21\/educacyl-una-herramienta-en-la-red\/\" data-count=\"horizontal\">Tweet<\/a><script type=\"text\/javascript\" src=\"http:\/\/platform.twitter.com\/widgets.js\"><\/script><\/div>\n<!-- This is the end of the WP Twitter Button code -->\n\n<p style=\"text-align: center;\"><img decoding=\"async\" src=\"http:\/\/www.luistorres.es\/segovia\/img\/educacyl.png\" alt=\"\" \/><\/p>\n<p style=\"text-align: justify;\">El portal de la consejer\u00eda de educaci\u00f3n se afianza con nuevas utilidades y servicios. Es sencillo y sobre todo \u00fatil para estar al tanto de todo lo que tiene que ver con la Educaci\u00f3n en Castilla y Le\u00f3n. El portal de la Junta, <a href=\"https:\/\/www.educa.jcyl.es\/es\">www.educa.cyl.es<\/a>, ofrece de todo y para todos. Desde tr\u00e1mites para profesores y padres a juegos para los m\u00e1s peque\u00f1os para el verano o una oportunidad para los mayores.<\/p>\n<p style=\"text-align: center;\"><a href=\"http:\/\/www.diariodeleon.es\/noticias\/innova\/educacyl-herramienta-red_1029579.html\">Enlace a la noticia publicada en el Diario de Le\u00f3n (08\/12\/2015)<\/a><\/p>\n","protected":false},"excerpt":{"rendered":"<p>Tweet El portal de la consejer\u00eda de educaci\u00f3n se afianza con nuevas utilidades y servicios. Es sencillo y sobre todo \u00fatil para estar al tanto de todo lo que tiene que ver con la Educaci\u00f3n en Castilla y Le\u00f3n. El &hellip; <a href=\"https:\/\/bibliotecas.unileon.es\/educacion\/2016\/01\/21\/educacyl-una-herramienta-en-la-red\/\">Sigue leyendo <span class=\"meta-nav\">&rarr;<\/span><\/a><\/p>\n","protected":false},"author":44,"featured_media":0,"comment_status":"open","ping_status":"open","sticky":false,"template":"","format":"standard","meta":{"_bbp_topic_count":0,"_bbp_reply_count":0,"_bbp_total_topic_count":0,"_bbp_total_reply_count":0,"_bbp_voice_count":0,"_bbp_anonymous_reply_count":0,"_bbp_topic_count_hidden":0,"_bbp_reply_count_hidden":0,"_bbp_forum_subforum_count":0,"footnotes":""},"categories":[1],"tags":[],"class_list":["post-639","post","type-post","status-publish","format-standard","hentry","category-sin-categoria"],"_links":{"self":[{"href":"https:\/\/bibliotecas.unileon.es\/educacion\/wp-json\/wp\/v2\/posts\/639","targetHints":{"allow":["GET"]}}],"collection":[{"href":"https:\/\/bibliotecas.unileon.es\/educacion\/wp-json\/wp\/v2\/posts"}],"about":[{"href":"https:\/\/bibliotecas.unileon.es\/educacion\/wp-json\/wp\/v2\/types\/post"}],"author":[{"embeddable":true,"href":"https:\/\/bibliotecas.unileon.es\/educacion\/wp-json\/wp\/v2\/users\/44"}],"replies":[{"embeddable":true,"href":"https:\/\/bibliotecas.unileon.es\/educacion\/wp-json\/wp\/v2\/comments?post=639"}],"version-history":[{"count":0,"href":"https:\/\/bibliotecas.unileon.es\/educacion\/wp-json\/wp\/v2\/posts\/639\/revisions"}],"wp:attachment":[{"href":"https:\/\/bibliotecas.unileon.es\/educacion\/wp-json\/wp\/v2\/media?parent=639"}],"wp:term":[{"taxonomy":"category","embeddable":true,"href":"https:\/\/bibliotecas.unileon.es\/educacion\/wp-json\/wp\/v2\/categories?post=639"},{"taxonomy":"post_tag","embeddable":true,"href":"https:\/\/bibliotecas.unileon.es\/educacion\/wp-json\/wp\/v2\/tags?post=639"}],"curies":[{"name":"wp","href":"https:\/\/api.w.org\/{rel}","templated":true}]}}