{"id":1624,"date":"2019-11-20T21:05:19","date_gmt":"2019-11-20T20:05:19","guid":{"rendered":"https:\/\/bibliotecas.unileon.es\/partitULE\/?p=1624"},"modified":"2019-11-20T16:06:33","modified_gmt":"2019-11-20T15:06:33","slug":"daniel-juarez-quinteto-21-noviembre-2019","status":"publish","type":"post","link":"https:\/\/bibliotecas.unileon.es\/partitULE\/2019\/11\/20\/daniel-juarez-quinteto-21-noviembre-2019\/","title":{"rendered":"Daniel Ju\u00e1rez Quinteto (21\/Noviembre\/2019)"},"content":{"rendered":"<p style=\"text-align: center;\"><img loading=\"lazy\" decoding=\"async\" class=\"\" src=\"https:\/\/actividadesculturales.unileon.es\/uploads\/photos\/5dcc548f17cd4720926463.jpg\" width=\"401\" height=\"531\" \/><\/p>\n<h4 style=\"text-align: center;\"><strong>21-11-2019<\/strong><\/h4>\n<h5 style=\"text-align: center;\"><strong><i class=\"fa fa-clock-o\" aria-hidden=\"true\"><\/i>\u00a021 horas<\/strong><\/h5>\n<h5 style=\"text-align: center;\"><strong><i class=\"fa fa-map-marker\" aria-hidden=\"true\"><\/i>\u00a0Teatro el Alb\u00e9itar ULE<\/strong><\/h5>\n<p>&nbsp;<\/p>\n<p style=\"text-align: center;\"><strong>Invitaciones: quince minutos antes del concierto en taquilla<\/strong><\/p>\n<p style=\"text-align: center;\"><strong>DANIEL JU\u00c1REZ QUINTETO:<\/strong><\/p>\n<p style=\"text-align: center;\"><b>Daniel Ju\u00e1rez Mej\u00edas\u00a0<\/b>(Saxo)<\/p>\n<p style=\"text-align: center;\"><b>\u00c1lvaro del Valle\u00a0<\/b>(guitarra)<\/p>\n<p style=\"text-align: center;\"><b>Jorge Casta\u00f1eda<\/b>\u00a0(piano)<\/p>\n<p style=\"text-align: center;\"><b>Dar\u00edo Guibert\u00a0<\/b>(contrabajo)<\/p>\n<p style=\"text-align: center;\"><b>Roberto Pistolesi\u00a0<\/b>(bater\u00eda)<\/p>\n<p style=\"text-align: center;\"><strong><a href=\"https:\/\/www.danieljuarezsax.com\/\">P\u00c1GINA OFICIAL de DANIEL JU\u00c1REZ con toda la informaci\u00f3n<\/a><\/strong><\/p>\n","protected":false},"excerpt":{"rendered":"<p>21-11-2019 \u00a021 horas \u00a0Teatro el Alb\u00e9itar ULE &nbsp; Invitaciones: quince minutos antes del concierto en taquilla DANIEL JU\u00c1REZ QUINTETO: Daniel Ju\u00e1rez Mej\u00edas\u00a0(Saxo) \u00c1lvaro del Valle\u00a0(guitarra) Jorge Casta\u00f1eda\u00a0(piano) Dar\u00edo Guibert\u00a0(contrabajo) Roberto Pistolesi\u00a0(bater\u00eda) P\u00c1GINA OFICIAL de DANIEL JU\u00c1REZ con toda la informaci\u00f3n<\/p>\n","protected":false},"author":44,"featured_media":0,"comment_status":"open","ping_status":"open","sticky":false,"template":"","format":"standard","meta":{"_bbp_topic_count":0,"_bbp_reply_count":0,"_bbp_total_topic_count":0,"_bbp_total_reply_count":0,"_bbp_voice_count":0,"_bbp_anonymous_reply_count":0,"_bbp_topic_count_hidden":0,"_bbp_reply_count_hidden":0,"_bbp_forum_subforum_count":0,"footnotes":""},"categories":[15],"tags":[],"class_list":["post-1624","post","type-post","status-publish","format-standard","hentry","category-actividades-musicales-ule"],"_links":{"self":[{"href":"https:\/\/bibliotecas.unileon.es\/partitULE\/wp-json\/wp\/v2\/posts\/1624","targetHints":{"allow":["GET"]}}],"collection":[{"href":"https:\/\/bibliotecas.unileon.es\/partitULE\/wp-json\/wp\/v2\/posts"}],"about":[{"href":"https:\/\/bibliotecas.unileon.es\/partitULE\/wp-json\/wp\/v2\/types\/post"}],"author":[{"embeddable":true,"href":"https:\/\/bibliotecas.unileon.es\/partitULE\/wp-json\/wp\/v2\/users\/44"}],"replies":[{"embeddable":true,"href":"https:\/\/bibliotecas.unileon.es\/partitULE\/wp-json\/wp\/v2\/comments?post=1624"}],"version-history":[{"count":0,"href":"https:\/\/bibliotecas.unileon.es\/partitULE\/wp-json\/wp\/v2\/posts\/1624\/revisions"}],"wp:attachment":[{"href":"https:\/\/bibliotecas.unileon.es\/partitULE\/wp-json\/wp\/v2\/media?parent=1624"}],"wp:term":[{"taxonomy":"category","embeddable":true,"href":"https:\/\/bibliotecas.unileon.es\/partitULE\/wp-json\/wp\/v2\/categories?post=1624"},{"taxonomy":"post_tag","embeddable":true,"href":"https:\/\/bibliotecas.unileon.es\/partitULE\/wp-json\/wp\/v2\/tags?post=1624"}],"curies":[{"name":"wp","href":"https:\/\/api.w.org\/{rel}","templated":true}]}}