{"id":1262,"date":"2014-02-11T07:00:18","date_gmt":"2014-02-11T06:00:18","guid":{"rendered":"http:\/\/bibliotecas.unileon.es\/tULEctura\/?p=1262"},"modified":"2014-02-10T08:58:27","modified_gmt":"2014-02-10T07:58:27","slug":"david-g-panadero-recomienda-leer","status":"publish","type":"post","link":"https:\/\/bibliotecas.unileon.es\/tULEctura\/2014\/02\/11\/david-g-panadero-recomienda-leer\/","title":{"rendered":"David G. Panadero recomienda leer&#8230;"},"content":{"rendered":"<p style=\"text-align: justify;\"><span style=\"line-height: 1.714285714; font-size: 1rem;\"><a href=\"http:\/\/bibliotecas.unileon.es\/tULEctura\/files\/2014\/01\/davidgpanadero.jpg\"><img loading=\"lazy\" decoding=\"async\" class=\"alignleft size-full wp-image-1263\" alt=\"davidgpanadero\" src=\"http:\/\/bibliotecas.unileon.es\/tULEctura\/files\/2014\/01\/davidgpanadero.jpg\" width=\"300\" height=\"201\" \/><\/a>David G. Panadero, naci\u00f3 en Madrid en 1974, es periodista y escritor. En las m\u00e1s diversas manifestaciones de la cultura popular y el ocio encuentra su especialidad. Ha ejercido la cr\u00edtica de cine y literatura en varios medios. \u00a0Desde 2002, edita y coordina, ya sea en papel o a trav\u00e9s de la red,<a href=\"http:\/\/www.revistaprotesis.com\/\" target=\"_blank\"><b>\u00a0<\/b><b>Pr\u00f3tesis. Publicaci\u00f3n consagrada al crimen<\/b>.<\/a><br \/><\/span><\/p>\n<p style=\"text-align: justify;\"><em><span style=\"line-height: 1.714285714; font-size: 1rem;\">\u00abConsidero que uno se aficiona a la lectura partiendo de la literatura de acci\u00f3n, de g\u00e9nero, sea este cual sea. Por eso recomiendo estos cinco t\u00edtulos f\u00e1cilmente localizables en el mercado que a su vez, como ramas de \u00e1rboles frutales, pueden derivar en m\u00e1s y m\u00e1s lecturas.\u00bb<\/span><\/em><\/p>\n<p style=\"text-align: justify;\"><b>1. <a href=\"http:\/\/catoute.unileon.es\/record=b1756022\" target=\"_blank\"><i>Frankenstein<\/i><\/a>, de <a href=\"http:\/\/www.hacienda.go.cr\/centro\/datos\/Libro\/Frankenstein%20o%20el%20moderno%20Prometeo-libro.pdf\" class=\"mtli_attachment mtli_pdf\" target=\"_blank\">Mary Shelley<\/a><\/b>. Todos conocemos la historia del doctor y el monstruo aunque no todos la han le\u00eddo. Quienes ahora la descubran se encontrar\u00e1n una novela intensa, emocionante, llena de momentos terribles, en la que una criatura pide cuentas a su creador.<\/p>\n<p style=\"text-align: justify;\"><b>2. <a href=\"http:\/\/www.antorcha.net\/biblioteca_virtual\/literatura\/wells\/indice.html\" target=\"_blank\"><i>La m\u00e1quina del tiempo<\/i><\/a>, de <a href=\"http:\/\/es.wikipedia.org\/wiki\/H._G._Wells\" target=\"_blank\">H. G. Wells<\/a><\/b>. Cada vez se escucha m\u00e1s eso de que vivimos en una distop\u00eda, que la realidad social ha superado con creces a la ciencia ficci\u00f3n. Pues bien, ya en el siglo XIX, Wells, fuertemente vinculado al socialismo, plasm\u00f3 sus ideas en esta reflexi\u00f3n sobre el camino que \u00a0estamos \u00a0siguiendo, \u00a0donde \u00a0el \u00a0paso \u00a0del \u00a0tiempo \u00a0har\u00e1 \u00a0que \u00a0las \u00a0desigualdades\u00a0 acaben \u00a0siendo insalvables, dram\u00e1ticas&#8230;<\/p>\n<p style=\"text-align: justify;\"><b>3. <a href=\"http:\/\/catoute.unileon.es\/record=b1668520\" target=\"_blank\"><i>El gran reloj<\/i><\/a>, de <a href=\"http:\/\/www.revistaprotesis.com\/2010\/09\/el-gran-reloj-kenneth-fearing.html\" target=\"_blank\">Kenneth Fearing<\/a><\/b>. A menudo los cr\u00edticos creen descubrir el Mediterr\u00e1neo cada vez que alg\u00fan escritor solvente y ambicioso aborda el g\u00e9nero negro de una manera, digamos, literaria, con amplitud de miras. Quien lea a Fearing se encontrar\u00e1 ante un autor delicado, que personaliza tramas y ambientes escapando de los lugares comunes del g\u00e9nero, y que estructura sus novelas de una manera que a\u00fan hoy en d\u00eda podr\u00edamos calificar de experimental.<\/p>\n<p style=\"text-align: justify;\"><b>4. <a href=\"http:\/\/www.distrimagen.es\/catalogo\/extras\/basico\/lfl4014av.pdf\" class=\"mtli_attachment mtli_pdf\" target=\"_blank\"><i>Libros sangrientos<\/i><\/a>, de <a href=\"http:\/\/es.wikipedia.org\/wiki\/Clive_Barker\" target=\"_blank\">Clive Barker<\/a><\/b><a href=\"http:\/\/es.wikipedia.org\/wiki\/Clive_Barker\" target=\"_blank\">.<\/a> Esta antolog\u00eda de relatos, aparecida en los a\u00f1os 80, cuando el cine de terror se hizo m\u00e1s expl\u00edcito y exhib\u00eda sus trucajes sin apenas cortapisas, sorprender\u00e1n por su pl\u00e1stica, a menudo hiriente. Pero sobre todo por el derroche de imaginaci\u00f3n. En unos tiempos en los que todo sabe a ya visto y resulta casi imposible dar forma a nuevos mitos, Barker se adentra en el terror de forma muy personal, demostrando tener un mundo propio.<\/p>\n<p style=\"text-align: justify;\"><b>5. <a href=\"http:\/\/catoute.unileon.es\/record=b1102164\" target=\"_blank\"><i>Trilog\u00eda de Nueva York<\/i><\/a>, de <a href=\"http:\/\/es.wikipedia.org\/wiki\/Paul_Auster\" target=\"_blank\">Paul Auster<\/a><\/b>. Cuando Auster escribi\u00f3 las tres novelas cortas que componen esta trilog\u00eda, ten\u00eda en mente las cl\u00e1sicas novelas negras norteamericanas, el\u00a0 detective endurecido \u00a0y \u00a0todos \u00a0esos \u00a0arquetipos \u00a0a \u00a0los \u00a0que \u00a0el \u00a0cine \u00a0nos \u00a0ha \u00a0acostumbrado.\u00a0 Pero \u00a0mediante \u00a0la introspecci\u00f3n y la corriente de conciencia, consigui\u00f3 acercar estas tem\u00e1ticas al lector de finales de los 80, posmoderno, distante e ir\u00f3nico, que duda tanto del mundo que le rodea como de s\u00ed mismo.<\/p>\n<ul>\n<li style=\"text-align: justify;\"><a href=\"http:\/\/bibliotecas.unileon.es\/tULEctura\/files\/2014\/02\/Auster-Paul-La-Trilog\u00eda-De-Nueva-York.pdf\" class=\"mtli_attachment mtli_pdf\">Auster, Paul &#8211; La Trilog\u00eda De Nueva York<\/a><\/li>\n<\/ul>\n","protected":false},"excerpt":{"rendered":"<p>David G. Panadero, naci\u00f3 en Madrid en 1974, es periodista y escritor. En las m\u00e1s diversas manifestaciones de la cultura popular y el ocio encuentra su especialidad. Ha ejercido la cr\u00edtica de cine y literatura en varios medios. \u00a0Desde 2002, edita y coordina, ya sea en papel o a trav\u00e9s de la red,\u00a0Pr\u00f3tesis. Publicaci\u00f3n consagrada [&hellip;]<\/p>\n","protected":false},"author":73,"featured_media":0,"comment_status":"open","ping_status":"open","sticky":false,"template":"","format":"standard","meta":{"_bbp_topic_count":0,"_bbp_reply_count":0,"_bbp_total_topic_count":0,"_bbp_total_reply_count":0,"_bbp_voice_count":0,"_bbp_anonymous_reply_count":0,"_bbp_topic_count_hidden":0,"_bbp_reply_count_hidden":0,"_bbp_forum_subforum_count":0,"_monsterinsights_skip_tracking":false,"_monsterinsights_sitenote_active":false,"_monsterinsights_sitenote_note":"","_monsterinsights_sitenote_category":0,"footnotes":""},"categories":[26],"tags":[92],"class_list":["post-1262","post","type-post","status-publish","format-standard","hentry","category-recomendaciones-de-los-sabios","tag-david-g-panadero"],"yoast_head":"<!-- This site is optimized with the Yoast SEO plugin v25.8 - https:\/\/yoast.com\/wordpress\/plugins\/seo\/ -->\n<title>David G. Panadero recomienda leer... - tULEctura<\/title>\n<meta name=\"robots\" content=\"index, follow, max-snippet:-1, max-image-preview:large, max-video-preview:-1\" \/>\n<link rel=\"canonical\" href=\"https:\/\/bibliotecas.unileon.es\/tULEctura\/2014\/02\/11\/david-g-panadero-recomienda-leer\/\" \/>\n<meta property=\"og:locale\" content=\"es_ES\" \/>\n<meta property=\"og:type\" content=\"article\" \/>\n<meta property=\"og:title\" content=\"David G. Panadero recomienda leer... - tULEctura\" \/>\n<meta property=\"og:description\" content=\"David G. Panadero, naci\u00f3 en Madrid en 1974, es periodista y escritor. En las m\u00e1s diversas manifestaciones de la cultura popular y el ocio encuentra su especialidad. Ha ejercido la cr\u00edtica de cine y literatura en varios medios. \u00a0Desde 2002, edita y coordina, ya sea en papel o a trav\u00e9s de la red,\u00a0Pr\u00f3tesis. Publicaci\u00f3n consagrada [&hellip;]\" \/>\n<meta property=\"og:url\" content=\"https:\/\/bibliotecas.unileon.es\/tULEctura\/2014\/02\/11\/david-g-panadero-recomienda-leer\/\" \/>\n<meta property=\"og:site_name\" content=\"tULEctura\" \/>\n<meta property=\"article:publisher\" content=\"https:\/\/www.facebook.com\/tulectura.unileon\/\" \/>\n<meta property=\"article:published_time\" content=\"2014-02-11T06:00:18+00:00\" \/>\n<meta property=\"og:image\" content=\"https:\/\/bibliotecas.unileon.es\/tULEctura\/files\/2014\/01\/davidgpanadero.jpg\" \/>\n\t<meta property=\"og:image:width\" content=\"300\" \/>\n\t<meta property=\"og:image:height\" content=\"201\" \/>\n\t<meta property=\"og:image:type\" content=\"image\/jpeg\" \/>\n<meta name=\"author\" content=\"tULEctura\" \/>\n<meta name=\"twitter:card\" content=\"summary_large_image\" \/>\n<meta name=\"twitter:creator\" content=\"@tULEctura_ULE\" \/>\n<meta name=\"twitter:site\" content=\"@tULEctura_ULE\" \/>\n<meta name=\"twitter:label1\" content=\"Escrito por\" \/>\n\t<meta name=\"twitter:data1\" content=\"tULEctura\" \/>\n\t<meta name=\"twitter:label2\" content=\"Tiempo de lectura\" \/>\n\t<meta name=\"twitter:data2\" content=\"2 minutos\" \/>\n<script type=\"application\/ld+json\" class=\"yoast-schema-graph\">{\"@context\":\"https:\/\/schema.org\",\"@graph\":[{\"@type\":\"Article\",\"@id\":\"https:\/\/bibliotecas.unileon.es\/tULEctura\/2014\/02\/11\/david-g-panadero-recomienda-leer\/#article\",\"isPartOf\":{\"@id\":\"https:\/\/bibliotecas.unileon.es\/tULEctura\/2014\/02\/11\/david-g-panadero-recomienda-leer\/\"},\"author\":{\"name\":\"tULEctura\",\"@id\":\"https:\/\/bibliotecas.unileon.es\/tULEctura\/#\/schema\/person\/c8977b10c1fdf7d1dab5629f08287597\"},\"headline\":\"David G. Panadero recomienda leer&#8230;\",\"datePublished\":\"2014-02-11T06:00:18+00:00\",\"mainEntityOfPage\":{\"@id\":\"https:\/\/bibliotecas.unileon.es\/tULEctura\/2014\/02\/11\/david-g-panadero-recomienda-leer\/\"},\"wordCount\":500,\"commentCount\":0,\"publisher\":{\"@id\":\"https:\/\/bibliotecas.unileon.es\/tULEctura\/#organization\"},\"image\":{\"@id\":\"https:\/\/bibliotecas.unileon.es\/tULEctura\/2014\/02\/11\/david-g-panadero-recomienda-leer\/#primaryimage\"},\"thumbnailUrl\":\"http:\/\/bibliotecas.unileon.es\/tULEctura\/files\/2014\/01\/davidgpanadero.jpg\",\"keywords\":[\"David G. Panadero\"],\"articleSection\":[\"recomendaciones de los sabios\"],\"inLanguage\":\"es\",\"potentialAction\":[{\"@type\":\"CommentAction\",\"name\":\"Comment\",\"target\":[\"https:\/\/bibliotecas.unileon.es\/tULEctura\/2014\/02\/11\/david-g-panadero-recomienda-leer\/#respond\"]}]},{\"@type\":\"WebPage\",\"@id\":\"https:\/\/bibliotecas.unileon.es\/tULEctura\/2014\/02\/11\/david-g-panadero-recomienda-leer\/\",\"url\":\"https:\/\/bibliotecas.unileon.es\/tULEctura\/2014\/02\/11\/david-g-panadero-recomienda-leer\/\",\"name\":\"David G. Panadero recomienda leer... - tULEctura\",\"isPartOf\":{\"@id\":\"https:\/\/bibliotecas.unileon.es\/tULEctura\/#website\"},\"primaryImageOfPage\":{\"@id\":\"https:\/\/bibliotecas.unileon.es\/tULEctura\/2014\/02\/11\/david-g-panadero-recomienda-leer\/#primaryimage\"},\"image\":{\"@id\":\"https:\/\/bibliotecas.unileon.es\/tULEctura\/2014\/02\/11\/david-g-panadero-recomienda-leer\/#primaryimage\"},\"thumbnailUrl\":\"http:\/\/bibliotecas.unileon.es\/tULEctura\/files\/2014\/01\/davidgpanadero.jpg\",\"datePublished\":\"2014-02-11T06:00:18+00:00\",\"breadcrumb\":{\"@id\":\"https:\/\/bibliotecas.unileon.es\/tULEctura\/2014\/02\/11\/david-g-panadero-recomienda-leer\/#breadcrumb\"},\"inLanguage\":\"es\",\"potentialAction\":[{\"@type\":\"ReadAction\",\"target\":[\"https:\/\/bibliotecas.unileon.es\/tULEctura\/2014\/02\/11\/david-g-panadero-recomienda-leer\/\"]}]},{\"@type\":\"ImageObject\",\"inLanguage\":\"es\",\"@id\":\"https:\/\/bibliotecas.unileon.es\/tULEctura\/2014\/02\/11\/david-g-panadero-recomienda-leer\/#primaryimage\",\"url\":\"http:\/\/bibliotecas.unileon.es\/tULEctura\/files\/2014\/01\/davidgpanadero.jpg\",\"contentUrl\":\"http:\/\/bibliotecas.unileon.es\/tULEctura\/files\/2014\/01\/davidgpanadero.jpg\"},{\"@type\":\"BreadcrumbList\",\"@id\":\"https:\/\/bibliotecas.unileon.es\/tULEctura\/2014\/02\/11\/david-g-panadero-recomienda-leer\/#breadcrumb\",\"itemListElement\":[{\"@type\":\"ListItem\",\"position\":1,\"name\":\"Home\",\"item\":\"https:\/\/bibliotecas.unileon.es\/tULEctura\/\"},{\"@type\":\"ListItem\",\"position\":2,\"name\":\"David G. Panadero recomienda leer&#8230;\"}]},{\"@type\":\"WebSite\",\"@id\":\"https:\/\/bibliotecas.unileon.es\/tULEctura\/#website\",\"url\":\"https:\/\/bibliotecas.unileon.es\/tULEctura\/\",\"name\":\"tULEctura\",\"description\":\"Espacio de la Universidad de Le\u00f3n dedicado a la lectura\",\"publisher\":{\"@id\":\"https:\/\/bibliotecas.unileon.es\/tULEctura\/#organization\"},\"potentialAction\":[{\"@type\":\"SearchAction\",\"target\":{\"@type\":\"EntryPoint\",\"urlTemplate\":\"https:\/\/bibliotecas.unileon.es\/tULEctura\/?s={search_term_string}\"},\"query-input\":{\"@type\":\"PropertyValueSpecification\",\"valueRequired\":true,\"valueName\":\"search_term_string\"}}],\"inLanguage\":\"es\"},{\"@type\":\"Organization\",\"@id\":\"https:\/\/bibliotecas.unileon.es\/tULEctura\/#organization\",\"name\":\"Universidad de Le\u00f3n\",\"url\":\"https:\/\/bibliotecas.unileon.es\/tULEctura\/\",\"logo\":{\"@type\":\"ImageObject\",\"inLanguage\":\"es\",\"@id\":\"https:\/\/bibliotecas.unileon.es\/tULEctura\/#\/schema\/logo\/image\/\",\"url\":\"https:\/\/bibliotecas.unileon.es\/tULEctura\/files\/2018\/08\/TULECTURA_LOGO1.png\",\"contentUrl\":\"https:\/\/bibliotecas.unileon.es\/tULEctura\/files\/2018\/08\/TULECTURA_LOGO1.png\",\"width\":\"960\",\"height\":\"258\",\"caption\":\"Universidad de Le\u00f3n\"},\"image\":{\"@id\":\"https:\/\/bibliotecas.unileon.es\/tULEctura\/#\/schema\/logo\/image\/\"},\"sameAs\":[\"https:\/\/www.facebook.com\/tulectura.unileon\/\",\"https:\/\/x.com\/tULEctura_ULE\",\"https:\/\/www.instagram.com\/tulectura.unileon\/\",\"https:\/\/www.pinterest.es\/tulectura\/\",\"https:\/\/www.youtube.com\/channel\/UCoWaDD39lVlAQcOchwlTPVw\"]},{\"@type\":\"Person\",\"@id\":\"https:\/\/bibliotecas.unileon.es\/tULEctura\/#\/schema\/person\/c8977b10c1fdf7d1dab5629f08287597\",\"name\":\"tULEctura\",\"image\":{\"@type\":\"ImageObject\",\"inLanguage\":\"es\",\"@id\":\"https:\/\/bibliotecas.unileon.es\/tULEctura\/#\/schema\/person\/image\/\",\"url\":\"https:\/\/secure.gravatar.com\/avatar\/0333df4303886fb64623b9e9187f54a040d3d4a3ef64faa35cef06145923a9ab?s=96&d=mm&r=g\",\"contentUrl\":\"https:\/\/secure.gravatar.com\/avatar\/0333df4303886fb64623b9e9187f54a040d3d4a3ef64faa35cef06145923a9ab?s=96&d=mm&r=g\",\"caption\":\"tULEctura\"},\"url\":\"https:\/\/bibliotecas.unileon.es\/tULEctura\/author\/buua1\/\"}]}<\/script>\n<!-- \/ Yoast SEO plugin. -->","yoast_head_json":{"title":"David G. Panadero recomienda leer... - tULEctura","robots":{"index":"index","follow":"follow","max-snippet":"max-snippet:-1","max-image-preview":"max-image-preview:large","max-video-preview":"max-video-preview:-1"},"canonical":"https:\/\/bibliotecas.unileon.es\/tULEctura\/2014\/02\/11\/david-g-panadero-recomienda-leer\/","og_locale":"es_ES","og_type":"article","og_title":"David G. Panadero recomienda leer... - tULEctura","og_description":"David G. Panadero, naci\u00f3 en Madrid en 1974, es periodista y escritor. En las m\u00e1s diversas manifestaciones de la cultura popular y el ocio encuentra su especialidad. Ha ejercido la cr\u00edtica de cine y literatura en varios medios. \u00a0Desde 2002, edita y coordina, ya sea en papel o a trav\u00e9s de la red,\u00a0Pr\u00f3tesis. Publicaci\u00f3n consagrada [&hellip;]","og_url":"https:\/\/bibliotecas.unileon.es\/tULEctura\/2014\/02\/11\/david-g-panadero-recomienda-leer\/","og_site_name":"tULEctura","article_publisher":"https:\/\/www.facebook.com\/tulectura.unileon\/","article_published_time":"2014-02-11T06:00:18+00:00","og_image":[{"width":300,"height":201,"url":"https:\/\/bibliotecas.unileon.es\/tULEctura\/files\/2014\/01\/davidgpanadero.jpg","type":"image\/jpeg"}],"author":"tULEctura","twitter_card":"summary_large_image","twitter_creator":"@tULEctura_ULE","twitter_site":"@tULEctura_ULE","twitter_misc":{"Escrito por":"tULEctura","Tiempo de lectura":"2 minutos"},"schema":{"@context":"https:\/\/schema.org","@graph":[{"@type":"Article","@id":"https:\/\/bibliotecas.unileon.es\/tULEctura\/2014\/02\/11\/david-g-panadero-recomienda-leer\/#article","isPartOf":{"@id":"https:\/\/bibliotecas.unileon.es\/tULEctura\/2014\/02\/11\/david-g-panadero-recomienda-leer\/"},"author":{"name":"tULEctura","@id":"https:\/\/bibliotecas.unileon.es\/tULEctura\/#\/schema\/person\/c8977b10c1fdf7d1dab5629f08287597"},"headline":"David G. Panadero recomienda leer&#8230;","datePublished":"2014-02-11T06:00:18+00:00","mainEntityOfPage":{"@id":"https:\/\/bibliotecas.unileon.es\/tULEctura\/2014\/02\/11\/david-g-panadero-recomienda-leer\/"},"wordCount":500,"commentCount":0,"publisher":{"@id":"https:\/\/bibliotecas.unileon.es\/tULEctura\/#organization"},"image":{"@id":"https:\/\/bibliotecas.unileon.es\/tULEctura\/2014\/02\/11\/david-g-panadero-recomienda-leer\/#primaryimage"},"thumbnailUrl":"http:\/\/bibliotecas.unileon.es\/tULEctura\/files\/2014\/01\/davidgpanadero.jpg","keywords":["David G. Panadero"],"articleSection":["recomendaciones de los sabios"],"inLanguage":"es","potentialAction":[{"@type":"CommentAction","name":"Comment","target":["https:\/\/bibliotecas.unileon.es\/tULEctura\/2014\/02\/11\/david-g-panadero-recomienda-leer\/#respond"]}]},{"@type":"WebPage","@id":"https:\/\/bibliotecas.unileon.es\/tULEctura\/2014\/02\/11\/david-g-panadero-recomienda-leer\/","url":"https:\/\/bibliotecas.unileon.es\/tULEctura\/2014\/02\/11\/david-g-panadero-recomienda-leer\/","name":"David G. Panadero recomienda leer... - tULEctura","isPartOf":{"@id":"https:\/\/bibliotecas.unileon.es\/tULEctura\/#website"},"primaryImageOfPage":{"@id":"https:\/\/bibliotecas.unileon.es\/tULEctura\/2014\/02\/11\/david-g-panadero-recomienda-leer\/#primaryimage"},"image":{"@id":"https:\/\/bibliotecas.unileon.es\/tULEctura\/2014\/02\/11\/david-g-panadero-recomienda-leer\/#primaryimage"},"thumbnailUrl":"http:\/\/bibliotecas.unileon.es\/tULEctura\/files\/2014\/01\/davidgpanadero.jpg","datePublished":"2014-02-11T06:00:18+00:00","breadcrumb":{"@id":"https:\/\/bibliotecas.unileon.es\/tULEctura\/2014\/02\/11\/david-g-panadero-recomienda-leer\/#breadcrumb"},"inLanguage":"es","potentialAction":[{"@type":"ReadAction","target":["https:\/\/bibliotecas.unileon.es\/tULEctura\/2014\/02\/11\/david-g-panadero-recomienda-leer\/"]}]},{"@type":"ImageObject","inLanguage":"es","@id":"https:\/\/bibliotecas.unileon.es\/tULEctura\/2014\/02\/11\/david-g-panadero-recomienda-leer\/#primaryimage","url":"http:\/\/bibliotecas.unileon.es\/tULEctura\/files\/2014\/01\/davidgpanadero.jpg","contentUrl":"http:\/\/bibliotecas.unileon.es\/tULEctura\/files\/2014\/01\/davidgpanadero.jpg"},{"@type":"BreadcrumbList","@id":"https:\/\/bibliotecas.unileon.es\/tULEctura\/2014\/02\/11\/david-g-panadero-recomienda-leer\/#breadcrumb","itemListElement":[{"@type":"ListItem","position":1,"name":"Home","item":"https:\/\/bibliotecas.unileon.es\/tULEctura\/"},{"@type":"ListItem","position":2,"name":"David G. Panadero recomienda leer&#8230;"}]},{"@type":"WebSite","@id":"https:\/\/bibliotecas.unileon.es\/tULEctura\/#website","url":"https:\/\/bibliotecas.unileon.es\/tULEctura\/","name":"tULEctura","description":"Espacio de la Universidad de Le\u00f3n dedicado a la lectura","publisher":{"@id":"https:\/\/bibliotecas.unileon.es\/tULEctura\/#organization"},"potentialAction":[{"@type":"SearchAction","target":{"@type":"EntryPoint","urlTemplate":"https:\/\/bibliotecas.unileon.es\/tULEctura\/?s={search_term_string}"},"query-input":{"@type":"PropertyValueSpecification","valueRequired":true,"valueName":"search_term_string"}}],"inLanguage":"es"},{"@type":"Organization","@id":"https:\/\/bibliotecas.unileon.es\/tULEctura\/#organization","name":"Universidad de Le\u00f3n","url":"https:\/\/bibliotecas.unileon.es\/tULEctura\/","logo":{"@type":"ImageObject","inLanguage":"es","@id":"https:\/\/bibliotecas.unileon.es\/tULEctura\/#\/schema\/logo\/image\/","url":"https:\/\/bibliotecas.unileon.es\/tULEctura\/files\/2018\/08\/TULECTURA_LOGO1.png","contentUrl":"https:\/\/bibliotecas.unileon.es\/tULEctura\/files\/2018\/08\/TULECTURA_LOGO1.png","width":"960","height":"258","caption":"Universidad de Le\u00f3n"},"image":{"@id":"https:\/\/bibliotecas.unileon.es\/tULEctura\/#\/schema\/logo\/image\/"},"sameAs":["https:\/\/www.facebook.com\/tulectura.unileon\/","https:\/\/x.com\/tULEctura_ULE","https:\/\/www.instagram.com\/tulectura.unileon\/","https:\/\/www.pinterest.es\/tulectura\/","https:\/\/www.youtube.com\/channel\/UCoWaDD39lVlAQcOchwlTPVw"]},{"@type":"Person","@id":"https:\/\/bibliotecas.unileon.es\/tULEctura\/#\/schema\/person\/c8977b10c1fdf7d1dab5629f08287597","name":"tULEctura","image":{"@type":"ImageObject","inLanguage":"es","@id":"https:\/\/bibliotecas.unileon.es\/tULEctura\/#\/schema\/person\/image\/","url":"https:\/\/secure.gravatar.com\/avatar\/0333df4303886fb64623b9e9187f54a040d3d4a3ef64faa35cef06145923a9ab?s=96&d=mm&r=g","contentUrl":"https:\/\/secure.gravatar.com\/avatar\/0333df4303886fb64623b9e9187f54a040d3d4a3ef64faa35cef06145923a9ab?s=96&d=mm&r=g","caption":"tULEctura"},"url":"https:\/\/bibliotecas.unileon.es\/tULEctura\/author\/buua1\/"}]}},"_links":{"self":[{"href":"https:\/\/bibliotecas.unileon.es\/tULEctura\/wp-json\/wp\/v2\/posts\/1262","targetHints":{"allow":["GET"]}}],"collection":[{"href":"https:\/\/bibliotecas.unileon.es\/tULEctura\/wp-json\/wp\/v2\/posts"}],"about":[{"href":"https:\/\/bibliotecas.unileon.es\/tULEctura\/wp-json\/wp\/v2\/types\/post"}],"author":[{"embeddable":true,"href":"https:\/\/bibliotecas.unileon.es\/tULEctura\/wp-json\/wp\/v2\/users\/73"}],"replies":[{"embeddable":true,"href":"https:\/\/bibliotecas.unileon.es\/tULEctura\/wp-json\/wp\/v2\/comments?post=1262"}],"version-history":[{"count":1,"href":"https:\/\/bibliotecas.unileon.es\/tULEctura\/wp-json\/wp\/v2\/posts\/1262\/revisions"}],"predecessor-version":[{"id":1264,"href":"https:\/\/bibliotecas.unileon.es\/tULEctura\/wp-json\/wp\/v2\/posts\/1262\/revisions\/1264"}],"wp:attachment":[{"href":"https:\/\/bibliotecas.unileon.es\/tULEctura\/wp-json\/wp\/v2\/media?parent=1262"}],"wp:term":[{"taxonomy":"category","embeddable":true,"href":"https:\/\/bibliotecas.unileon.es\/tULEctura\/wp-json\/wp\/v2\/categories?post=1262"},{"taxonomy":"post_tag","embeddable":true,"href":"https:\/\/bibliotecas.unileon.es\/tULEctura\/wp-json\/wp\/v2\/tags?post=1262"}],"curies":[{"name":"wp","href":"https:\/\/api.w.org\/{rel}","templated":true}]}}