{"id":1753,"date":"2014-05-02T09:00:11","date_gmt":"2014-05-02T07:00:11","guid":{"rendered":"http:\/\/bibliotecas.unileon.es\/tULEctura\/?p=1753"},"modified":"2014-05-02T08:40:29","modified_gmt":"2014-05-02T06:40:29","slug":"esperanza-ortega-recomienda-leer","status":"publish","type":"post","link":"https:\/\/bibliotecas.unileon.es\/tULEctura\/2014\/05\/02\/esperanza-ortega-recomienda-leer\/","title":{"rendered":"Esperanza Ortega recomienda leer&#8230;"},"content":{"rendered":"<p style=\"text-align: justify;\" align=\"center\"><span style=\"line-height: 1.714285714; text-align: justify; font-size: 1rem;\">Esperanza Ortega (Palencia, 1953). ha publicado poes\u00eda y narrativa, adem\u00e1s de realizar antolog\u00edas y estudios cr\u00edticos, generalmente \u00a0en \u00a0el \u00a0\u00e1mbito \u00a0de \u00a0la \u00a0poes\u00eda \u00a0cl\u00e1sica \u00a0y \u00a0contempor\u00e1nea. Entre \u00a0sus \u00a0libros \u00a0de \u00a0poemas\u00a0sobresalen <\/span><i style=\"line-height: 1.714285714; text-align: justify; font-size: 1rem;\">Mudanza <\/i><span style=\"line-height: 1.714285714; text-align: justify; font-size: 1rem;\">(1994), <\/span><i style=\"line-height: 1.714285714; text-align: justify; font-size: 1rem;\">Hilo\u00a0 \u00a0solo <\/i><span style=\"line-height: 1.714285714; text-align: justify; font-size: 1rem;\">(Premio\u00a0 \u00a0Gil\u00a0 \u00a0de\u00a0 \u00a0Biedma,\u00a0 \u00a01995), <\/span><i style=\"line-height: 1.714285714; text-align: justify; font-size: 1rem;\">Como\u00a0 \u00a0si\u00a0 \u00a0fuera\u00a0 \u00a0una palabra <\/i><span style=\"line-height: 1.714285714; text-align: justify; font-size: 1rem;\">(2007) y <\/span><i style=\"line-height: 1.714285714; text-align: justify; font-size: 1rem;\">Poema de las cinco estaciones <\/i><span style=\"line-height: 1.714285714; text-align: justify; font-size: 1rem;\">(2007). Su \u00faltimo libro es la antolog\u00eda titulada <\/span><i style=\"line-height: 1.714285714; text-align: justify; font-size: 1rem;\">La mano sobre el papel <\/i><span style=\"line-height: 1.714285714; text-align: justify; font-size: 1rem;\">(2010).<a href=\"http:\/\/bibliotecas.unileon.es\/tULEctura\/files\/2014\/03\/esperanza-ortega.jpg\"><img loading=\"lazy\" decoding=\"async\" class=\"alignleft size-full wp-image-1754\" src=\"http:\/\/bibliotecas.unileon.es\/tULEctura\/files\/2014\/03\/esperanza-ortega.jpg\" alt=\"esperanza ortega\" width=\"300\" height=\"205\" \/><\/a><\/span><\/p>\n<p style=\"text-align: justify;\">Recibi\u00f3 el Premio Giner de los R\u00edos por su ensayo pedag\u00f3gico <i>El ba\u00fal volador <\/i>(1986) y, en el g\u00e9nero narrativo recibi\u00f3 el Premio Jauja de Cuentos por <i>El due\u00f1o de la Casa <\/i>(1994) y ha publicado\u00a0una biograf\u00eda novelada del poeta Garcilaso de la Vega (2003), adem\u00e1s de un libro de memorias de infancia que se titula <i>Las cosas como eran <\/i>(2009).<\/p>\n<p style=\"text-align: justify;\">Su \u00a0obra \u00a0aparece \u00a0en \u00a0numerosas \u00a0antolog\u00edas, \u00a0entre \u00a0las \u00a0que \u00a0destacan <i>Las \u00a0\u00ednsulas \u00a0extra\u00f1as. Antolog\u00eda de la poes\u00eda en lengua espa\u00f1ola (1950-2000) <\/i>y <i>Poes\u00eda hisp\u00e1nica contempor\u00e1nea, <\/i>ambas publicadas por Galaxia Gutemberg y C\u00edrculo de lectores. Actualmente es colaboradora habitual en la\u00a0secci\u00f3n \u00a0de \u00a0opini\u00f3n \u00a0de \u00a0El \u00a0Norte \u00a0de \u00a0Castilla \u00a0 <a href=\"http:\/\/blogs.elnortedecastilla.es\/cosas-como-son\/\" target=\"_blank\">Las cosas como son <\/a>\u00a0y \u00a0publica \u00a0en\u00a0distintas revistas literarias.<\/p>\n<p style=\"text-align: justify;\"><b>1. <a href=\"http:\/\/www.letraslibres.com\/revista\/libros\/el-olvido-que-seremos-de-hector-abad-faciolince\" target=\"_blank\"><i>El olvido que seremos<\/i><\/a>, de <a href=\"http:\/\/es.wikipedia.org\/wiki\/H%C3%A9ctor_Abad_Faciolince\" target=\"_blank\">H\u00e9ctor Abad Faciolince<\/a><\/b>. Seix Barral. Libro de memorias de infancia centrado en la figura del padre, asesinado por los sicarios colombianos. Un libro conmovedor y lleno de sabidur\u00eda que trasciende lo biogr\u00e1fico y costumbrista para convertirse en una obra de inter\u00e9s universal.<\/p>\n<p style=\"text-align: justify;\"><b>2. <a href=\"http:\/\/impedimenta.es\/media\/blogs\/libros\/capitulosPDF\/9788415130666.pdf\" class=\"mtli_attachment mtli_pdf\" target=\"_blank\"><i>El peque\u00f1o salvaje<\/i><\/a>, de <a href=\"http:\/\/www.tcboyle.com\/index.html\" target=\"_blank\">T. C. Boyle<\/a>. <\/b>Editorial Impedimenta. Novela breve en la que se cuenta la historia del ni\u00f1o salvaje encontrado en Francia sobre el que Truffaut realiz\u00f3 su <a href=\"http:\/\/es.wikipedia.org\/wiki\/El_peque%C3%B1o_salvaje\" target=\"_blank\">famosa pel\u00edcula.<\/a> Bas\u00e1ndose en el informe del pedagogo que trat\u00f3 de rehabilitarle tras haber vivido entre los lobos, T.C.Boyle escribe un relato que es una verdadera joya literaria.<\/p>\n<p style=\"text-align: justify;\"><b>3. <a href=\"http:\/\/bibliotecas.unileon.es\/tULEctura\/files\/2015\/03\/Nemirovsky-Irene-El-Baile.pdf\" class=\"mtli_attachment mtli_pdf\" target=\"_blank\"><i>El baile<\/i><\/a>, de <a href=\"http:\/\/es.wikipedia.org\/wiki\/Ir%C3%A8ne_N%C3%A9mirovsky\" target=\"_blank\">Ir\u00e9ne N\u00e8mirovsky<\/a><\/b>. Anagrama. La obra m\u00e1s perfecta de su autora. Nos presenta el conflicto de una nueva Cenicienta en un mundo en el que ya no existen ni la generosidad ni la inocencia. La soledad del adolescente, la competencia entre la madre autoritaria y la hija rebelde, la vida artificiosa y falsa de la burgues\u00eda financiera y, en definitiva, la hipocres\u00eda social que destruye las relaciones familiares aut\u00e9nticas son sus temas principales.<\/p>\n<p style=\"text-align: justify;\"><b>4. <a href=\"http:\/\/www.anagrama-ed.es\/PDF\/fragmentos\/NH_465.pdf\" class=\"mtli_attachment mtli_pdf\" target=\"_blank\"><i>Ojos que no ven<\/i><\/a>, de <a href=\"http:\/\/www.fronterad.com\/?q=blog\/35\" target=\"_blank\">Jos\u00e9 \u00c1ngel Gonz\u00e1lez S\u00e1inz<\/a>. <\/b>Anagrama. Aut\u00e9ntica literatura \u201cfuerte\u201d, lejos de la concepci\u00f3n de la novela como mero entretenimiento o producto de consumo. Ambientada en el Pa\u00eds\u00a0vasco, cuenta la historia de un emigrado de un pueblo castellano que sufre las consecuencias del terrorismo. Con una escritura impecable, esta novela es tan interesante desde el punto de vista \u00e9tico como est\u00e9tico.<\/p>\n<p style=\"text-align: justify;\"><b>5.<a href=\"http:\/\/www.tusquetseditores.com\/especiales\/capitulos\/lectura_tokioblues.pdf\" class=\"mtli_attachment mtli_pdf\" target=\"_blank\"> <i>Tokio Blues<\/i><\/a>, de <a href=\"http:\/\/www.tusquetseditores.com\/murakami\/sincolor\/\" target=\"_blank\">Haruki Murakami<\/a>. <\/b>Tusquets. La mejor novela de Murakami. Posee la frescura propia de las primeras obras. Ambientada en el Tokio actual, demuestra que las diferencias entre las\u00a0civilizaciones son \u00a0superficiales y \u00a0que \u00a0la \u00a0naturaleza siempre \u00a0se \u00a0desenvuelve entre \u00a0el \u00a0dolor \u00a0y \u00a0la esperanza. Novela de iniciaci\u00f3n del adolescente en un mundo dif\u00edcil, del que no se pueden formular las claves pero que exige de los j\u00f3venes una decisi\u00f3n tan dif\u00edcil como peligrosa.<\/p>\n","protected":false},"excerpt":{"rendered":"<p>Esperanza Ortega (Palencia, 1953). ha publicado poes\u00eda y narrativa, adem\u00e1s de realizar antolog\u00edas y estudios cr\u00edticos, generalmente \u00a0en \u00a0el \u00a0\u00e1mbito \u00a0de \u00a0la \u00a0poes\u00eda \u00a0cl\u00e1sica \u00a0y \u00a0contempor\u00e1nea. Entre \u00a0sus \u00a0libros \u00a0de \u00a0poemas\u00a0sobresalen Mudanza (1994), Hilo\u00a0 \u00a0solo (Premio\u00a0 \u00a0Gil\u00a0 \u00a0de\u00a0 \u00a0Biedma,\u00a0 \u00a01995), Como\u00a0 \u00a0si\u00a0 \u00a0fuera\u00a0 \u00a0una palabra (2007) y Poema de las cinco estaciones (2007). Su \u00faltimo [&hellip;]<\/p>\n","protected":false},"author":73,"featured_media":0,"comment_status":"open","ping_status":"open","sticky":false,"template":"","format":"standard","meta":{"_bbp_topic_count":0,"_bbp_reply_count":0,"_bbp_total_topic_count":0,"_bbp_total_reply_count":0,"_bbp_voice_count":0,"_bbp_anonymous_reply_count":0,"_bbp_topic_count_hidden":0,"_bbp_reply_count_hidden":0,"_bbp_forum_subforum_count":0,"_monsterinsights_skip_tracking":false,"_monsterinsights_sitenote_active":false,"_monsterinsights_sitenote_note":"","_monsterinsights_sitenote_category":0,"footnotes":""},"categories":[26],"tags":[119],"class_list":["post-1753","post","type-post","status-publish","format-standard","hentry","category-recomendaciones-de-los-sabios","tag-esperanza-ortega"],"yoast_head":"<!-- This site is optimized with the Yoast SEO plugin v25.8 - https:\/\/yoast.com\/wordpress\/plugins\/seo\/ -->\n<title>Esperanza Ortega recomienda leer... - tULEctura<\/title>\n<meta name=\"robots\" content=\"index, follow, max-snippet:-1, max-image-preview:large, max-video-preview:-1\" \/>\n<link rel=\"canonical\" href=\"https:\/\/bibliotecas.unileon.es\/tULEctura\/2014\/05\/02\/esperanza-ortega-recomienda-leer\/\" \/>\n<meta property=\"og:locale\" content=\"es_ES\" \/>\n<meta property=\"og:type\" content=\"article\" \/>\n<meta property=\"og:title\" content=\"Esperanza Ortega recomienda leer... - tULEctura\" \/>\n<meta property=\"og:description\" content=\"Esperanza Ortega (Palencia, 1953). ha publicado poes\u00eda y narrativa, adem\u00e1s de realizar antolog\u00edas y estudios cr\u00edticos, generalmente \u00a0en \u00a0el \u00a0\u00e1mbito \u00a0de \u00a0la \u00a0poes\u00eda \u00a0cl\u00e1sica \u00a0y \u00a0contempor\u00e1nea. Entre \u00a0sus \u00a0libros \u00a0de \u00a0poemas\u00a0sobresalen Mudanza (1994), Hilo\u00a0 \u00a0solo (Premio\u00a0 \u00a0Gil\u00a0 \u00a0de\u00a0 \u00a0Biedma,\u00a0 \u00a01995), Como\u00a0 \u00a0si\u00a0 \u00a0fuera\u00a0 \u00a0una palabra (2007) y Poema de las cinco estaciones (2007). Su \u00faltimo [&hellip;]\" \/>\n<meta property=\"og:url\" content=\"https:\/\/bibliotecas.unileon.es\/tULEctura\/2014\/05\/02\/esperanza-ortega-recomienda-leer\/\" \/>\n<meta property=\"og:site_name\" content=\"tULEctura\" \/>\n<meta property=\"article:publisher\" content=\"https:\/\/www.facebook.com\/tulectura.unileon\/\" \/>\n<meta property=\"article:published_time\" content=\"2014-05-02T07:00:11+00:00\" \/>\n<meta property=\"og:image\" content=\"https:\/\/bibliotecas.unileon.es\/tULEctura\/files\/2014\/03\/esperanza-ortega.jpg\" \/>\n\t<meta property=\"og:image:width\" content=\"300\" \/>\n\t<meta property=\"og:image:height\" content=\"205\" \/>\n\t<meta property=\"og:image:type\" content=\"image\/jpeg\" \/>\n<meta name=\"author\" content=\"tULEctura\" \/>\n<meta name=\"twitter:card\" content=\"summary_large_image\" \/>\n<meta name=\"twitter:creator\" content=\"@tULEctura_ULE\" \/>\n<meta name=\"twitter:site\" content=\"@tULEctura_ULE\" \/>\n<meta name=\"twitter:label1\" content=\"Escrito por\" \/>\n\t<meta name=\"twitter:data1\" content=\"tULEctura\" \/>\n\t<meta name=\"twitter:label2\" content=\"Tiempo de lectura\" \/>\n\t<meta name=\"twitter:data2\" content=\"3 minutos\" \/>\n<script type=\"application\/ld+json\" class=\"yoast-schema-graph\">{\"@context\":\"https:\/\/schema.org\",\"@graph\":[{\"@type\":\"Article\",\"@id\":\"https:\/\/bibliotecas.unileon.es\/tULEctura\/2014\/05\/02\/esperanza-ortega-recomienda-leer\/#article\",\"isPartOf\":{\"@id\":\"https:\/\/bibliotecas.unileon.es\/tULEctura\/2014\/05\/02\/esperanza-ortega-recomienda-leer\/\"},\"author\":{\"name\":\"tULEctura\",\"@id\":\"https:\/\/bibliotecas.unileon.es\/tULEctura\/#\/schema\/person\/c8977b10c1fdf7d1dab5629f08287597\"},\"headline\":\"Esperanza Ortega recomienda leer&#8230;\",\"datePublished\":\"2014-05-02T07:00:11+00:00\",\"mainEntityOfPage\":{\"@id\":\"https:\/\/bibliotecas.unileon.es\/tULEctura\/2014\/05\/02\/esperanza-ortega-recomienda-leer\/\"},\"wordCount\":554,\"commentCount\":0,\"publisher\":{\"@id\":\"https:\/\/bibliotecas.unileon.es\/tULEctura\/#organization\"},\"image\":{\"@id\":\"https:\/\/bibliotecas.unileon.es\/tULEctura\/2014\/05\/02\/esperanza-ortega-recomienda-leer\/#primaryimage\"},\"thumbnailUrl\":\"http:\/\/bibliotecas.unileon.es\/tULEctura\/files\/2014\/03\/esperanza-ortega.jpg\",\"keywords\":[\"Esperanza Ortega\"],\"articleSection\":[\"recomendaciones de los sabios\"],\"inLanguage\":\"es\",\"potentialAction\":[{\"@type\":\"CommentAction\",\"name\":\"Comment\",\"target\":[\"https:\/\/bibliotecas.unileon.es\/tULEctura\/2014\/05\/02\/esperanza-ortega-recomienda-leer\/#respond\"]}]},{\"@type\":\"WebPage\",\"@id\":\"https:\/\/bibliotecas.unileon.es\/tULEctura\/2014\/05\/02\/esperanza-ortega-recomienda-leer\/\",\"url\":\"https:\/\/bibliotecas.unileon.es\/tULEctura\/2014\/05\/02\/esperanza-ortega-recomienda-leer\/\",\"name\":\"Esperanza Ortega recomienda leer... - tULEctura\",\"isPartOf\":{\"@id\":\"https:\/\/bibliotecas.unileon.es\/tULEctura\/#website\"},\"primaryImageOfPage\":{\"@id\":\"https:\/\/bibliotecas.unileon.es\/tULEctura\/2014\/05\/02\/esperanza-ortega-recomienda-leer\/#primaryimage\"},\"image\":{\"@id\":\"https:\/\/bibliotecas.unileon.es\/tULEctura\/2014\/05\/02\/esperanza-ortega-recomienda-leer\/#primaryimage\"},\"thumbnailUrl\":\"http:\/\/bibliotecas.unileon.es\/tULEctura\/files\/2014\/03\/esperanza-ortega.jpg\",\"datePublished\":\"2014-05-02T07:00:11+00:00\",\"breadcrumb\":{\"@id\":\"https:\/\/bibliotecas.unileon.es\/tULEctura\/2014\/05\/02\/esperanza-ortega-recomienda-leer\/#breadcrumb\"},\"inLanguage\":\"es\",\"potentialAction\":[{\"@type\":\"ReadAction\",\"target\":[\"https:\/\/bibliotecas.unileon.es\/tULEctura\/2014\/05\/02\/esperanza-ortega-recomienda-leer\/\"]}]},{\"@type\":\"ImageObject\",\"inLanguage\":\"es\",\"@id\":\"https:\/\/bibliotecas.unileon.es\/tULEctura\/2014\/05\/02\/esperanza-ortega-recomienda-leer\/#primaryimage\",\"url\":\"http:\/\/bibliotecas.unileon.es\/tULEctura\/files\/2014\/03\/esperanza-ortega.jpg\",\"contentUrl\":\"http:\/\/bibliotecas.unileon.es\/tULEctura\/files\/2014\/03\/esperanza-ortega.jpg\"},{\"@type\":\"BreadcrumbList\",\"@id\":\"https:\/\/bibliotecas.unileon.es\/tULEctura\/2014\/05\/02\/esperanza-ortega-recomienda-leer\/#breadcrumb\",\"itemListElement\":[{\"@type\":\"ListItem\",\"position\":1,\"name\":\"Home\",\"item\":\"https:\/\/bibliotecas.unileon.es\/tULEctura\/\"},{\"@type\":\"ListItem\",\"position\":2,\"name\":\"Esperanza Ortega recomienda leer&#8230;\"}]},{\"@type\":\"WebSite\",\"@id\":\"https:\/\/bibliotecas.unileon.es\/tULEctura\/#website\",\"url\":\"https:\/\/bibliotecas.unileon.es\/tULEctura\/\",\"name\":\"tULEctura\",\"description\":\"Espacio de la Universidad de Le\u00f3n dedicado a la lectura\",\"publisher\":{\"@id\":\"https:\/\/bibliotecas.unileon.es\/tULEctura\/#organization\"},\"potentialAction\":[{\"@type\":\"SearchAction\",\"target\":{\"@type\":\"EntryPoint\",\"urlTemplate\":\"https:\/\/bibliotecas.unileon.es\/tULEctura\/?s={search_term_string}\"},\"query-input\":{\"@type\":\"PropertyValueSpecification\",\"valueRequired\":true,\"valueName\":\"search_term_string\"}}],\"inLanguage\":\"es\"},{\"@type\":\"Organization\",\"@id\":\"https:\/\/bibliotecas.unileon.es\/tULEctura\/#organization\",\"name\":\"Universidad de Le\u00f3n\",\"url\":\"https:\/\/bibliotecas.unileon.es\/tULEctura\/\",\"logo\":{\"@type\":\"ImageObject\",\"inLanguage\":\"es\",\"@id\":\"https:\/\/bibliotecas.unileon.es\/tULEctura\/#\/schema\/logo\/image\/\",\"url\":\"https:\/\/bibliotecas.unileon.es\/tULEctura\/files\/2018\/08\/TULECTURA_LOGO1.png\",\"contentUrl\":\"https:\/\/bibliotecas.unileon.es\/tULEctura\/files\/2018\/08\/TULECTURA_LOGO1.png\",\"width\":\"960\",\"height\":\"258\",\"caption\":\"Universidad de Le\u00f3n\"},\"image\":{\"@id\":\"https:\/\/bibliotecas.unileon.es\/tULEctura\/#\/schema\/logo\/image\/\"},\"sameAs\":[\"https:\/\/www.facebook.com\/tulectura.unileon\/\",\"https:\/\/x.com\/tULEctura_ULE\",\"https:\/\/www.instagram.com\/tulectura.unileon\/\",\"https:\/\/www.pinterest.es\/tulectura\/\",\"https:\/\/www.youtube.com\/channel\/UCoWaDD39lVlAQcOchwlTPVw\"]},{\"@type\":\"Person\",\"@id\":\"https:\/\/bibliotecas.unileon.es\/tULEctura\/#\/schema\/person\/c8977b10c1fdf7d1dab5629f08287597\",\"name\":\"tULEctura\",\"image\":{\"@type\":\"ImageObject\",\"inLanguage\":\"es\",\"@id\":\"https:\/\/bibliotecas.unileon.es\/tULEctura\/#\/schema\/person\/image\/\",\"url\":\"https:\/\/secure.gravatar.com\/avatar\/0333df4303886fb64623b9e9187f54a040d3d4a3ef64faa35cef06145923a9ab?s=96&d=mm&r=g\",\"contentUrl\":\"https:\/\/secure.gravatar.com\/avatar\/0333df4303886fb64623b9e9187f54a040d3d4a3ef64faa35cef06145923a9ab?s=96&d=mm&r=g\",\"caption\":\"tULEctura\"},\"url\":\"https:\/\/bibliotecas.unileon.es\/tULEctura\/author\/buua1\/\"}]}<\/script>\n<!-- \/ Yoast SEO plugin. -->","yoast_head_json":{"title":"Esperanza Ortega recomienda leer... - tULEctura","robots":{"index":"index","follow":"follow","max-snippet":"max-snippet:-1","max-image-preview":"max-image-preview:large","max-video-preview":"max-video-preview:-1"},"canonical":"https:\/\/bibliotecas.unileon.es\/tULEctura\/2014\/05\/02\/esperanza-ortega-recomienda-leer\/","og_locale":"es_ES","og_type":"article","og_title":"Esperanza Ortega recomienda leer... - tULEctura","og_description":"Esperanza Ortega (Palencia, 1953). ha publicado poes\u00eda y narrativa, adem\u00e1s de realizar antolog\u00edas y estudios cr\u00edticos, generalmente \u00a0en \u00a0el \u00a0\u00e1mbito \u00a0de \u00a0la \u00a0poes\u00eda \u00a0cl\u00e1sica \u00a0y \u00a0contempor\u00e1nea. Entre \u00a0sus \u00a0libros \u00a0de \u00a0poemas\u00a0sobresalen Mudanza (1994), Hilo\u00a0 \u00a0solo (Premio\u00a0 \u00a0Gil\u00a0 \u00a0de\u00a0 \u00a0Biedma,\u00a0 \u00a01995), Como\u00a0 \u00a0si\u00a0 \u00a0fuera\u00a0 \u00a0una palabra (2007) y Poema de las cinco estaciones (2007). Su \u00faltimo [&hellip;]","og_url":"https:\/\/bibliotecas.unileon.es\/tULEctura\/2014\/05\/02\/esperanza-ortega-recomienda-leer\/","og_site_name":"tULEctura","article_publisher":"https:\/\/www.facebook.com\/tulectura.unileon\/","article_published_time":"2014-05-02T07:00:11+00:00","og_image":[{"width":300,"height":205,"url":"https:\/\/bibliotecas.unileon.es\/tULEctura\/files\/2014\/03\/esperanza-ortega.jpg","type":"image\/jpeg"}],"author":"tULEctura","twitter_card":"summary_large_image","twitter_creator":"@tULEctura_ULE","twitter_site":"@tULEctura_ULE","twitter_misc":{"Escrito por":"tULEctura","Tiempo de lectura":"3 minutos"},"schema":{"@context":"https:\/\/schema.org","@graph":[{"@type":"Article","@id":"https:\/\/bibliotecas.unileon.es\/tULEctura\/2014\/05\/02\/esperanza-ortega-recomienda-leer\/#article","isPartOf":{"@id":"https:\/\/bibliotecas.unileon.es\/tULEctura\/2014\/05\/02\/esperanza-ortega-recomienda-leer\/"},"author":{"name":"tULEctura","@id":"https:\/\/bibliotecas.unileon.es\/tULEctura\/#\/schema\/person\/c8977b10c1fdf7d1dab5629f08287597"},"headline":"Esperanza Ortega recomienda leer&#8230;","datePublished":"2014-05-02T07:00:11+00:00","mainEntityOfPage":{"@id":"https:\/\/bibliotecas.unileon.es\/tULEctura\/2014\/05\/02\/esperanza-ortega-recomienda-leer\/"},"wordCount":554,"commentCount":0,"publisher":{"@id":"https:\/\/bibliotecas.unileon.es\/tULEctura\/#organization"},"image":{"@id":"https:\/\/bibliotecas.unileon.es\/tULEctura\/2014\/05\/02\/esperanza-ortega-recomienda-leer\/#primaryimage"},"thumbnailUrl":"http:\/\/bibliotecas.unileon.es\/tULEctura\/files\/2014\/03\/esperanza-ortega.jpg","keywords":["Esperanza Ortega"],"articleSection":["recomendaciones de los sabios"],"inLanguage":"es","potentialAction":[{"@type":"CommentAction","name":"Comment","target":["https:\/\/bibliotecas.unileon.es\/tULEctura\/2014\/05\/02\/esperanza-ortega-recomienda-leer\/#respond"]}]},{"@type":"WebPage","@id":"https:\/\/bibliotecas.unileon.es\/tULEctura\/2014\/05\/02\/esperanza-ortega-recomienda-leer\/","url":"https:\/\/bibliotecas.unileon.es\/tULEctura\/2014\/05\/02\/esperanza-ortega-recomienda-leer\/","name":"Esperanza Ortega recomienda leer... - tULEctura","isPartOf":{"@id":"https:\/\/bibliotecas.unileon.es\/tULEctura\/#website"},"primaryImageOfPage":{"@id":"https:\/\/bibliotecas.unileon.es\/tULEctura\/2014\/05\/02\/esperanza-ortega-recomienda-leer\/#primaryimage"},"image":{"@id":"https:\/\/bibliotecas.unileon.es\/tULEctura\/2014\/05\/02\/esperanza-ortega-recomienda-leer\/#primaryimage"},"thumbnailUrl":"http:\/\/bibliotecas.unileon.es\/tULEctura\/files\/2014\/03\/esperanza-ortega.jpg","datePublished":"2014-05-02T07:00:11+00:00","breadcrumb":{"@id":"https:\/\/bibliotecas.unileon.es\/tULEctura\/2014\/05\/02\/esperanza-ortega-recomienda-leer\/#breadcrumb"},"inLanguage":"es","potentialAction":[{"@type":"ReadAction","target":["https:\/\/bibliotecas.unileon.es\/tULEctura\/2014\/05\/02\/esperanza-ortega-recomienda-leer\/"]}]},{"@type":"ImageObject","inLanguage":"es","@id":"https:\/\/bibliotecas.unileon.es\/tULEctura\/2014\/05\/02\/esperanza-ortega-recomienda-leer\/#primaryimage","url":"http:\/\/bibliotecas.unileon.es\/tULEctura\/files\/2014\/03\/esperanza-ortega.jpg","contentUrl":"http:\/\/bibliotecas.unileon.es\/tULEctura\/files\/2014\/03\/esperanza-ortega.jpg"},{"@type":"BreadcrumbList","@id":"https:\/\/bibliotecas.unileon.es\/tULEctura\/2014\/05\/02\/esperanza-ortega-recomienda-leer\/#breadcrumb","itemListElement":[{"@type":"ListItem","position":1,"name":"Home","item":"https:\/\/bibliotecas.unileon.es\/tULEctura\/"},{"@type":"ListItem","position":2,"name":"Esperanza Ortega recomienda leer&#8230;"}]},{"@type":"WebSite","@id":"https:\/\/bibliotecas.unileon.es\/tULEctura\/#website","url":"https:\/\/bibliotecas.unileon.es\/tULEctura\/","name":"tULEctura","description":"Espacio de la Universidad de Le\u00f3n dedicado a la lectura","publisher":{"@id":"https:\/\/bibliotecas.unileon.es\/tULEctura\/#organization"},"potentialAction":[{"@type":"SearchAction","target":{"@type":"EntryPoint","urlTemplate":"https:\/\/bibliotecas.unileon.es\/tULEctura\/?s={search_term_string}"},"query-input":{"@type":"PropertyValueSpecification","valueRequired":true,"valueName":"search_term_string"}}],"inLanguage":"es"},{"@type":"Organization","@id":"https:\/\/bibliotecas.unileon.es\/tULEctura\/#organization","name":"Universidad de Le\u00f3n","url":"https:\/\/bibliotecas.unileon.es\/tULEctura\/","logo":{"@type":"ImageObject","inLanguage":"es","@id":"https:\/\/bibliotecas.unileon.es\/tULEctura\/#\/schema\/logo\/image\/","url":"https:\/\/bibliotecas.unileon.es\/tULEctura\/files\/2018\/08\/TULECTURA_LOGO1.png","contentUrl":"https:\/\/bibliotecas.unileon.es\/tULEctura\/files\/2018\/08\/TULECTURA_LOGO1.png","width":"960","height":"258","caption":"Universidad de Le\u00f3n"},"image":{"@id":"https:\/\/bibliotecas.unileon.es\/tULEctura\/#\/schema\/logo\/image\/"},"sameAs":["https:\/\/www.facebook.com\/tulectura.unileon\/","https:\/\/x.com\/tULEctura_ULE","https:\/\/www.instagram.com\/tulectura.unileon\/","https:\/\/www.pinterest.es\/tulectura\/","https:\/\/www.youtube.com\/channel\/UCoWaDD39lVlAQcOchwlTPVw"]},{"@type":"Person","@id":"https:\/\/bibliotecas.unileon.es\/tULEctura\/#\/schema\/person\/c8977b10c1fdf7d1dab5629f08287597","name":"tULEctura","image":{"@type":"ImageObject","inLanguage":"es","@id":"https:\/\/bibliotecas.unileon.es\/tULEctura\/#\/schema\/person\/image\/","url":"https:\/\/secure.gravatar.com\/avatar\/0333df4303886fb64623b9e9187f54a040d3d4a3ef64faa35cef06145923a9ab?s=96&d=mm&r=g","contentUrl":"https:\/\/secure.gravatar.com\/avatar\/0333df4303886fb64623b9e9187f54a040d3d4a3ef64faa35cef06145923a9ab?s=96&d=mm&r=g","caption":"tULEctura"},"url":"https:\/\/bibliotecas.unileon.es\/tULEctura\/author\/buua1\/"}]}},"_links":{"self":[{"href":"https:\/\/bibliotecas.unileon.es\/tULEctura\/wp-json\/wp\/v2\/posts\/1753","targetHints":{"allow":["GET"]}}],"collection":[{"href":"https:\/\/bibliotecas.unileon.es\/tULEctura\/wp-json\/wp\/v2\/posts"}],"about":[{"href":"https:\/\/bibliotecas.unileon.es\/tULEctura\/wp-json\/wp\/v2\/types\/post"}],"author":[{"embeddable":true,"href":"https:\/\/bibliotecas.unileon.es\/tULEctura\/wp-json\/wp\/v2\/users\/73"}],"replies":[{"embeddable":true,"href":"https:\/\/bibliotecas.unileon.es\/tULEctura\/wp-json\/wp\/v2\/comments?post=1753"}],"version-history":[{"count":1,"href":"https:\/\/bibliotecas.unileon.es\/tULEctura\/wp-json\/wp\/v2\/posts\/1753\/revisions"}],"predecessor-version":[{"id":2001,"href":"https:\/\/bibliotecas.unileon.es\/tULEctura\/wp-json\/wp\/v2\/posts\/1753\/revisions\/2001"}],"wp:attachment":[{"href":"https:\/\/bibliotecas.unileon.es\/tULEctura\/wp-json\/wp\/v2\/media?parent=1753"}],"wp:term":[{"taxonomy":"category","embeddable":true,"href":"https:\/\/bibliotecas.unileon.es\/tULEctura\/wp-json\/wp\/v2\/categories?post=1753"},{"taxonomy":"post_tag","embeddable":true,"href":"https:\/\/bibliotecas.unileon.es\/tULEctura\/wp-json\/wp\/v2\/tags?post=1753"}],"curies":[{"name":"wp","href":"https:\/\/api.w.org\/{rel}","templated":true}]}}