{"id":1924,"date":"2015-02-14T07:00:15","date_gmt":"2015-02-14T06:00:15","guid":{"rendered":"http:\/\/bibliotecas.unileon.es\/tULEctura\/?p=1924"},"modified":"2021-02-10T22:12:48","modified_gmt":"2021-02-10T21:12:48","slug":"cuando-se-ligaba-leyendo-fernando-iwasaki","status":"publish","type":"post","link":"https:\/\/bibliotecas.unileon.es\/tULEctura\/2015\/02\/14\/cuando-se-ligaba-leyendo-fernando-iwasaki\/","title":{"rendered":"Feliz d\u00eda de San Valent\u00edn 2015. Cuando se ligaba leyendo, de Fernando Iwasaki."},"content":{"rendered":"<p>&nbsp;<\/p>\n<p style=\"text-align: center;\"><strong>\u00bfTe gusta celebrar el d\u00eda de San Valent\u00edn?<\/strong><\/p>\n<p style=\"text-align: justify;\">\u00bfEres de los que piensan que m\u00e1s que una fiesta para los amores es una fiesta para las compras? \u00bfTe mueres por recibir una rosa envuelta en celof\u00e1n \u00a0o te espanta ver llegar a tu amor\u00a0con su sonrisa m\u00e1s boba y cuarto y mitad de flores, que parece que las ha comprado al peso? \u00bfTe mata la presi\u00f3n de saber que tienes que ponerte en \u00abmodo rom\u00e1ntico\u00bb cuando, sin caer en lo\u00a0borde, lo tuyo es <a href=\"http:\/\/www.planetadelibros.com\/pdf\/la_delicadeza_20_pags.pdf\" class=\"mtli_attachment mtli_pdf\" target=\"_blank\" rel=\"noopener\">la delicadeza<\/a>\u00a0sin melindres? \u00bfMadrugas (y trasnochas) para que te dure m\u00e1s este d\u00eda o no sabes d\u00f3nde esconderte hasta que den las doce campanadas y pase el peligro?<\/p>\n<p style=\"text-align: justify;\">Sea como sea, si has llegado a esta p\u00e1gina, lo \u00a0seguro es que te gusta la lectura. Y para celebrar de forma apropiada el siempre gozoso entretenimiento del galanteo, te proponemos un texto de Fernando Iwasaki en el que libros, mujeres y amor\u00a0m\u00e1s que de la mano van, como hoy corresponde, \u00a0abrazados.<\/p>\n<p><a href=\"http:\/\/bibliotecas.unileon.es\/tULEctura\/files\/2015\/09\/Lorenzo-Mattotti.jpg\"><img loading=\"lazy\" decoding=\"async\" class=\"alignright wp-image-2960 \" src=\"http:\/\/bibliotecas.unileon.es\/tULEctura\/files\/2015\/09\/Lorenzo-Mattotti.jpg\" alt=\"Lorenzo Mattotti\" width=\"330\" height=\"385\" srcset=\"https:\/\/bibliotecas.unileon.es\/tULEctura\/files\/2015\/09\/Lorenzo-Mattotti.jpg 340w, https:\/\/bibliotecas.unileon.es\/tULEctura\/files\/2015\/09\/Lorenzo-Mattotti-256x300.jpg 256w\" sizes=\"auto, (max-width: 330px) 100vw, 330px\" \/><\/a><\/p>\n<blockquote>\n<p style=\"text-align: center;\">Cuando se ligaba leyendo,<\/p>\n<p style=\"text-align: center;\">de Fernando Iwasaki<\/p>\n<p style=\"text-align: justify;\">Es verdad.\u00a0Hubo un tiempo glorioso en el que los libros, la lectura, el conocimiento y los idiomas provocaron un efecto afrodis\u00edaco en una generaci\u00f3n de mujeres sensibles, inteligentes y bellas que hoy tienen entre 40 y 50 a\u00f1os. Y no es que las mujeres menores de 40 ya no sean sensibles, inteligentes y bellas, sino que ahora las mujeres saben que la mayor\u00eda de los hombres no pasa del suplemento de deportes y por eso no hay t\u00edo que aguante dos rounds de vis-\u00e1-vis literario con una t\u00eda. Pero en los a\u00f1os 70 no era as\u00ed, y uno se conmueve al recordarlo.<\/p>\n<p style=\"text-align: justify;\">Yo entr\u00e9 a la universidad en 1978 y -a punto de cumplir los diecisiete- alcanc\u00e9 a estudiar con las \u00faltimas chicas que todav\u00eda cre\u00edan en el \u00abhombre ilustrado\u00bb. A mi favor estaba que yo le\u00eda much\u00edsimo y en contra ten\u00eda que todas eran mayores que yo. Pero entonces uno era optimista y cuanto m\u00e1s adulta e inalcanzable era la chica de mis sue\u00f1os, m\u00e1s densos y enrevesados eran los libros que devoraba en vano, porque nadie me advirti\u00f3 que una cosa era parecer interesante y otra muy distinta resultar rar\u00edsimo.<\/p>\n<p style=\"text-align: justify;\">A fines de los 70 era inimaginable ligar presumiendo de borrico, pues el m\u00ednimo exigible a un manganz\u00f3n en edad de merecer supon\u00eda Cien a\u00f1os de soledad, Historias de cronopios y de famas, El arte de amar de Erich Fromm, ciertas nociones de Marx y cualquier pel\u00edcula de Fellini. \u00bfQui\u00e9n no ha formado parte de alg\u00fan c\u00edrculo de estudios durante los a\u00f1os 70? Y es que en los c\u00edrculos de estudios se ligaba m\u00e1s que en las convivencias, porque las chicas eran la mar de intelectuales y s\u00f3lo se fijaban en eso:\u00a0&#8211; \u00bfSab\u00edas que Fulanito tiene una bien gorda?- Ser\u00e1 el Ulises de Joyce.\u00a0&#8211; Yo creo que es Guerra y Paz.\u00a0Las chicas de los 70 me hicieron leer El Principito, Juan Salvador Gaviota, El viejo y el mar, Cartas a un joven poeta y todos los pensamientos de Khalil Gilbran, antes de cumplir los 15. Para impresionar a las chicas de los 70 tuve que leer a Freud, Althusser, Gramsci, Neruda y Carpentier antes de llegar a los 18. Para seducir a las chicas de los 70 me hice especialista en Borges, Tolstoi, Nietzsche y Mircea El\u00edade sin haber cumplido los 21.<\/p>\n<p style=\"text-align: justify;\">Menos mal que ninguna me hizo caso porque entonces hoy ser\u00eda un ignorante.Muchos contempor\u00e1neos m\u00edos presumen <a href=\"http:\/\/bibliotecas.unileon.es\/tULEctura\/files\/2015\/09\/Lorenzo-Mattotti-2.jpg\"><img loading=\"lazy\" decoding=\"async\" class=\" wp-image-2963 alignleft\" src=\"http:\/\/bibliotecas.unileon.es\/tULEctura\/files\/2015\/09\/Lorenzo-Mattotti-2.jpg\" alt=\"Lorenzo Mattotti 2\" width=\"312\" height=\"442\" srcset=\"https:\/\/bibliotecas.unileon.es\/tULEctura\/files\/2015\/09\/Lorenzo-Mattotti-2.jpg 434w, https:\/\/bibliotecas.unileon.es\/tULEctura\/files\/2015\/09\/Lorenzo-Mattotti-2-212x300.jpg 212w\" sizes=\"auto, (max-width: 312px) 100vw, 312px\" \/><\/a>de disfrutar de una segunda\u00a0juventud al lado de chicas m\u00e1s j\u00f3venes y hermosas.\u00a0Puede que sean m\u00e1s j\u00f3venes pero no m\u00e1s hermosas, porque las chicas m\u00e1s bonitas siguen siendo las mujeres de mi edad. Las \u00fanicas mujeres de las que me he enamorado siempre a trav\u00e9s de sus conversaciones, sus ideales y sus reivindicaciones. Las \u00fanicas chicas que comparten conmigo melancol\u00edas, canciones y lecturas. Gracias a ellas puedo escribir una autobiograf\u00eda y no una \u00abautoviagraf\u00eda\u00bb, porque ellas me ense\u00f1aron a so\u00f1ar, a vivir y a leer.<\/p>\n<p style=\"text-align: justify;\">Aquellos fueron unos a\u00f1os m\u00e1gicos, maravillosos y emocionantes, porque la cultura y la belleza eran igual de conmovedoras para las chicas de los 70. Ellas quer\u00edan saber qu\u00e9 libros le\u00edamos y sus ojos relampagueaban sensuales cuando uno les hablaba de Poe, J\u00fcnger, Dum\u00e8zil o Lawrence Durrell.<\/p>\n<p style=\"text-align: justify;\">Por eso las mujeres que hoy tienen entre 40 y 50 son as\u00ed de tiernas, fuertes, brillantes, ilustradas y c\u00f3mplices. Y a m\u00ed, que me hechizaron en la juventud, me siguen fascinando en su plenitud.\u00bb<\/p>\n<p style=\"text-align: justify;\">\n<\/blockquote>\n<p style=\"text-align: left;\">Y si quieres, \u00a0te lo lee el autor&#8230;<\/p>\n<p><iframe loading=\"lazy\" src=\"https:\/\/www.youtube.com\/embed\/HGGHxKeLLHs\" width=\"560\" height=\"315\" frameborder=\"0\" allowfullscreen=\"allowfullscreen\"><\/iframe><\/p>\n","protected":false},"excerpt":{"rendered":"<p>&nbsp; \u00bfTe gusta celebrar el d\u00eda de San Valent\u00edn? \u00bfEres de los que piensan que m\u00e1s que una fiesta para los amores es una fiesta para las compras? \u00bfTe mueres por recibir una rosa envuelta en celof\u00e1n \u00a0o te espanta ver llegar a tu amor\u00a0con su sonrisa m\u00e1s boba y cuarto y mitad de flores, [&hellip;]<\/p>\n","protected":false},"author":73,"featured_media":0,"comment_status":"open","ping_status":"open","sticky":false,"template":"","format":"standard","meta":{"_bbp_topic_count":0,"_bbp_reply_count":0,"_bbp_total_topic_count":0,"_bbp_total_reply_count":0,"_bbp_voice_count":0,"_bbp_anonymous_reply_count":0,"_bbp_topic_count_hidden":0,"_bbp_reply_count_hidden":0,"_bbp_forum_subforum_count":0,"_monsterinsights_skip_tracking":false,"_monsterinsights_sitenote_active":false,"_monsterinsights_sitenote_note":"","_monsterinsights_sitenote_category":0,"footnotes":""},"categories":[75],"tags":[213,733,102,10,101],"class_list":["post-1924","post","type-post","status-publish","format-standard","hentry","category-de-todo-un-poco","tag-amor","tag-dia-de-los-enamorados","tag-fernando-iwasaki","tag-lectura","tag-san-valentin"],"yoast_head":"<!-- This site is optimized with the Yoast SEO plugin v25.8 - https:\/\/yoast.com\/wordpress\/plugins\/seo\/ -->\n<title>Feliz d\u00eda de San Valent\u00edn 2015. Cuando se ligaba leyendo, de Fernando Iwasaki. - tULEctura<\/title>\n<meta name=\"robots\" content=\"index, follow, max-snippet:-1, max-image-preview:large, max-video-preview:-1\" \/>\n<link rel=\"canonical\" href=\"https:\/\/bibliotecas.unileon.es\/tULEctura\/2015\/02\/14\/cuando-se-ligaba-leyendo-fernando-iwasaki\/\" \/>\n<meta property=\"og:locale\" content=\"es_ES\" \/>\n<meta property=\"og:type\" content=\"article\" \/>\n<meta property=\"og:title\" content=\"Feliz d\u00eda de San Valent\u00edn 2015. Cuando se ligaba leyendo, de Fernando Iwasaki. - tULEctura\" \/>\n<meta property=\"og:description\" content=\"&nbsp; \u00bfTe gusta celebrar el d\u00eda de San Valent\u00edn? \u00bfEres de los que piensan que m\u00e1s que una fiesta para los amores es una fiesta para las compras? \u00bfTe mueres por recibir una rosa envuelta en celof\u00e1n \u00a0o te espanta ver llegar a tu amor\u00a0con su sonrisa m\u00e1s boba y cuarto y mitad de flores, [&hellip;]\" \/>\n<meta property=\"og:url\" content=\"https:\/\/bibliotecas.unileon.es\/tULEctura\/2015\/02\/14\/cuando-se-ligaba-leyendo-fernando-iwasaki\/\" \/>\n<meta property=\"og:site_name\" content=\"tULEctura\" \/>\n<meta property=\"article:publisher\" content=\"https:\/\/www.facebook.com\/tulectura.unileon\/\" \/>\n<meta property=\"article:published_time\" content=\"2015-02-14T06:00:15+00:00\" \/>\n<meta property=\"article:modified_time\" content=\"2021-02-10T21:12:48+00:00\" \/>\n<meta property=\"og:image\" content=\"http:\/\/bibliotecas.unileon.es\/tULEctura\/files\/2015\/09\/Lorenzo-Mattotti.jpg\" \/>\n<meta name=\"author\" content=\"tULEctura\" \/>\n<meta name=\"twitter:card\" content=\"summary_large_image\" \/>\n<meta name=\"twitter:creator\" content=\"@tULEctura_ULE\" \/>\n<meta name=\"twitter:site\" content=\"@tULEctura_ULE\" \/>\n<meta name=\"twitter:label1\" content=\"Escrito por\" \/>\n\t<meta name=\"twitter:data1\" content=\"tULEctura\" \/>\n\t<meta name=\"twitter:label2\" content=\"Tiempo de lectura\" \/>\n\t<meta name=\"twitter:data2\" content=\"4 minutos\" \/>\n<script type=\"application\/ld+json\" class=\"yoast-schema-graph\">{\"@context\":\"https:\/\/schema.org\",\"@graph\":[{\"@type\":\"Article\",\"@id\":\"https:\/\/bibliotecas.unileon.es\/tULEctura\/2015\/02\/14\/cuando-se-ligaba-leyendo-fernando-iwasaki\/#article\",\"isPartOf\":{\"@id\":\"https:\/\/bibliotecas.unileon.es\/tULEctura\/2015\/02\/14\/cuando-se-ligaba-leyendo-fernando-iwasaki\/\"},\"author\":{\"name\":\"tULEctura\",\"@id\":\"https:\/\/bibliotecas.unileon.es\/tULEctura\/#\/schema\/person\/c8977b10c1fdf7d1dab5629f08287597\"},\"headline\":\"Feliz d\u00eda de San Valent\u00edn 2015. Cuando se ligaba leyendo, de Fernando Iwasaki.\",\"datePublished\":\"2015-02-14T06:00:15+00:00\",\"dateModified\":\"2021-02-10T21:12:48+00:00\",\"mainEntityOfPage\":{\"@id\":\"https:\/\/bibliotecas.unileon.es\/tULEctura\/2015\/02\/14\/cuando-se-ligaba-leyendo-fernando-iwasaki\/\"},\"wordCount\":820,\"commentCount\":4,\"publisher\":{\"@id\":\"https:\/\/bibliotecas.unileon.es\/tULEctura\/#organization\"},\"image\":{\"@id\":\"https:\/\/bibliotecas.unileon.es\/tULEctura\/2015\/02\/14\/cuando-se-ligaba-leyendo-fernando-iwasaki\/#primaryimage\"},\"thumbnailUrl\":\"http:\/\/bibliotecas.unileon.es\/tULEctura\/files\/2015\/09\/Lorenzo-Mattotti.jpg\",\"keywords\":[\"amor\",\"D\u00eda de los enamorados\",\"Fernando Iwasaki\",\"lectura\",\"San Valent\u00edn\"],\"articleSection\":[\"De todo un poco\"],\"inLanguage\":\"es\",\"potentialAction\":[{\"@type\":\"CommentAction\",\"name\":\"Comment\",\"target\":[\"https:\/\/bibliotecas.unileon.es\/tULEctura\/2015\/02\/14\/cuando-se-ligaba-leyendo-fernando-iwasaki\/#respond\"]}]},{\"@type\":\"WebPage\",\"@id\":\"https:\/\/bibliotecas.unileon.es\/tULEctura\/2015\/02\/14\/cuando-se-ligaba-leyendo-fernando-iwasaki\/\",\"url\":\"https:\/\/bibliotecas.unileon.es\/tULEctura\/2015\/02\/14\/cuando-se-ligaba-leyendo-fernando-iwasaki\/\",\"name\":\"Feliz d\u00eda de San Valent\u00edn 2015. Cuando se ligaba leyendo, de Fernando Iwasaki. - tULEctura\",\"isPartOf\":{\"@id\":\"https:\/\/bibliotecas.unileon.es\/tULEctura\/#website\"},\"primaryImageOfPage\":{\"@id\":\"https:\/\/bibliotecas.unileon.es\/tULEctura\/2015\/02\/14\/cuando-se-ligaba-leyendo-fernando-iwasaki\/#primaryimage\"},\"image\":{\"@id\":\"https:\/\/bibliotecas.unileon.es\/tULEctura\/2015\/02\/14\/cuando-se-ligaba-leyendo-fernando-iwasaki\/#primaryimage\"},\"thumbnailUrl\":\"http:\/\/bibliotecas.unileon.es\/tULEctura\/files\/2015\/09\/Lorenzo-Mattotti.jpg\",\"datePublished\":\"2015-02-14T06:00:15+00:00\",\"dateModified\":\"2021-02-10T21:12:48+00:00\",\"breadcrumb\":{\"@id\":\"https:\/\/bibliotecas.unileon.es\/tULEctura\/2015\/02\/14\/cuando-se-ligaba-leyendo-fernando-iwasaki\/#breadcrumb\"},\"inLanguage\":\"es\",\"potentialAction\":[{\"@type\":\"ReadAction\",\"target\":[\"https:\/\/bibliotecas.unileon.es\/tULEctura\/2015\/02\/14\/cuando-se-ligaba-leyendo-fernando-iwasaki\/\"]}]},{\"@type\":\"ImageObject\",\"inLanguage\":\"es\",\"@id\":\"https:\/\/bibliotecas.unileon.es\/tULEctura\/2015\/02\/14\/cuando-se-ligaba-leyendo-fernando-iwasaki\/#primaryimage\",\"url\":\"https:\/\/bibliotecas.unileon.es\/tULEctura\/files\/2015\/09\/Lorenzo-Mattotti.jpg\",\"contentUrl\":\"https:\/\/bibliotecas.unileon.es\/tULEctura\/files\/2015\/09\/Lorenzo-Mattotti.jpg\",\"width\":340,\"height\":398},{\"@type\":\"BreadcrumbList\",\"@id\":\"https:\/\/bibliotecas.unileon.es\/tULEctura\/2015\/02\/14\/cuando-se-ligaba-leyendo-fernando-iwasaki\/#breadcrumb\",\"itemListElement\":[{\"@type\":\"ListItem\",\"position\":1,\"name\":\"Home\",\"item\":\"https:\/\/bibliotecas.unileon.es\/tULEctura\/\"},{\"@type\":\"ListItem\",\"position\":2,\"name\":\"Feliz d\u00eda de San Valent\u00edn 2015. Cuando se ligaba leyendo, de Fernando Iwasaki.\"}]},{\"@type\":\"WebSite\",\"@id\":\"https:\/\/bibliotecas.unileon.es\/tULEctura\/#website\",\"url\":\"https:\/\/bibliotecas.unileon.es\/tULEctura\/\",\"name\":\"tULEctura\",\"description\":\"Espacio de la Universidad de Le\u00f3n dedicado a la lectura\",\"publisher\":{\"@id\":\"https:\/\/bibliotecas.unileon.es\/tULEctura\/#organization\"},\"potentialAction\":[{\"@type\":\"SearchAction\",\"target\":{\"@type\":\"EntryPoint\",\"urlTemplate\":\"https:\/\/bibliotecas.unileon.es\/tULEctura\/?s={search_term_string}\"},\"query-input\":{\"@type\":\"PropertyValueSpecification\",\"valueRequired\":true,\"valueName\":\"search_term_string\"}}],\"inLanguage\":\"es\"},{\"@type\":\"Organization\",\"@id\":\"https:\/\/bibliotecas.unileon.es\/tULEctura\/#organization\",\"name\":\"Universidad de Le\u00f3n\",\"url\":\"https:\/\/bibliotecas.unileon.es\/tULEctura\/\",\"logo\":{\"@type\":\"ImageObject\",\"inLanguage\":\"es\",\"@id\":\"https:\/\/bibliotecas.unileon.es\/tULEctura\/#\/schema\/logo\/image\/\",\"url\":\"https:\/\/bibliotecas.unileon.es\/tULEctura\/files\/2018\/08\/TULECTURA_LOGO1.png\",\"contentUrl\":\"https:\/\/bibliotecas.unileon.es\/tULEctura\/files\/2018\/08\/TULECTURA_LOGO1.png\",\"width\":\"960\",\"height\":\"258\",\"caption\":\"Universidad de Le\u00f3n\"},\"image\":{\"@id\":\"https:\/\/bibliotecas.unileon.es\/tULEctura\/#\/schema\/logo\/image\/\"},\"sameAs\":[\"https:\/\/www.facebook.com\/tulectura.unileon\/\",\"https:\/\/x.com\/tULEctura_ULE\",\"https:\/\/www.instagram.com\/tulectura.unileon\/\",\"https:\/\/www.pinterest.es\/tulectura\/\",\"https:\/\/www.youtube.com\/channel\/UCoWaDD39lVlAQcOchwlTPVw\"]},{\"@type\":\"Person\",\"@id\":\"https:\/\/bibliotecas.unileon.es\/tULEctura\/#\/schema\/person\/c8977b10c1fdf7d1dab5629f08287597\",\"name\":\"tULEctura\",\"image\":{\"@type\":\"ImageObject\",\"inLanguage\":\"es\",\"@id\":\"https:\/\/bibliotecas.unileon.es\/tULEctura\/#\/schema\/person\/image\/\",\"url\":\"https:\/\/secure.gravatar.com\/avatar\/0333df4303886fb64623b9e9187f54a040d3d4a3ef64faa35cef06145923a9ab?s=96&d=mm&r=g\",\"contentUrl\":\"https:\/\/secure.gravatar.com\/avatar\/0333df4303886fb64623b9e9187f54a040d3d4a3ef64faa35cef06145923a9ab?s=96&d=mm&r=g\",\"caption\":\"tULEctura\"},\"url\":\"https:\/\/bibliotecas.unileon.es\/tULEctura\/author\/buua1\/\"}]}<\/script>\n<!-- \/ Yoast SEO plugin. -->","yoast_head_json":{"title":"Feliz d\u00eda de San Valent\u00edn 2015. Cuando se ligaba leyendo, de Fernando Iwasaki. - tULEctura","robots":{"index":"index","follow":"follow","max-snippet":"max-snippet:-1","max-image-preview":"max-image-preview:large","max-video-preview":"max-video-preview:-1"},"canonical":"https:\/\/bibliotecas.unileon.es\/tULEctura\/2015\/02\/14\/cuando-se-ligaba-leyendo-fernando-iwasaki\/","og_locale":"es_ES","og_type":"article","og_title":"Feliz d\u00eda de San Valent\u00edn 2015. Cuando se ligaba leyendo, de Fernando Iwasaki. - tULEctura","og_description":"&nbsp; \u00bfTe gusta celebrar el d\u00eda de San Valent\u00edn? \u00bfEres de los que piensan que m\u00e1s que una fiesta para los amores es una fiesta para las compras? \u00bfTe mueres por recibir una rosa envuelta en celof\u00e1n \u00a0o te espanta ver llegar a tu amor\u00a0con su sonrisa m\u00e1s boba y cuarto y mitad de flores, [&hellip;]","og_url":"https:\/\/bibliotecas.unileon.es\/tULEctura\/2015\/02\/14\/cuando-se-ligaba-leyendo-fernando-iwasaki\/","og_site_name":"tULEctura","article_publisher":"https:\/\/www.facebook.com\/tulectura.unileon\/","article_published_time":"2015-02-14T06:00:15+00:00","article_modified_time":"2021-02-10T21:12:48+00:00","og_image":[{"url":"http:\/\/bibliotecas.unileon.es\/tULEctura\/files\/2015\/09\/Lorenzo-Mattotti.jpg","type":"","width":"","height":""}],"author":"tULEctura","twitter_card":"summary_large_image","twitter_creator":"@tULEctura_ULE","twitter_site":"@tULEctura_ULE","twitter_misc":{"Escrito por":"tULEctura","Tiempo de lectura":"4 minutos"},"schema":{"@context":"https:\/\/schema.org","@graph":[{"@type":"Article","@id":"https:\/\/bibliotecas.unileon.es\/tULEctura\/2015\/02\/14\/cuando-se-ligaba-leyendo-fernando-iwasaki\/#article","isPartOf":{"@id":"https:\/\/bibliotecas.unileon.es\/tULEctura\/2015\/02\/14\/cuando-se-ligaba-leyendo-fernando-iwasaki\/"},"author":{"name":"tULEctura","@id":"https:\/\/bibliotecas.unileon.es\/tULEctura\/#\/schema\/person\/c8977b10c1fdf7d1dab5629f08287597"},"headline":"Feliz d\u00eda de San Valent\u00edn 2015. Cuando se ligaba leyendo, de Fernando Iwasaki.","datePublished":"2015-02-14T06:00:15+00:00","dateModified":"2021-02-10T21:12:48+00:00","mainEntityOfPage":{"@id":"https:\/\/bibliotecas.unileon.es\/tULEctura\/2015\/02\/14\/cuando-se-ligaba-leyendo-fernando-iwasaki\/"},"wordCount":820,"commentCount":4,"publisher":{"@id":"https:\/\/bibliotecas.unileon.es\/tULEctura\/#organization"},"image":{"@id":"https:\/\/bibliotecas.unileon.es\/tULEctura\/2015\/02\/14\/cuando-se-ligaba-leyendo-fernando-iwasaki\/#primaryimage"},"thumbnailUrl":"http:\/\/bibliotecas.unileon.es\/tULEctura\/files\/2015\/09\/Lorenzo-Mattotti.jpg","keywords":["amor","D\u00eda de los enamorados","Fernando Iwasaki","lectura","San Valent\u00edn"],"articleSection":["De todo un poco"],"inLanguage":"es","potentialAction":[{"@type":"CommentAction","name":"Comment","target":["https:\/\/bibliotecas.unileon.es\/tULEctura\/2015\/02\/14\/cuando-se-ligaba-leyendo-fernando-iwasaki\/#respond"]}]},{"@type":"WebPage","@id":"https:\/\/bibliotecas.unileon.es\/tULEctura\/2015\/02\/14\/cuando-se-ligaba-leyendo-fernando-iwasaki\/","url":"https:\/\/bibliotecas.unileon.es\/tULEctura\/2015\/02\/14\/cuando-se-ligaba-leyendo-fernando-iwasaki\/","name":"Feliz d\u00eda de San Valent\u00edn 2015. Cuando se ligaba leyendo, de Fernando Iwasaki. - tULEctura","isPartOf":{"@id":"https:\/\/bibliotecas.unileon.es\/tULEctura\/#website"},"primaryImageOfPage":{"@id":"https:\/\/bibliotecas.unileon.es\/tULEctura\/2015\/02\/14\/cuando-se-ligaba-leyendo-fernando-iwasaki\/#primaryimage"},"image":{"@id":"https:\/\/bibliotecas.unileon.es\/tULEctura\/2015\/02\/14\/cuando-se-ligaba-leyendo-fernando-iwasaki\/#primaryimage"},"thumbnailUrl":"http:\/\/bibliotecas.unileon.es\/tULEctura\/files\/2015\/09\/Lorenzo-Mattotti.jpg","datePublished":"2015-02-14T06:00:15+00:00","dateModified":"2021-02-10T21:12:48+00:00","breadcrumb":{"@id":"https:\/\/bibliotecas.unileon.es\/tULEctura\/2015\/02\/14\/cuando-se-ligaba-leyendo-fernando-iwasaki\/#breadcrumb"},"inLanguage":"es","potentialAction":[{"@type":"ReadAction","target":["https:\/\/bibliotecas.unileon.es\/tULEctura\/2015\/02\/14\/cuando-se-ligaba-leyendo-fernando-iwasaki\/"]}]},{"@type":"ImageObject","inLanguage":"es","@id":"https:\/\/bibliotecas.unileon.es\/tULEctura\/2015\/02\/14\/cuando-se-ligaba-leyendo-fernando-iwasaki\/#primaryimage","url":"https:\/\/bibliotecas.unileon.es\/tULEctura\/files\/2015\/09\/Lorenzo-Mattotti.jpg","contentUrl":"https:\/\/bibliotecas.unileon.es\/tULEctura\/files\/2015\/09\/Lorenzo-Mattotti.jpg","width":340,"height":398},{"@type":"BreadcrumbList","@id":"https:\/\/bibliotecas.unileon.es\/tULEctura\/2015\/02\/14\/cuando-se-ligaba-leyendo-fernando-iwasaki\/#breadcrumb","itemListElement":[{"@type":"ListItem","position":1,"name":"Home","item":"https:\/\/bibliotecas.unileon.es\/tULEctura\/"},{"@type":"ListItem","position":2,"name":"Feliz d\u00eda de San Valent\u00edn 2015. Cuando se ligaba leyendo, de Fernando Iwasaki."}]},{"@type":"WebSite","@id":"https:\/\/bibliotecas.unileon.es\/tULEctura\/#website","url":"https:\/\/bibliotecas.unileon.es\/tULEctura\/","name":"tULEctura","description":"Espacio de la Universidad de Le\u00f3n dedicado a la lectura","publisher":{"@id":"https:\/\/bibliotecas.unileon.es\/tULEctura\/#organization"},"potentialAction":[{"@type":"SearchAction","target":{"@type":"EntryPoint","urlTemplate":"https:\/\/bibliotecas.unileon.es\/tULEctura\/?s={search_term_string}"},"query-input":{"@type":"PropertyValueSpecification","valueRequired":true,"valueName":"search_term_string"}}],"inLanguage":"es"},{"@type":"Organization","@id":"https:\/\/bibliotecas.unileon.es\/tULEctura\/#organization","name":"Universidad de Le\u00f3n","url":"https:\/\/bibliotecas.unileon.es\/tULEctura\/","logo":{"@type":"ImageObject","inLanguage":"es","@id":"https:\/\/bibliotecas.unileon.es\/tULEctura\/#\/schema\/logo\/image\/","url":"https:\/\/bibliotecas.unileon.es\/tULEctura\/files\/2018\/08\/TULECTURA_LOGO1.png","contentUrl":"https:\/\/bibliotecas.unileon.es\/tULEctura\/files\/2018\/08\/TULECTURA_LOGO1.png","width":"960","height":"258","caption":"Universidad de Le\u00f3n"},"image":{"@id":"https:\/\/bibliotecas.unileon.es\/tULEctura\/#\/schema\/logo\/image\/"},"sameAs":["https:\/\/www.facebook.com\/tulectura.unileon\/","https:\/\/x.com\/tULEctura_ULE","https:\/\/www.instagram.com\/tulectura.unileon\/","https:\/\/www.pinterest.es\/tulectura\/","https:\/\/www.youtube.com\/channel\/UCoWaDD39lVlAQcOchwlTPVw"]},{"@type":"Person","@id":"https:\/\/bibliotecas.unileon.es\/tULEctura\/#\/schema\/person\/c8977b10c1fdf7d1dab5629f08287597","name":"tULEctura","image":{"@type":"ImageObject","inLanguage":"es","@id":"https:\/\/bibliotecas.unileon.es\/tULEctura\/#\/schema\/person\/image\/","url":"https:\/\/secure.gravatar.com\/avatar\/0333df4303886fb64623b9e9187f54a040d3d4a3ef64faa35cef06145923a9ab?s=96&d=mm&r=g","contentUrl":"https:\/\/secure.gravatar.com\/avatar\/0333df4303886fb64623b9e9187f54a040d3d4a3ef64faa35cef06145923a9ab?s=96&d=mm&r=g","caption":"tULEctura"},"url":"https:\/\/bibliotecas.unileon.es\/tULEctura\/author\/buua1\/"}]}},"_links":{"self":[{"href":"https:\/\/bibliotecas.unileon.es\/tULEctura\/wp-json\/wp\/v2\/posts\/1924","targetHints":{"allow":["GET"]}}],"collection":[{"href":"https:\/\/bibliotecas.unileon.es\/tULEctura\/wp-json\/wp\/v2\/posts"}],"about":[{"href":"https:\/\/bibliotecas.unileon.es\/tULEctura\/wp-json\/wp\/v2\/types\/post"}],"author":[{"embeddable":true,"href":"https:\/\/bibliotecas.unileon.es\/tULEctura\/wp-json\/wp\/v2\/users\/73"}],"replies":[{"embeddable":true,"href":"https:\/\/bibliotecas.unileon.es\/tULEctura\/wp-json\/wp\/v2\/comments?post=1924"}],"version-history":[{"count":0,"href":"https:\/\/bibliotecas.unileon.es\/tULEctura\/wp-json\/wp\/v2\/posts\/1924\/revisions"}],"wp:attachment":[{"href":"https:\/\/bibliotecas.unileon.es\/tULEctura\/wp-json\/wp\/v2\/media?parent=1924"}],"wp:term":[{"taxonomy":"category","embeddable":true,"href":"https:\/\/bibliotecas.unileon.es\/tULEctura\/wp-json\/wp\/v2\/categories?post=1924"},{"taxonomy":"post_tag","embeddable":true,"href":"https:\/\/bibliotecas.unileon.es\/tULEctura\/wp-json\/wp\/v2\/tags?post=1924"}],"curies":[{"name":"wp","href":"https:\/\/api.w.org\/{rel}","templated":true}]}}