{"id":1989,"date":"2014-05-01T07:00:43","date_gmt":"2014-05-01T05:00:43","guid":{"rendered":"http:\/\/bibliotecas.unileon.es\/tULEctura\/?p=1989"},"modified":"2014-04-29T15:51:14","modified_gmt":"2014-04-29T13:51:14","slug":"1-de-mayo-dia-internacional-del-trabajo","status":"publish","type":"post","link":"https:\/\/bibliotecas.unileon.es\/tULEctura\/2014\/05\/01\/1-de-mayo-dia-internacional-del-trabajo\/","title":{"rendered":"1 de mayo: D\u00eda internacional del trabajo"},"content":{"rendered":"<p style=\"text-align: center;\"><span style=\"color: #000000;\"><a href=\"http:\/\/bibliotecas.unileon.es\/tULEctura\/files\/2014\/04\/oficina.jpg\"><img loading=\"lazy\" decoding=\"async\" class=\"aligncenter size-full wp-image-1990\" src=\"http:\/\/bibliotecas.unileon.es\/tULEctura\/files\/2014\/04\/oficina.jpg\" alt=\"oficina\" width=\"553\" height=\"369\" srcset=\"https:\/\/bibliotecas.unileon.es\/tULEctura\/files\/2014\/04\/oficina.jpg 553w, https:\/\/bibliotecas.unileon.es\/tULEctura\/files\/2014\/04\/oficina-300x200.jpg 300w\" sizes=\"auto, (max-width: 553px) 100vw, 553px\" \/><\/a><strong>Balada de la oficina<\/strong><\/span><\/p>\n<p style=\"text-align: justify;\">Entra. No repares en el sol que dejas en la calle. \u00c9l est\u00e1 ca\u00eddo en la calle como una blanca mancha de cal. Est\u00e1 lamiendo ahora nuestra vereda; esta tarde se ir\u00e1 enfrente. No repares en el sol. Tienes el domingo para beb\u00e9rtelo todo y golosamente, como un vaso de rubia cerveza en una tarde de calor. Hoy, deja el perezoso y contemplativo sol en la calle. T\u00fa, entra. El sol no es serio. Entra. En la calle tambi\u00e9n est\u00e1 el viento. El viento que corre jugando con fantasmas. Fantasma \u00e9l tambi\u00e9n, pues no se ve con los ojos de la cara, y se lo siente. El viento est\u00e1 jugando; ya corriendo una loca carrera por en medio de la calle; ya golpe\u00e1ndose las sienes contra las paredes de las casas; ya deshil\u00e1ndose en las copas de los \u00e1rboles&#8230; f&#8230; f&#8230; f&#8230; f&#8230; El viento es juguet\u00f3n como un recental; esto no es serio. T\u00fa entra.<\/p>\n<p style=\"text-align: justify;\">Deja en la calle sol, viento, movimiento loco; t\u00fa, entra.<\/p>\n<p style=\"text-align: justify;\">\u00bfQu\u00e9 podr\u00edas hacer en la calle? \u00bfNo tienes verg\u00fcenza, est\u00fapido sentimental, regodearte con el sol como un anciano blanco, y esqueletoso, y centenario? \u00bfNo te humilla, en tu actual situaci\u00f3n de muchacho fornido, dejarte forrar por el viento como una hoja dentro de un remolino?<\/p>\n<p style=\"text-align: justify;\">\u00a1Y la lluvia! No te avergonzar\u00e9 record\u00e1ndote que los otros d\u00edas estuviste tres horas \u00a1tres horas!, contemplando tras la vidriera del caf\u00e9, caer y caer y caer, mon\u00f3tonamente, est\u00fapidamente, una larga, mon\u00f3tona y est\u00fapida lluvia. Entra, entra.<\/p>\n<p style=\"text-align: justify;\">Entra; penetra en mi vientre, que no es oscuro, porque, \u00a1mira cu\u00e1ntos Osram flechan sus luminosos ojos de azufre encendido como pupilas de gata! Penetra en mi carne, y estar\u00e1s resguardado contra el sol que quema, el viento que golpea, la lluvia que moja y el fr\u00edo que enferma.<\/p>\n<p style=\"text-align: justify;\">Entra; as\u00ed tendr\u00e1s la certeza \u2014que dar\u00e1 paz a tu esp\u00edritu\u2014 de obtener todos los d\u00edas pan para tu boca y para la boca de tus peque\u00f1uelos. \u00a1Tus peque\u00f1uelos, tus hijos, los hijos de tu carne y de tu alma y de la carne y del alma de la compa\u00f1era que hace contigo el camino! Yo dar\u00e9 para ellos pan y leche; no temas; mientras t\u00fa est\u00e9s en mi seno, y no desgarres las prescripciones que t\u00fa sabes, jam\u00e1s faltar\u00e1 a tus peque\u00f1uelos, \u00a1los pobres!, ni pan, ni leche, para sus \u00e1vidas bocas. Entra; acu\u00e9rdate de ellos; entra.<\/p>\n<p style=\"text-align: justify;\">Adem\u00e1s, cumplir\u00e1s con tu deber. Tu deber. \u00bfEntiendes? El trabajo no deshonra, sino que ennoblece. La Vida es un Deber. El hombre ha nacido para trabajar.<\/p>\n<p style=\"text-align: justify;\">Entra; urge trabajar. La vida moderna es complicada como una madeja con la que estuvo jugando un gato joven. Entra; siempre hay trabajo aqu\u00ed.<\/p>\n<p style=\"text-align: justify;\">No te aburrir\u00e1s; al contrario, encontrar\u00e1s con qu\u00e9 matizar tu vida. (Adem\u00e1s de que es tu Deber). Entra. Si\u00e9ntate. Trabaja. Son cuatro horas apenas. Cuatro horas. Pero, eso s\u00ed: nada de enga\u00f1ifas ni simulaciones ni sofisticaciones. \u00a1A trabajar! Si tu labor es limpia, exacta y voluntariosa \u2014voluntariosa sobre todo\u2014, los jefes te felicitar\u00e1n. T\u00fa est\u00e1s sano; puedes resistir estas cuatro horas. \u00bfHas visto c\u00f3mo las has resistido? Ahora vete a almorzar. Y vuelve a hora cabal, exacta, precisa, matem\u00e1tica. \u00a1Cuidado! Porque si todos se atrasaran, se derrumbar\u00eda la disciplina, y sin disciplina no puede existir nada serio. Otras cuatro horas al d\u00eda. Nadie se muere trabajando ocho horas diarias. T\u00fa mismo, dime: \u00bfno has estado remando el domingo once o doce horas, cansando los m\u00fasculos en una labor con el agua que me abstengo de calificar por el ning\u00fan remordimiento que se obtiene? \u00bfVes t\u00fa? \u00a1Y con inminente peligro de ahogarte! Yo s\u00f3lo te exijo ocho horas. Y te pago, te visto, te doy de comer. \u00a1No me lo agradezcas! Yo soy as\u00ed.<\/p>\n<p style=\"text-align: justify;\">Ahora vete contento. Has cumplido con tu Deber. Ve a tu casa. No te detengas en el camino. Hay que ser serio, honesto, sin vicios. Y vuelve ma\u00f1ana, y todos los d\u00edas durante 25 a\u00f1os; durante los 9.125 d\u00edas que llegues a m\u00ed, yo te abrir\u00e9 mi seno de madre; despu\u00e9s, si no te has muerto t\u00edsico, te dar\u00e9 la jubilaci\u00f3n.<\/p>\n<p style=\"text-align: justify;\">Entonces, gozar\u00e1s del sol, y al d\u00eda siguiente te morir\u00e1s. \u00a1Pero habr\u00e1s cumplido con tu Deber!<\/p>\n<p style=\"text-align: right;\"><strong style=\"color: #333333;\"><em>Cuentos de la oficina\u00a0<\/em><\/strong>(1925),<em>\u00a0<\/em><span style=\"color: #333333;\">de <a href=\"http:\/\/literaturarioplatense.blogspot.com.es\/2009\/06\/roberto-mariani.html\" target=\"_blank\">Roberto Mariani<\/a><\/span><\/p>\n<\/p>\n<p style=\"text-align: justify;\"><strong><a href=\"http:\/\/lema.rae.es\/drae\/?val=post+scriptum\" target=\"_blank\">Post Scr\u00edptum.<\/a>&#8211;<\/strong> Lo peor de todo es que ahora, casi 90 a\u00f1os despu\u00e9s de haber sido escrito el cuento, esa monoton\u00eda provocada por\u00a0el deber repetitivo que roba la energ\u00eda vital, se ha convertido en el mayor de los deseos para el\u00a0<a href=\"http:\/\/www.datosmacro.com\/paro\/espana\" target=\"_blank\">25,6% de la poblaci\u00f3n en Espa\u00f1a<\/a>.<\/p>\n","protected":false},"excerpt":{"rendered":"<p>Balada de la oficina Entra. No repares en el sol que dejas en la calle. \u00c9l est\u00e1 ca\u00eddo en la calle como una blanca mancha de cal. Est\u00e1 lamiendo ahora nuestra vereda; esta tarde se ir\u00e1 enfrente. No repares en el sol. Tienes el domingo para beb\u00e9rtelo todo y golosamente, como un vaso de rubia [&hellip;]<\/p>\n","protected":false},"author":73,"featured_media":0,"comment_status":"open","ping_status":"open","sticky":false,"template":"","format":"standard","meta":{"_bbp_topic_count":0,"_bbp_reply_count":0,"_bbp_total_topic_count":0,"_bbp_total_reply_count":0,"_bbp_voice_count":0,"_bbp_anonymous_reply_count":0,"_bbp_topic_count_hidden":0,"_bbp_reply_count_hidden":0,"_bbp_forum_subforum_count":0,"_monsterinsights_skip_tracking":false,"_monsterinsights_sitenote_active":false,"_monsterinsights_sitenote_note":"","_monsterinsights_sitenote_category":0,"footnotes":""},"categories":[75],"tags":[131,132],"class_list":["post-1989","post","type-post","status-publish","format-standard","hentry","category-de-todo-un-poco","tag-roberto-mariani","tag-trabajo"],"yoast_head":"<!-- This site is optimized with the Yoast SEO plugin v25.8 - https:\/\/yoast.com\/wordpress\/plugins\/seo\/ -->\n<title>1 de mayo: D\u00eda internacional del trabajo - tULEctura<\/title>\n<meta name=\"robots\" content=\"index, follow, max-snippet:-1, max-image-preview:large, max-video-preview:-1\" \/>\n<link rel=\"canonical\" href=\"https:\/\/bibliotecas.unileon.es\/tULEctura\/2014\/05\/01\/1-de-mayo-dia-internacional-del-trabajo\/\" \/>\n<meta property=\"og:locale\" content=\"es_ES\" \/>\n<meta property=\"og:type\" content=\"article\" \/>\n<meta property=\"og:title\" content=\"1 de mayo: D\u00eda internacional del trabajo - tULEctura\" \/>\n<meta property=\"og:description\" content=\"Balada de la oficina Entra. No repares en el sol que dejas en la calle. \u00c9l est\u00e1 ca\u00eddo en la calle como una blanca mancha de cal. Est\u00e1 lamiendo ahora nuestra vereda; esta tarde se ir\u00e1 enfrente. No repares en el sol. Tienes el domingo para beb\u00e9rtelo todo y golosamente, como un vaso de rubia [&hellip;]\" \/>\n<meta property=\"og:url\" content=\"https:\/\/bibliotecas.unileon.es\/tULEctura\/2014\/05\/01\/1-de-mayo-dia-internacional-del-trabajo\/\" \/>\n<meta property=\"og:site_name\" content=\"tULEctura\" \/>\n<meta property=\"article:publisher\" content=\"https:\/\/www.facebook.com\/tulectura.unileon\/\" \/>\n<meta property=\"article:published_time\" content=\"2014-05-01T05:00:43+00:00\" \/>\n<meta property=\"og:image\" content=\"https:\/\/bibliotecas.unileon.es\/tULEctura\/files\/2014\/04\/oficina.jpg\" \/>\n\t<meta property=\"og:image:width\" content=\"553\" \/>\n\t<meta property=\"og:image:height\" content=\"369\" \/>\n\t<meta property=\"og:image:type\" content=\"image\/jpeg\" \/>\n<meta name=\"author\" content=\"tULEctura\" \/>\n<meta name=\"twitter:card\" content=\"summary_large_image\" \/>\n<meta name=\"twitter:creator\" content=\"@tULEctura_ULE\" \/>\n<meta name=\"twitter:site\" content=\"@tULEctura_ULE\" \/>\n<meta name=\"twitter:label1\" content=\"Escrito por\" \/>\n\t<meta name=\"twitter:data1\" content=\"tULEctura\" \/>\n\t<meta name=\"twitter:label2\" content=\"Tiempo de lectura\" \/>\n\t<meta name=\"twitter:data2\" content=\"4 minutos\" \/>\n<script type=\"application\/ld+json\" class=\"yoast-schema-graph\">{\"@context\":\"https:\/\/schema.org\",\"@graph\":[{\"@type\":\"Article\",\"@id\":\"https:\/\/bibliotecas.unileon.es\/tULEctura\/2014\/05\/01\/1-de-mayo-dia-internacional-del-trabajo\/#article\",\"isPartOf\":{\"@id\":\"https:\/\/bibliotecas.unileon.es\/tULEctura\/2014\/05\/01\/1-de-mayo-dia-internacional-del-trabajo\/\"},\"author\":{\"name\":\"tULEctura\",\"@id\":\"https:\/\/bibliotecas.unileon.es\/tULEctura\/#\/schema\/person\/c8977b10c1fdf7d1dab5629f08287597\"},\"headline\":\"1 de mayo: D\u00eda internacional del trabajo\",\"datePublished\":\"2014-05-01T05:00:43+00:00\",\"mainEntityOfPage\":{\"@id\":\"https:\/\/bibliotecas.unileon.es\/tULEctura\/2014\/05\/01\/1-de-mayo-dia-internacional-del-trabajo\/\"},\"wordCount\":822,\"commentCount\":0,\"publisher\":{\"@id\":\"https:\/\/bibliotecas.unileon.es\/tULEctura\/#organization\"},\"image\":{\"@id\":\"https:\/\/bibliotecas.unileon.es\/tULEctura\/2014\/05\/01\/1-de-mayo-dia-internacional-del-trabajo\/#primaryimage\"},\"thumbnailUrl\":\"http:\/\/bibliotecas.unileon.es\/tULEctura\/files\/2014\/04\/oficina.jpg\",\"keywords\":[\"Roberto Mariani\",\"trabajo\"],\"articleSection\":[\"De todo un poco\"],\"inLanguage\":\"es\",\"potentialAction\":[{\"@type\":\"CommentAction\",\"name\":\"Comment\",\"target\":[\"https:\/\/bibliotecas.unileon.es\/tULEctura\/2014\/05\/01\/1-de-mayo-dia-internacional-del-trabajo\/#respond\"]}]},{\"@type\":\"WebPage\",\"@id\":\"https:\/\/bibliotecas.unileon.es\/tULEctura\/2014\/05\/01\/1-de-mayo-dia-internacional-del-trabajo\/\",\"url\":\"https:\/\/bibliotecas.unileon.es\/tULEctura\/2014\/05\/01\/1-de-mayo-dia-internacional-del-trabajo\/\",\"name\":\"1 de mayo: D\u00eda internacional del trabajo - tULEctura\",\"isPartOf\":{\"@id\":\"https:\/\/bibliotecas.unileon.es\/tULEctura\/#website\"},\"primaryImageOfPage\":{\"@id\":\"https:\/\/bibliotecas.unileon.es\/tULEctura\/2014\/05\/01\/1-de-mayo-dia-internacional-del-trabajo\/#primaryimage\"},\"image\":{\"@id\":\"https:\/\/bibliotecas.unileon.es\/tULEctura\/2014\/05\/01\/1-de-mayo-dia-internacional-del-trabajo\/#primaryimage\"},\"thumbnailUrl\":\"http:\/\/bibliotecas.unileon.es\/tULEctura\/files\/2014\/04\/oficina.jpg\",\"datePublished\":\"2014-05-01T05:00:43+00:00\",\"breadcrumb\":{\"@id\":\"https:\/\/bibliotecas.unileon.es\/tULEctura\/2014\/05\/01\/1-de-mayo-dia-internacional-del-trabajo\/#breadcrumb\"},\"inLanguage\":\"es\",\"potentialAction\":[{\"@type\":\"ReadAction\",\"target\":[\"https:\/\/bibliotecas.unileon.es\/tULEctura\/2014\/05\/01\/1-de-mayo-dia-internacional-del-trabajo\/\"]}]},{\"@type\":\"ImageObject\",\"inLanguage\":\"es\",\"@id\":\"https:\/\/bibliotecas.unileon.es\/tULEctura\/2014\/05\/01\/1-de-mayo-dia-internacional-del-trabajo\/#primaryimage\",\"url\":\"http:\/\/bibliotecas.unileon.es\/tULEctura\/files\/2014\/04\/oficina.jpg\",\"contentUrl\":\"http:\/\/bibliotecas.unileon.es\/tULEctura\/files\/2014\/04\/oficina.jpg\"},{\"@type\":\"BreadcrumbList\",\"@id\":\"https:\/\/bibliotecas.unileon.es\/tULEctura\/2014\/05\/01\/1-de-mayo-dia-internacional-del-trabajo\/#breadcrumb\",\"itemListElement\":[{\"@type\":\"ListItem\",\"position\":1,\"name\":\"Home\",\"item\":\"https:\/\/bibliotecas.unileon.es\/tULEctura\/\"},{\"@type\":\"ListItem\",\"position\":2,\"name\":\"1 de mayo: D\u00eda internacional del trabajo\"}]},{\"@type\":\"WebSite\",\"@id\":\"https:\/\/bibliotecas.unileon.es\/tULEctura\/#website\",\"url\":\"https:\/\/bibliotecas.unileon.es\/tULEctura\/\",\"name\":\"tULEctura\",\"description\":\"Espacio de la Universidad de Le\u00f3n dedicado a la lectura\",\"publisher\":{\"@id\":\"https:\/\/bibliotecas.unileon.es\/tULEctura\/#organization\"},\"potentialAction\":[{\"@type\":\"SearchAction\",\"target\":{\"@type\":\"EntryPoint\",\"urlTemplate\":\"https:\/\/bibliotecas.unileon.es\/tULEctura\/?s={search_term_string}\"},\"query-input\":{\"@type\":\"PropertyValueSpecification\",\"valueRequired\":true,\"valueName\":\"search_term_string\"}}],\"inLanguage\":\"es\"},{\"@type\":\"Organization\",\"@id\":\"https:\/\/bibliotecas.unileon.es\/tULEctura\/#organization\",\"name\":\"Universidad de Le\u00f3n\",\"url\":\"https:\/\/bibliotecas.unileon.es\/tULEctura\/\",\"logo\":{\"@type\":\"ImageObject\",\"inLanguage\":\"es\",\"@id\":\"https:\/\/bibliotecas.unileon.es\/tULEctura\/#\/schema\/logo\/image\/\",\"url\":\"https:\/\/bibliotecas.unileon.es\/tULEctura\/files\/2018\/08\/TULECTURA_LOGO1.png\",\"contentUrl\":\"https:\/\/bibliotecas.unileon.es\/tULEctura\/files\/2018\/08\/TULECTURA_LOGO1.png\",\"width\":\"960\",\"height\":\"258\",\"caption\":\"Universidad de Le\u00f3n\"},\"image\":{\"@id\":\"https:\/\/bibliotecas.unileon.es\/tULEctura\/#\/schema\/logo\/image\/\"},\"sameAs\":[\"https:\/\/www.facebook.com\/tulectura.unileon\/\",\"https:\/\/x.com\/tULEctura_ULE\",\"https:\/\/www.instagram.com\/tulectura.unileon\/\",\"https:\/\/www.pinterest.es\/tulectura\/\",\"https:\/\/www.youtube.com\/channel\/UCoWaDD39lVlAQcOchwlTPVw\"]},{\"@type\":\"Person\",\"@id\":\"https:\/\/bibliotecas.unileon.es\/tULEctura\/#\/schema\/person\/c8977b10c1fdf7d1dab5629f08287597\",\"name\":\"tULEctura\",\"image\":{\"@type\":\"ImageObject\",\"inLanguage\":\"es\",\"@id\":\"https:\/\/bibliotecas.unileon.es\/tULEctura\/#\/schema\/person\/image\/\",\"url\":\"https:\/\/secure.gravatar.com\/avatar\/0333df4303886fb64623b9e9187f54a040d3d4a3ef64faa35cef06145923a9ab?s=96&d=mm&r=g\",\"contentUrl\":\"https:\/\/secure.gravatar.com\/avatar\/0333df4303886fb64623b9e9187f54a040d3d4a3ef64faa35cef06145923a9ab?s=96&d=mm&r=g\",\"caption\":\"tULEctura\"},\"url\":\"https:\/\/bibliotecas.unileon.es\/tULEctura\/author\/buua1\/\"}]}<\/script>\n<!-- \/ Yoast SEO plugin. -->","yoast_head_json":{"title":"1 de mayo: D\u00eda internacional del trabajo - tULEctura","robots":{"index":"index","follow":"follow","max-snippet":"max-snippet:-1","max-image-preview":"max-image-preview:large","max-video-preview":"max-video-preview:-1"},"canonical":"https:\/\/bibliotecas.unileon.es\/tULEctura\/2014\/05\/01\/1-de-mayo-dia-internacional-del-trabajo\/","og_locale":"es_ES","og_type":"article","og_title":"1 de mayo: D\u00eda internacional del trabajo - tULEctura","og_description":"Balada de la oficina Entra. No repares en el sol que dejas en la calle. \u00c9l est\u00e1 ca\u00eddo en la calle como una blanca mancha de cal. Est\u00e1 lamiendo ahora nuestra vereda; esta tarde se ir\u00e1 enfrente. No repares en el sol. Tienes el domingo para beb\u00e9rtelo todo y golosamente, como un vaso de rubia [&hellip;]","og_url":"https:\/\/bibliotecas.unileon.es\/tULEctura\/2014\/05\/01\/1-de-mayo-dia-internacional-del-trabajo\/","og_site_name":"tULEctura","article_publisher":"https:\/\/www.facebook.com\/tulectura.unileon\/","article_published_time":"2014-05-01T05:00:43+00:00","og_image":[{"width":553,"height":369,"url":"https:\/\/bibliotecas.unileon.es\/tULEctura\/files\/2014\/04\/oficina.jpg","type":"image\/jpeg"}],"author":"tULEctura","twitter_card":"summary_large_image","twitter_creator":"@tULEctura_ULE","twitter_site":"@tULEctura_ULE","twitter_misc":{"Escrito por":"tULEctura","Tiempo de lectura":"4 minutos"},"schema":{"@context":"https:\/\/schema.org","@graph":[{"@type":"Article","@id":"https:\/\/bibliotecas.unileon.es\/tULEctura\/2014\/05\/01\/1-de-mayo-dia-internacional-del-trabajo\/#article","isPartOf":{"@id":"https:\/\/bibliotecas.unileon.es\/tULEctura\/2014\/05\/01\/1-de-mayo-dia-internacional-del-trabajo\/"},"author":{"name":"tULEctura","@id":"https:\/\/bibliotecas.unileon.es\/tULEctura\/#\/schema\/person\/c8977b10c1fdf7d1dab5629f08287597"},"headline":"1 de mayo: D\u00eda internacional del trabajo","datePublished":"2014-05-01T05:00:43+00:00","mainEntityOfPage":{"@id":"https:\/\/bibliotecas.unileon.es\/tULEctura\/2014\/05\/01\/1-de-mayo-dia-internacional-del-trabajo\/"},"wordCount":822,"commentCount":0,"publisher":{"@id":"https:\/\/bibliotecas.unileon.es\/tULEctura\/#organization"},"image":{"@id":"https:\/\/bibliotecas.unileon.es\/tULEctura\/2014\/05\/01\/1-de-mayo-dia-internacional-del-trabajo\/#primaryimage"},"thumbnailUrl":"http:\/\/bibliotecas.unileon.es\/tULEctura\/files\/2014\/04\/oficina.jpg","keywords":["Roberto Mariani","trabajo"],"articleSection":["De todo un poco"],"inLanguage":"es","potentialAction":[{"@type":"CommentAction","name":"Comment","target":["https:\/\/bibliotecas.unileon.es\/tULEctura\/2014\/05\/01\/1-de-mayo-dia-internacional-del-trabajo\/#respond"]}]},{"@type":"WebPage","@id":"https:\/\/bibliotecas.unileon.es\/tULEctura\/2014\/05\/01\/1-de-mayo-dia-internacional-del-trabajo\/","url":"https:\/\/bibliotecas.unileon.es\/tULEctura\/2014\/05\/01\/1-de-mayo-dia-internacional-del-trabajo\/","name":"1 de mayo: D\u00eda internacional del trabajo - tULEctura","isPartOf":{"@id":"https:\/\/bibliotecas.unileon.es\/tULEctura\/#website"},"primaryImageOfPage":{"@id":"https:\/\/bibliotecas.unileon.es\/tULEctura\/2014\/05\/01\/1-de-mayo-dia-internacional-del-trabajo\/#primaryimage"},"image":{"@id":"https:\/\/bibliotecas.unileon.es\/tULEctura\/2014\/05\/01\/1-de-mayo-dia-internacional-del-trabajo\/#primaryimage"},"thumbnailUrl":"http:\/\/bibliotecas.unileon.es\/tULEctura\/files\/2014\/04\/oficina.jpg","datePublished":"2014-05-01T05:00:43+00:00","breadcrumb":{"@id":"https:\/\/bibliotecas.unileon.es\/tULEctura\/2014\/05\/01\/1-de-mayo-dia-internacional-del-trabajo\/#breadcrumb"},"inLanguage":"es","potentialAction":[{"@type":"ReadAction","target":["https:\/\/bibliotecas.unileon.es\/tULEctura\/2014\/05\/01\/1-de-mayo-dia-internacional-del-trabajo\/"]}]},{"@type":"ImageObject","inLanguage":"es","@id":"https:\/\/bibliotecas.unileon.es\/tULEctura\/2014\/05\/01\/1-de-mayo-dia-internacional-del-trabajo\/#primaryimage","url":"http:\/\/bibliotecas.unileon.es\/tULEctura\/files\/2014\/04\/oficina.jpg","contentUrl":"http:\/\/bibliotecas.unileon.es\/tULEctura\/files\/2014\/04\/oficina.jpg"},{"@type":"BreadcrumbList","@id":"https:\/\/bibliotecas.unileon.es\/tULEctura\/2014\/05\/01\/1-de-mayo-dia-internacional-del-trabajo\/#breadcrumb","itemListElement":[{"@type":"ListItem","position":1,"name":"Home","item":"https:\/\/bibliotecas.unileon.es\/tULEctura\/"},{"@type":"ListItem","position":2,"name":"1 de mayo: D\u00eda internacional del trabajo"}]},{"@type":"WebSite","@id":"https:\/\/bibliotecas.unileon.es\/tULEctura\/#website","url":"https:\/\/bibliotecas.unileon.es\/tULEctura\/","name":"tULEctura","description":"Espacio de la Universidad de Le\u00f3n dedicado a la lectura","publisher":{"@id":"https:\/\/bibliotecas.unileon.es\/tULEctura\/#organization"},"potentialAction":[{"@type":"SearchAction","target":{"@type":"EntryPoint","urlTemplate":"https:\/\/bibliotecas.unileon.es\/tULEctura\/?s={search_term_string}"},"query-input":{"@type":"PropertyValueSpecification","valueRequired":true,"valueName":"search_term_string"}}],"inLanguage":"es"},{"@type":"Organization","@id":"https:\/\/bibliotecas.unileon.es\/tULEctura\/#organization","name":"Universidad de Le\u00f3n","url":"https:\/\/bibliotecas.unileon.es\/tULEctura\/","logo":{"@type":"ImageObject","inLanguage":"es","@id":"https:\/\/bibliotecas.unileon.es\/tULEctura\/#\/schema\/logo\/image\/","url":"https:\/\/bibliotecas.unileon.es\/tULEctura\/files\/2018\/08\/TULECTURA_LOGO1.png","contentUrl":"https:\/\/bibliotecas.unileon.es\/tULEctura\/files\/2018\/08\/TULECTURA_LOGO1.png","width":"960","height":"258","caption":"Universidad de Le\u00f3n"},"image":{"@id":"https:\/\/bibliotecas.unileon.es\/tULEctura\/#\/schema\/logo\/image\/"},"sameAs":["https:\/\/www.facebook.com\/tulectura.unileon\/","https:\/\/x.com\/tULEctura_ULE","https:\/\/www.instagram.com\/tulectura.unileon\/","https:\/\/www.pinterest.es\/tulectura\/","https:\/\/www.youtube.com\/channel\/UCoWaDD39lVlAQcOchwlTPVw"]},{"@type":"Person","@id":"https:\/\/bibliotecas.unileon.es\/tULEctura\/#\/schema\/person\/c8977b10c1fdf7d1dab5629f08287597","name":"tULEctura","image":{"@type":"ImageObject","inLanguage":"es","@id":"https:\/\/bibliotecas.unileon.es\/tULEctura\/#\/schema\/person\/image\/","url":"https:\/\/secure.gravatar.com\/avatar\/0333df4303886fb64623b9e9187f54a040d3d4a3ef64faa35cef06145923a9ab?s=96&d=mm&r=g","contentUrl":"https:\/\/secure.gravatar.com\/avatar\/0333df4303886fb64623b9e9187f54a040d3d4a3ef64faa35cef06145923a9ab?s=96&d=mm&r=g","caption":"tULEctura"},"url":"https:\/\/bibliotecas.unileon.es\/tULEctura\/author\/buua1\/"}]}},"_links":{"self":[{"href":"https:\/\/bibliotecas.unileon.es\/tULEctura\/wp-json\/wp\/v2\/posts\/1989","targetHints":{"allow":["GET"]}}],"collection":[{"href":"https:\/\/bibliotecas.unileon.es\/tULEctura\/wp-json\/wp\/v2\/posts"}],"about":[{"href":"https:\/\/bibliotecas.unileon.es\/tULEctura\/wp-json\/wp\/v2\/types\/post"}],"author":[{"embeddable":true,"href":"https:\/\/bibliotecas.unileon.es\/tULEctura\/wp-json\/wp\/v2\/users\/73"}],"replies":[{"embeddable":true,"href":"https:\/\/bibliotecas.unileon.es\/tULEctura\/wp-json\/wp\/v2\/comments?post=1989"}],"version-history":[{"count":1,"href":"https:\/\/bibliotecas.unileon.es\/tULEctura\/wp-json\/wp\/v2\/posts\/1989\/revisions"}],"predecessor-version":[{"id":1991,"href":"https:\/\/bibliotecas.unileon.es\/tULEctura\/wp-json\/wp\/v2\/posts\/1989\/revisions\/1991"}],"wp:attachment":[{"href":"https:\/\/bibliotecas.unileon.es\/tULEctura\/wp-json\/wp\/v2\/media?parent=1989"}],"wp:term":[{"taxonomy":"category","embeddable":true,"href":"https:\/\/bibliotecas.unileon.es\/tULEctura\/wp-json\/wp\/v2\/categories?post=1989"},{"taxonomy":"post_tag","embeddable":true,"href":"https:\/\/bibliotecas.unileon.es\/tULEctura\/wp-json\/wp\/v2\/tags?post=1989"}],"curies":[{"name":"wp","href":"https:\/\/api.w.org\/{rel}","templated":true}]}}