{"id":2730,"date":"2014-11-28T07:00:24","date_gmt":"2014-11-28T06:00:24","guid":{"rendered":"http:\/\/bibliotecas.unileon.es\/tULEctura\/?p=2730"},"modified":"2014-11-28T08:37:07","modified_gmt":"2014-11-28T07:37:07","slug":"el-destino-de-los-libros","status":"publish","type":"post","link":"https:\/\/bibliotecas.unileon.es\/tULEctura\/2014\/11\/28\/el-destino-de-los-libros\/","title":{"rendered":"El destino m\u00e1s cruel"},"content":{"rendered":"<p style=\"text-align: justify;\">La tan famosa sentencia atribuida a Plinio el joven\u00a0<strong><em>Nullum esse librum tam malum, ut non in aliqua parte prodesset<\/em><\/strong>, o lo que es lo mismo, <strong><em>no hay libro tan malo que no contenga algo de provecho<\/em>\u00a0<\/strong>es por tradici\u00f3n una verdad asumida y repetida hasta la saciedad, hasta el punto de que no parece haber ninguna raz\u00f3n l\u00f3gica para acabar gratuitamente con la existencia de ninguna obra literaria. Pero el hecho de que la biblioteca infinita anhelada por Borges sea una quimera, hace que editoriales y organismos como fundaciones o bibliotecas sufran inevitables problemas de espacio. Esto ha derivado en que <strong>en la actualidad existan leyes que regulen la situaci\u00f3n de los cientos de miles de libros que nadie quiere, solventando este problema con una soluci\u00f3n radical: destruirlos<\/strong>.<\/p>\n<div id=\"attachment_2741\" style=\"width: 310px\" class=\"wp-caption aligncenter\"><a href=\"http:\/\/bibliotecas.unileon.es\/tULEctura\/files\/2014\/11\/6a00d8341bfb1653ef01bb0789b6a9970d.jpg\"><img loading=\"lazy\" decoding=\"async\" aria-describedby=\"caption-attachment-2741\" class=\"wp-image-2741 size-medium\" src=\"http:\/\/bibliotecas.unileon.es\/tULEctura\/files\/2014\/11\/6a00d8341bfb1653ef01bb0789b6a9970d-300x195.jpg\" alt=\"6a00d8341bfb1653ef01bb0789b6a9970d\" width=\"300\" height=\"195\" srcset=\"https:\/\/bibliotecas.unileon.es\/tULEctura\/files\/2014\/11\/6a00d8341bfb1653ef01bb0789b6a9970d-300x195.jpg 300w, https:\/\/bibliotecas.unileon.es\/tULEctura\/files\/2014\/11\/6a00d8341bfb1653ef01bb0789b6a9970d.jpg 500w\" sizes=\"auto, (max-width: 300px) 100vw, 300px\" \/><\/a><p id=\"caption-attachment-2741\" class=\"wp-caption-text\">Quema de libros durante la dictadura de Pinochet (1973)<\/p><\/div>\n<p style=\"text-align: justify;\">La realidad mercantil que rodea al mundo editorial hace que parezcan incuestionables los motivos por los cuales tal o cual edici\u00f3n que lleva varios a\u00f1os sin venderse deba desaparecer de los s\u00f3tanos para procurar espacio a nuevos ejemplares. Las leyes del mercado son as\u00ed, y al editor no le queda m\u00e1s remedio que hacer lo que econ\u00f3micamente m\u00e1s le conviene, que es llevar esos cientos de libros a la incineradora. <strong>Parece una idea\u00a0<\/strong><strong>sacada de las censuras m\u00e1s crueles de la historia, una pel\u00edcula de ciencia ficci\u00f3n o el argumento de una cr\u00f3nica sobre pr\u00e1cticas inquisitoriales, pero no. Lamentablemente, es la realidad<\/strong>. Cada vez que pasa un determinado tiempo tras una publicaci\u00f3n, la editorial tiene por ley todo el derecho de destruir los libros sobrantes que no se venden.<\/p>\n<p style=\"text-align: justify;\">Por un lado, hay que decir que esta circunstancia no es algo propio de la legislaci\u00f3n espa\u00f1ola aunque aparezca recogido en la <a href=\"http:\/\/noticias.juridicas.com\/base_datos\/Admin\/rdleg1-1996.html\">Ley de Propiedad Intelectual<\/a>, sino que es algo asumido internacionalmente. Cualquiera podr\u00eda preguntarse c\u00f3mo es posible que algo as\u00ed no tenga mayor visibilidad, y es que en ocasiones <strong>los propios autores se enteran de esta prebenda cuando se les llama desde las editoriales para informarles de que van a llevar sus libros a la incineradora<\/strong>. El desconocimiento es tal, que muchos no saben que<strong> pueden negarse<\/strong> y hacerse cargo ellos mismos de la obra que va a ser destruida.<\/p>\n<div id=\"attachment_2739\" style=\"width: 280px\" class=\"wp-caption alignright\"><img loading=\"lazy\" decoding=\"async\" aria-describedby=\"caption-attachment-2739\" class=\"wp-image-2739\" src=\"http:\/\/bibliotecas.unileon.es\/tULEctura\/files\/2014\/11\/f64388becee24512bc2265828764be11-247x300.jpg\" alt=\"\" width=\"270\" height=\"328\" srcset=\"https:\/\/bibliotecas.unileon.es\/tULEctura\/files\/2014\/11\/f64388becee24512bc2265828764be11-247x300.jpg 247w, https:\/\/bibliotecas.unileon.es\/tULEctura\/files\/2014\/11\/f64388becee24512bc2265828764be11-624x757.jpg 624w, https:\/\/bibliotecas.unileon.es\/tULEctura\/files\/2014\/11\/f64388becee24512bc2265828764be11.jpg 736w\" sizes=\"auto, (max-width: 270px) 100vw, 270px\" \/><p id=\"caption-attachment-2739\" class=\"wp-caption-text\">Fotograma de la pel\u00edcula \u00abFarenheit 451\u00bb de Truffaut (1966)<\/p><\/div>\n<p style=\"text-align: justify;\">Por otro lado podr\u00edamos preguntarnos c\u00f3mo es que no nos suena haber o\u00eddo nada en los medios de comunicaci\u00f3n. La respuesta es simple: si buscamos en la red o esperamos ver opiniones cr\u00edticas al respecto en la prensa no nos las vamos a encontrar, pero no porque no las haya, sino porque <strong>la censura es un mecanismo tan vers\u00e1til que cambia de forma\u00a0en cada lugar y a cada momento de la historia<\/strong> seg\u00fan diversos intereses. As\u00ed, en la prensa nacional o en peri\u00f3dicos como el diario\u00a0<em>Clar\u00edn<\/em> de Argentina ha habido art\u00edculos que alertaban de lo injusto del hecho de que la ley establezca que <strong>condenar esos libros a la quema desgrava, mientras que si se donan hay que pagar un porcentaje mayor en impuestos<\/strong>. Diversos <a href=\"http:\/\/marianaeguaras.com\/por-que-las-editoriales-destruyen-libros\/\">blogs<\/a>\u00a0especializados hablan del tema, pero de lo aparecido en prensa no queda pr\u00e1cticamente ning\u00fan vestigio.<\/p>\n<p style=\"text-align: justify;\">Juan Jos\u00e9 Mill\u00e1s en un <a href=\"http:\/\/cultura.elpais.com\/cultura\/2013\/12\/25\/actualidad\/1387989932_163299.html\">art\u00edculo<\/a> del pasado a\u00f1o dec\u00eda:\u00a0<em>El libro tiene un costado contable, eso no podemos negarlo. Hay quien lo escribe, quien lo edita, quien lo distribuye y hay, con suerte, alguien que lo compra. Proporciona puestos de trabajo, genera actividad econ\u00f3mica e influye en el PIB. Pero, claro, todo eso es pura filfa en relaci\u00f3n con los beneficios intangibles que proporciona. <strong>Un sistema filos\u00f3fico, en fin, no es un bien consumible<\/strong><\/em>. Que las editoriales sean empresas y como tales miren por sus intereses es una evidencia, pero que un Estado no regule sus leyes para proteger la cultura ya es algo m\u00e1s cuestionable. <strong>Los libros son<\/strong>\u00a0<strong>un producto m\u00e1s<\/strong>, un bien material generador de riqueza en\u00a0el universo de la mercadotecnia, pero no debemos perder de vista que\u00a0<strong>tras el puro soporte f\u00edsico se esconde una entidad art\u00edstica capaz de generar emociones, de provocar pensamiento cr\u00edtico, cuestionamientos de orden moral y la destrucci\u00f3n de dogmas que se cre\u00edan incorruptibles<\/strong>. Son entes\u00a0que quiz\u00e1 contengan las claves para entender el mundo.\u00a0\u00bfC\u00f3mo es posible entonces que se legitime la destrucci\u00f3n masiva de libros en lugar de facilitar su donaci\u00f3n a bibliotecas?.<\/p>\n<p style=\"text-align: justify;\">Hechos como este, unidos a otros tan cuestionados como el <a href=\"http:\/\/bibliotecas.unileon.es\/tULEctura\/2014\/09\/11\/canon-por-prestamo-bibliotecario\/\" target=\"_blank\">canon que las bibliotecas p\u00fablicas deben pagar<\/a> en relaci\u00f3n con los derechos de autor hacen pensar que la situaci\u00f3n imaginada por Ray Bradbury no es una utop\u00eda sino una realidad cercana. Un libro escondido en un dep\u00f3sito de cualquier biblioteca est\u00e1 como dormido, ausente, pero no muerto. Frente al que acaba siendo v\u00edctima del fuego, cualquier libro por olvidado o escondido que permanezca tiene la posibilidad de volver a ser descubierto, de generar vida. Permitir un destino tan cruel para el libro es permitir un genocidio cultural, robarnos a nosotros mismos la oportunidad y la obligaci\u00f3n de sentir, de aprender, de revivir y de dar vida. De cambiar. Lo contrario solamente nos lleva a la deshumanizaci\u00f3n.<\/p>\n<div id=\"attachment_2746\" style=\"width: 610px\" class=\"wp-caption aligncenter\"><a href=\"http:\/\/bibliotecas.unileon.es\/tULEctura\/files\/2014\/11\/1ee2d578cc5b0f010e553ff51cf88526.jpg\"><img loading=\"lazy\" decoding=\"async\" aria-describedby=\"caption-attachment-2746\" class=\"wp-image-2746 size-full\" src=\"http:\/\/bibliotecas.unileon.es\/tULEctura\/files\/2014\/11\/1ee2d578cc5b0f010e553ff51cf88526.jpg\" alt=\"1ee2d578cc5b0f010e553ff51cf88526\" width=\"600\" height=\"840\" srcset=\"https:\/\/bibliotecas.unileon.es\/tULEctura\/files\/2014\/11\/1ee2d578cc5b0f010e553ff51cf88526.jpg 600w, https:\/\/bibliotecas.unileon.es\/tULEctura\/files\/2014\/11\/1ee2d578cc5b0f010e553ff51cf88526-214x300.jpg 214w\" sizes=\"auto, (max-width: 600px) 100vw, 600px\" \/><\/a><p id=\"caption-attachment-2746\" class=\"wp-caption-text\">Representaci\u00f3n de la Biblioteca de Babel (1941)<\/p><\/div>\n<p style=\"text-align: justify;\">\n","protected":false},"excerpt":{"rendered":"<p>La tan famosa sentencia atribuida a Plinio el joven\u00a0Nullum esse librum tam malum, ut non in aliqua parte prodesset, o lo que es lo mismo, no hay libro tan malo que no contenga algo de provecho\u00a0es por tradici\u00f3n una verdad asumida y repetida hasta la saciedad, hasta el punto de que no parece haber ninguna [&hellip;]<\/p>\n","protected":false},"author":80,"featured_media":0,"comment_status":"open","ping_status":"open","sticky":false,"template":"","format":"standard","meta":{"_bbp_topic_count":0,"_bbp_reply_count":0,"_bbp_total_topic_count":0,"_bbp_total_reply_count":0,"_bbp_voice_count":0,"_bbp_anonymous_reply_count":0,"_bbp_topic_count_hidden":0,"_bbp_reply_count_hidden":0,"_bbp_forum_subforum_count":0,"_monsterinsights_skip_tracking":false,"_monsterinsights_sitenote_active":false,"_monsterinsights_sitenote_note":"","_monsterinsights_sitenote_category":0,"footnotes":""},"categories":[75],"tags":[193],"class_list":["post-2730","post","type-post","status-publish","format-standard","hentry","category-de-todo-un-poco","tag-censura"],"yoast_head":"<!-- This site is optimized with the Yoast SEO plugin v25.8 - https:\/\/yoast.com\/wordpress\/plugins\/seo\/ -->\n<title>El destino m\u00e1s cruel - tULEctura<\/title>\n<meta name=\"robots\" content=\"index, follow, max-snippet:-1, max-image-preview:large, max-video-preview:-1\" \/>\n<link rel=\"canonical\" href=\"https:\/\/bibliotecas.unileon.es\/tULEctura\/2014\/11\/28\/el-destino-de-los-libros\/\" \/>\n<meta property=\"og:locale\" content=\"es_ES\" \/>\n<meta property=\"og:type\" content=\"article\" \/>\n<meta property=\"og:title\" content=\"El destino m\u00e1s cruel - tULEctura\" \/>\n<meta property=\"og:description\" content=\"La tan famosa sentencia atribuida a Plinio el joven\u00a0Nullum esse librum tam malum, ut non in aliqua parte prodesset, o lo que es lo mismo, no hay libro tan malo que no contenga algo de provecho\u00a0es por tradici\u00f3n una verdad asumida y repetida hasta la saciedad, hasta el punto de que no parece haber ninguna [&hellip;]\" \/>\n<meta property=\"og:url\" content=\"https:\/\/bibliotecas.unileon.es\/tULEctura\/2014\/11\/28\/el-destino-de-los-libros\/\" \/>\n<meta property=\"og:site_name\" content=\"tULEctura\" \/>\n<meta property=\"article:publisher\" content=\"https:\/\/www.facebook.com\/tulectura.unileon\/\" \/>\n<meta property=\"article:published_time\" content=\"2014-11-28T06:00:24+00:00\" \/>\n<meta property=\"article:modified_time\" content=\"2014-11-28T07:37:07+00:00\" \/>\n<meta property=\"og:image\" content=\"https:\/\/bibliotecas.unileon.es\/tULEctura\/files\/2014\/11\/6a00d8341bfb1653ef01bb0789b6a9970d.jpg\" \/>\n\t<meta property=\"og:image:width\" content=\"500\" \/>\n\t<meta property=\"og:image:height\" content=\"326\" \/>\n\t<meta property=\"og:image:type\" content=\"image\/jpeg\" \/>\n<meta name=\"author\" content=\"Raquel\" \/>\n<meta name=\"twitter:card\" content=\"summary_large_image\" \/>\n<meta name=\"twitter:creator\" content=\"@tULEctura_ULE\" \/>\n<meta name=\"twitter:site\" content=\"@tULEctura_ULE\" \/>\n<meta name=\"twitter:label1\" content=\"Escrito por\" \/>\n\t<meta name=\"twitter:data1\" content=\"Raquel\" \/>\n\t<meta name=\"twitter:label2\" content=\"Tiempo de lectura\" \/>\n\t<meta name=\"twitter:data2\" content=\"5 minutos\" \/>\n<script type=\"application\/ld+json\" class=\"yoast-schema-graph\">{\"@context\":\"https:\/\/schema.org\",\"@graph\":[{\"@type\":\"Article\",\"@id\":\"https:\/\/bibliotecas.unileon.es\/tULEctura\/2014\/11\/28\/el-destino-de-los-libros\/#article\",\"isPartOf\":{\"@id\":\"https:\/\/bibliotecas.unileon.es\/tULEctura\/2014\/11\/28\/el-destino-de-los-libros\/\"},\"author\":{\"name\":\"Raquel\",\"@id\":\"https:\/\/bibliotecas.unileon.es\/tULEctura\/#\/schema\/person\/d3dfaf3631663a5dc7857c88587199a2\"},\"headline\":\"El destino m\u00e1s cruel\",\"datePublished\":\"2014-11-28T06:00:24+00:00\",\"dateModified\":\"2014-11-28T07:37:07+00:00\",\"mainEntityOfPage\":{\"@id\":\"https:\/\/bibliotecas.unileon.es\/tULEctura\/2014\/11\/28\/el-destino-de-los-libros\/\"},\"wordCount\":929,\"commentCount\":1,\"publisher\":{\"@id\":\"https:\/\/bibliotecas.unileon.es\/tULEctura\/#organization\"},\"image\":{\"@id\":\"https:\/\/bibliotecas.unileon.es\/tULEctura\/2014\/11\/28\/el-destino-de-los-libros\/#primaryimage\"},\"thumbnailUrl\":\"http:\/\/bibliotecas.unileon.es\/tULEctura\/files\/2014\/11\/6a00d8341bfb1653ef01bb0789b6a9970d-300x195.jpg\",\"keywords\":[\"censura\"],\"articleSection\":[\"De todo un poco\"],\"inLanguage\":\"es\",\"potentialAction\":[{\"@type\":\"CommentAction\",\"name\":\"Comment\",\"target\":[\"https:\/\/bibliotecas.unileon.es\/tULEctura\/2014\/11\/28\/el-destino-de-los-libros\/#respond\"]}]},{\"@type\":\"WebPage\",\"@id\":\"https:\/\/bibliotecas.unileon.es\/tULEctura\/2014\/11\/28\/el-destino-de-los-libros\/\",\"url\":\"https:\/\/bibliotecas.unileon.es\/tULEctura\/2014\/11\/28\/el-destino-de-los-libros\/\",\"name\":\"El destino m\u00e1s cruel - tULEctura\",\"isPartOf\":{\"@id\":\"https:\/\/bibliotecas.unileon.es\/tULEctura\/#website\"},\"primaryImageOfPage\":{\"@id\":\"https:\/\/bibliotecas.unileon.es\/tULEctura\/2014\/11\/28\/el-destino-de-los-libros\/#primaryimage\"},\"image\":{\"@id\":\"https:\/\/bibliotecas.unileon.es\/tULEctura\/2014\/11\/28\/el-destino-de-los-libros\/#primaryimage\"},\"thumbnailUrl\":\"http:\/\/bibliotecas.unileon.es\/tULEctura\/files\/2014\/11\/6a00d8341bfb1653ef01bb0789b6a9970d-300x195.jpg\",\"datePublished\":\"2014-11-28T06:00:24+00:00\",\"dateModified\":\"2014-11-28T07:37:07+00:00\",\"breadcrumb\":{\"@id\":\"https:\/\/bibliotecas.unileon.es\/tULEctura\/2014\/11\/28\/el-destino-de-los-libros\/#breadcrumb\"},\"inLanguage\":\"es\",\"potentialAction\":[{\"@type\":\"ReadAction\",\"target\":[\"https:\/\/bibliotecas.unileon.es\/tULEctura\/2014\/11\/28\/el-destino-de-los-libros\/\"]}]},{\"@type\":\"ImageObject\",\"inLanguage\":\"es\",\"@id\":\"https:\/\/bibliotecas.unileon.es\/tULEctura\/2014\/11\/28\/el-destino-de-los-libros\/#primaryimage\",\"url\":\"https:\/\/bibliotecas.unileon.es\/tULEctura\/files\/2014\/11\/6a00d8341bfb1653ef01bb0789b6a9970d.jpg\",\"contentUrl\":\"https:\/\/bibliotecas.unileon.es\/tULEctura\/files\/2014\/11\/6a00d8341bfb1653ef01bb0789b6a9970d.jpg\",\"width\":500,\"height\":326},{\"@type\":\"BreadcrumbList\",\"@id\":\"https:\/\/bibliotecas.unileon.es\/tULEctura\/2014\/11\/28\/el-destino-de-los-libros\/#breadcrumb\",\"itemListElement\":[{\"@type\":\"ListItem\",\"position\":1,\"name\":\"Home\",\"item\":\"https:\/\/bibliotecas.unileon.es\/tULEctura\/\"},{\"@type\":\"ListItem\",\"position\":2,\"name\":\"El destino m\u00e1s cruel\"}]},{\"@type\":\"WebSite\",\"@id\":\"https:\/\/bibliotecas.unileon.es\/tULEctura\/#website\",\"url\":\"https:\/\/bibliotecas.unileon.es\/tULEctura\/\",\"name\":\"tULEctura\",\"description\":\"Espacio de la Universidad de Le\u00f3n dedicado a la lectura\",\"publisher\":{\"@id\":\"https:\/\/bibliotecas.unileon.es\/tULEctura\/#organization\"},\"potentialAction\":[{\"@type\":\"SearchAction\",\"target\":{\"@type\":\"EntryPoint\",\"urlTemplate\":\"https:\/\/bibliotecas.unileon.es\/tULEctura\/?s={search_term_string}\"},\"query-input\":{\"@type\":\"PropertyValueSpecification\",\"valueRequired\":true,\"valueName\":\"search_term_string\"}}],\"inLanguage\":\"es\"},{\"@type\":\"Organization\",\"@id\":\"https:\/\/bibliotecas.unileon.es\/tULEctura\/#organization\",\"name\":\"Universidad de Le\u00f3n\",\"url\":\"https:\/\/bibliotecas.unileon.es\/tULEctura\/\",\"logo\":{\"@type\":\"ImageObject\",\"inLanguage\":\"es\",\"@id\":\"https:\/\/bibliotecas.unileon.es\/tULEctura\/#\/schema\/logo\/image\/\",\"url\":\"https:\/\/bibliotecas.unileon.es\/tULEctura\/files\/2018\/08\/TULECTURA_LOGO1.png\",\"contentUrl\":\"https:\/\/bibliotecas.unileon.es\/tULEctura\/files\/2018\/08\/TULECTURA_LOGO1.png\",\"width\":\"960\",\"height\":\"258\",\"caption\":\"Universidad de Le\u00f3n\"},\"image\":{\"@id\":\"https:\/\/bibliotecas.unileon.es\/tULEctura\/#\/schema\/logo\/image\/\"},\"sameAs\":[\"https:\/\/www.facebook.com\/tulectura.unileon\/\",\"https:\/\/x.com\/tULEctura_ULE\",\"https:\/\/www.instagram.com\/tulectura.unileon\/\",\"https:\/\/www.pinterest.es\/tulectura\/\",\"https:\/\/www.youtube.com\/channel\/UCoWaDD39lVlAQcOchwlTPVw\"]},{\"@type\":\"Person\",\"@id\":\"https:\/\/bibliotecas.unileon.es\/tULEctura\/#\/schema\/person\/d3dfaf3631663a5dc7857c88587199a2\",\"name\":\"Raquel\",\"image\":{\"@type\":\"ImageObject\",\"inLanguage\":\"es\",\"@id\":\"https:\/\/bibliotecas.unileon.es\/tULEctura\/#\/schema\/person\/image\/\",\"url\":\"https:\/\/secure.gravatar.com\/avatar\/1460df7b7681eda2e4af12ebb3cff06297eeae8ea62ac2e6a16f7e4d0cdca44b?s=96&d=mm&r=g\",\"contentUrl\":\"https:\/\/secure.gravatar.com\/avatar\/1460df7b7681eda2e4af12ebb3cff06297eeae8ea62ac2e6a16f7e4d0cdca44b?s=96&d=mm&r=g\",\"caption\":\"Raquel\"},\"url\":\"https:\/\/bibliotecas.unileon.es\/tULEctura\/author\/raquel\/\"}]}<\/script>\n<!-- \/ Yoast SEO plugin. -->","yoast_head_json":{"title":"El destino m\u00e1s cruel - tULEctura","robots":{"index":"index","follow":"follow","max-snippet":"max-snippet:-1","max-image-preview":"max-image-preview:large","max-video-preview":"max-video-preview:-1"},"canonical":"https:\/\/bibliotecas.unileon.es\/tULEctura\/2014\/11\/28\/el-destino-de-los-libros\/","og_locale":"es_ES","og_type":"article","og_title":"El destino m\u00e1s cruel - tULEctura","og_description":"La tan famosa sentencia atribuida a Plinio el joven\u00a0Nullum esse librum tam malum, ut non in aliqua parte prodesset, o lo que es lo mismo, no hay libro tan malo que no contenga algo de provecho\u00a0es por tradici\u00f3n una verdad asumida y repetida hasta la saciedad, hasta el punto de que no parece haber ninguna [&hellip;]","og_url":"https:\/\/bibliotecas.unileon.es\/tULEctura\/2014\/11\/28\/el-destino-de-los-libros\/","og_site_name":"tULEctura","article_publisher":"https:\/\/www.facebook.com\/tulectura.unileon\/","article_published_time":"2014-11-28T06:00:24+00:00","article_modified_time":"2014-11-28T07:37:07+00:00","og_image":[{"width":500,"height":326,"url":"https:\/\/bibliotecas.unileon.es\/tULEctura\/files\/2014\/11\/6a00d8341bfb1653ef01bb0789b6a9970d.jpg","type":"image\/jpeg"}],"author":"Raquel","twitter_card":"summary_large_image","twitter_creator":"@tULEctura_ULE","twitter_site":"@tULEctura_ULE","twitter_misc":{"Escrito por":"Raquel","Tiempo de lectura":"5 minutos"},"schema":{"@context":"https:\/\/schema.org","@graph":[{"@type":"Article","@id":"https:\/\/bibliotecas.unileon.es\/tULEctura\/2014\/11\/28\/el-destino-de-los-libros\/#article","isPartOf":{"@id":"https:\/\/bibliotecas.unileon.es\/tULEctura\/2014\/11\/28\/el-destino-de-los-libros\/"},"author":{"name":"Raquel","@id":"https:\/\/bibliotecas.unileon.es\/tULEctura\/#\/schema\/person\/d3dfaf3631663a5dc7857c88587199a2"},"headline":"El destino m\u00e1s cruel","datePublished":"2014-11-28T06:00:24+00:00","dateModified":"2014-11-28T07:37:07+00:00","mainEntityOfPage":{"@id":"https:\/\/bibliotecas.unileon.es\/tULEctura\/2014\/11\/28\/el-destino-de-los-libros\/"},"wordCount":929,"commentCount":1,"publisher":{"@id":"https:\/\/bibliotecas.unileon.es\/tULEctura\/#organization"},"image":{"@id":"https:\/\/bibliotecas.unileon.es\/tULEctura\/2014\/11\/28\/el-destino-de-los-libros\/#primaryimage"},"thumbnailUrl":"http:\/\/bibliotecas.unileon.es\/tULEctura\/files\/2014\/11\/6a00d8341bfb1653ef01bb0789b6a9970d-300x195.jpg","keywords":["censura"],"articleSection":["De todo un poco"],"inLanguage":"es","potentialAction":[{"@type":"CommentAction","name":"Comment","target":["https:\/\/bibliotecas.unileon.es\/tULEctura\/2014\/11\/28\/el-destino-de-los-libros\/#respond"]}]},{"@type":"WebPage","@id":"https:\/\/bibliotecas.unileon.es\/tULEctura\/2014\/11\/28\/el-destino-de-los-libros\/","url":"https:\/\/bibliotecas.unileon.es\/tULEctura\/2014\/11\/28\/el-destino-de-los-libros\/","name":"El destino m\u00e1s cruel - tULEctura","isPartOf":{"@id":"https:\/\/bibliotecas.unileon.es\/tULEctura\/#website"},"primaryImageOfPage":{"@id":"https:\/\/bibliotecas.unileon.es\/tULEctura\/2014\/11\/28\/el-destino-de-los-libros\/#primaryimage"},"image":{"@id":"https:\/\/bibliotecas.unileon.es\/tULEctura\/2014\/11\/28\/el-destino-de-los-libros\/#primaryimage"},"thumbnailUrl":"http:\/\/bibliotecas.unileon.es\/tULEctura\/files\/2014\/11\/6a00d8341bfb1653ef01bb0789b6a9970d-300x195.jpg","datePublished":"2014-11-28T06:00:24+00:00","dateModified":"2014-11-28T07:37:07+00:00","breadcrumb":{"@id":"https:\/\/bibliotecas.unileon.es\/tULEctura\/2014\/11\/28\/el-destino-de-los-libros\/#breadcrumb"},"inLanguage":"es","potentialAction":[{"@type":"ReadAction","target":["https:\/\/bibliotecas.unileon.es\/tULEctura\/2014\/11\/28\/el-destino-de-los-libros\/"]}]},{"@type":"ImageObject","inLanguage":"es","@id":"https:\/\/bibliotecas.unileon.es\/tULEctura\/2014\/11\/28\/el-destino-de-los-libros\/#primaryimage","url":"https:\/\/bibliotecas.unileon.es\/tULEctura\/files\/2014\/11\/6a00d8341bfb1653ef01bb0789b6a9970d.jpg","contentUrl":"https:\/\/bibliotecas.unileon.es\/tULEctura\/files\/2014\/11\/6a00d8341bfb1653ef01bb0789b6a9970d.jpg","width":500,"height":326},{"@type":"BreadcrumbList","@id":"https:\/\/bibliotecas.unileon.es\/tULEctura\/2014\/11\/28\/el-destino-de-los-libros\/#breadcrumb","itemListElement":[{"@type":"ListItem","position":1,"name":"Home","item":"https:\/\/bibliotecas.unileon.es\/tULEctura\/"},{"@type":"ListItem","position":2,"name":"El destino m\u00e1s cruel"}]},{"@type":"WebSite","@id":"https:\/\/bibliotecas.unileon.es\/tULEctura\/#website","url":"https:\/\/bibliotecas.unileon.es\/tULEctura\/","name":"tULEctura","description":"Espacio de la Universidad de Le\u00f3n dedicado a la lectura","publisher":{"@id":"https:\/\/bibliotecas.unileon.es\/tULEctura\/#organization"},"potentialAction":[{"@type":"SearchAction","target":{"@type":"EntryPoint","urlTemplate":"https:\/\/bibliotecas.unileon.es\/tULEctura\/?s={search_term_string}"},"query-input":{"@type":"PropertyValueSpecification","valueRequired":true,"valueName":"search_term_string"}}],"inLanguage":"es"},{"@type":"Organization","@id":"https:\/\/bibliotecas.unileon.es\/tULEctura\/#organization","name":"Universidad de Le\u00f3n","url":"https:\/\/bibliotecas.unileon.es\/tULEctura\/","logo":{"@type":"ImageObject","inLanguage":"es","@id":"https:\/\/bibliotecas.unileon.es\/tULEctura\/#\/schema\/logo\/image\/","url":"https:\/\/bibliotecas.unileon.es\/tULEctura\/files\/2018\/08\/TULECTURA_LOGO1.png","contentUrl":"https:\/\/bibliotecas.unileon.es\/tULEctura\/files\/2018\/08\/TULECTURA_LOGO1.png","width":"960","height":"258","caption":"Universidad de Le\u00f3n"},"image":{"@id":"https:\/\/bibliotecas.unileon.es\/tULEctura\/#\/schema\/logo\/image\/"},"sameAs":["https:\/\/www.facebook.com\/tulectura.unileon\/","https:\/\/x.com\/tULEctura_ULE","https:\/\/www.instagram.com\/tulectura.unileon\/","https:\/\/www.pinterest.es\/tulectura\/","https:\/\/www.youtube.com\/channel\/UCoWaDD39lVlAQcOchwlTPVw"]},{"@type":"Person","@id":"https:\/\/bibliotecas.unileon.es\/tULEctura\/#\/schema\/person\/d3dfaf3631663a5dc7857c88587199a2","name":"Raquel","image":{"@type":"ImageObject","inLanguage":"es","@id":"https:\/\/bibliotecas.unileon.es\/tULEctura\/#\/schema\/person\/image\/","url":"https:\/\/secure.gravatar.com\/avatar\/1460df7b7681eda2e4af12ebb3cff06297eeae8ea62ac2e6a16f7e4d0cdca44b?s=96&d=mm&r=g","contentUrl":"https:\/\/secure.gravatar.com\/avatar\/1460df7b7681eda2e4af12ebb3cff06297eeae8ea62ac2e6a16f7e4d0cdca44b?s=96&d=mm&r=g","caption":"Raquel"},"url":"https:\/\/bibliotecas.unileon.es\/tULEctura\/author\/raquel\/"}]}},"_links":{"self":[{"href":"https:\/\/bibliotecas.unileon.es\/tULEctura\/wp-json\/wp\/v2\/posts\/2730","targetHints":{"allow":["GET"]}}],"collection":[{"href":"https:\/\/bibliotecas.unileon.es\/tULEctura\/wp-json\/wp\/v2\/posts"}],"about":[{"href":"https:\/\/bibliotecas.unileon.es\/tULEctura\/wp-json\/wp\/v2\/types\/post"}],"author":[{"embeddable":true,"href":"https:\/\/bibliotecas.unileon.es\/tULEctura\/wp-json\/wp\/v2\/users\/80"}],"replies":[{"embeddable":true,"href":"https:\/\/bibliotecas.unileon.es\/tULEctura\/wp-json\/wp\/v2\/comments?post=2730"}],"version-history":[{"count":2,"href":"https:\/\/bibliotecas.unileon.es\/tULEctura\/wp-json\/wp\/v2\/posts\/2730\/revisions"}],"predecessor-version":[{"id":2747,"href":"https:\/\/bibliotecas.unileon.es\/tULEctura\/wp-json\/wp\/v2\/posts\/2730\/revisions\/2747"}],"wp:attachment":[{"href":"https:\/\/bibliotecas.unileon.es\/tULEctura\/wp-json\/wp\/v2\/media?parent=2730"}],"wp:term":[{"taxonomy":"category","embeddable":true,"href":"https:\/\/bibliotecas.unileon.es\/tULEctura\/wp-json\/wp\/v2\/categories?post=2730"},{"taxonomy":"post_tag","embeddable":true,"href":"https:\/\/bibliotecas.unileon.es\/tULEctura\/wp-json\/wp\/v2\/tags?post=2730"}],"curies":[{"name":"wp","href":"https:\/\/api.w.org\/{rel}","templated":true}]}}