{"id":3581,"date":"2015-07-14T13:00:31","date_gmt":"2015-07-14T11:00:31","guid":{"rendered":"http:\/\/bibliotecas.unileon.es\/tULEctura\/?p=3581"},"modified":"2015-09-02T11:24:57","modified_gmt":"2015-09-02T09:24:57","slug":"pablo-andres-escapa-certezas-de-un-inventor-de-fabulas","status":"publish","type":"post","link":"https:\/\/bibliotecas.unileon.es\/tULEctura\/2015\/07\/14\/pablo-andres-escapa-certezas-de-un-inventor-de-fabulas\/","title":{"rendered":"Pablo Andr\u00e9s Escapa: Certezas de un inventor de f\u00e1bulas"},"content":{"rendered":"<p style=\"text-align: justify;\">Pablo Andr\u00e9s Escapa, uno de los nombres m\u00e1s sonados actualmente en la narrativa espa\u00f1ola nos ha contado con elegante ret\u00f3rica sus\u00a0\u00abcertezas\u00bb como narrador. Para abrir boca nos ha recordado los que concibe principios a la hora de escribir que no son otros que los cl\u00e1sicos: la <em>m\u00edmesis <\/em>que ya no busca reproducir con exactitud, sino crear una realidad paralela con sus propias leyes, \u00a0el pacto de ficci\u00f3n o la verosimilitud entre otros.<\/p>\n<p style=\"text-align: justify;\">Respecto a su concepci\u00f3n particular, la literatura supone la \u00abconversi\u00f3n del acontecimiento en lenguaje\u00bb, algo que tiene su origen en la memoria, en los cuentos de la infancia contados por su <a href=\"http:\/\/bibliotecas.unileon.es\/tULEctura\/files\/2015\/07\/baroja1.jpg\"><img loading=\"lazy\" decoding=\"async\" class=\"alignleft wp-image-3584 size-medium\" src=\"http:\/\/bibliotecas.unileon.es\/tULEctura\/files\/2015\/07\/baroja1-300x213.jpg\" alt=\"baroja\" width=\"300\" height=\"213\" srcset=\"https:\/\/bibliotecas.unileon.es\/tULEctura\/files\/2015\/07\/baroja1-300x213.jpg 300w, https:\/\/bibliotecas.unileon.es\/tULEctura\/files\/2015\/07\/baroja1.jpg 340w\" sizes=\"auto, (max-width: 300px) 100vw, 300px\" \/><\/a>padre y de los le\u00eddos en la escuela. Recuerda Escapa la primera lectura en la infancia de <em>Platero y yo<\/em>, o el primer libro comprado con su dinero por el aspecto del autor, <em>Zalaca\u00edn el aventurero<\/em>. O c\u00f3mo ha sentido predilecci\u00f3n por autores en los que el paisaje funciona como expresi\u00f3n del alma, como Conrad, Faulkner, Rulfo o Delibes. De c\u00f3mo la lucha cervantina entre las armas y las letras se materializaba en que cuanto m\u00e1s le\u00eda, m\u00e1s le parec\u00eda que los libros lo le\u00edan a \u00e9l, de que la vida a veces se parece mucho a la ficci\u00f3n, ya que en sus propias palabras<em> no conozco mejor medio de comprender la vida en todas sus posibilidades ni disciplina m\u00e1s valiosa para ejercitar el juicio cr\u00edtico y el cultivo de la raz\u00f3n que adentrarse en un libro<\/em>.<\/p>\n<p style=\"text-align: justify;\">Si quieres, puedes ver reunido todo el contenido de las<span style=\"color: #0000ff;\"><strong> <a style=\"color: #0000ff;\" href=\"http:\/\/bibliotecas.unileon.es\/tULEctura\/category\/ii-jornadas-de-la-riul-sobre-la-literatura-actual\/\" target=\"_blank\">II\u00a0Jornadas sobre Literatura Actual\u00a0<\/a><\/strong><\/span><\/p>\n","protected":false},"excerpt":{"rendered":"<p>Pablo Andr\u00e9s Escapa, uno de los nombres m\u00e1s sonados actualmente en la narrativa espa\u00f1ola nos ha contado con elegante ret\u00f3rica sus\u00a0\u00abcertezas\u00bb como narrador. Para abrir boca nos ha recordado los que concibe principios a la hora de escribir que no son otros que los cl\u00e1sicos: la m\u00edmesis que ya no busca reproducir con exactitud, sino [&hellip;]<\/p>\n","protected":false},"author":80,"featured_media":0,"comment_status":"open","ping_status":"open","sticky":false,"template":"","format":"standard","meta":{"_bbp_topic_count":0,"_bbp_reply_count":0,"_bbp_total_topic_count":0,"_bbp_total_reply_count":0,"_bbp_voice_count":0,"_bbp_anonymous_reply_count":0,"_bbp_topic_count_hidden":0,"_bbp_reply_count_hidden":0,"_bbp_forum_subforum_count":0,"_monsterinsights_skip_tracking":false,"_monsterinsights_sitenote_active":false,"_monsterinsights_sitenote_note":"","_monsterinsights_sitenote_category":0,"footnotes":""},"categories":[4,24],"tags":[262],"class_list":["post-3581","post","type-post","status-publish","format-standard","hentry","category-actividades-2","category-eventos","tag-pablo-andres-escapa"],"yoast_head":"<!-- This site is optimized with the Yoast SEO plugin v25.8 - https:\/\/yoast.com\/wordpress\/plugins\/seo\/ -->\n<title>Pablo Andr\u00e9s Escapa: Certezas de un inventor de f\u00e1bulas - tULEctura<\/title>\n<meta name=\"robots\" content=\"index, follow, max-snippet:-1, max-image-preview:large, max-video-preview:-1\" \/>\n<link rel=\"canonical\" href=\"https:\/\/bibliotecas.unileon.es\/tULEctura\/2015\/07\/14\/pablo-andres-escapa-certezas-de-un-inventor-de-fabulas\/\" \/>\n<meta property=\"og:locale\" content=\"es_ES\" \/>\n<meta property=\"og:type\" content=\"article\" \/>\n<meta property=\"og:title\" content=\"Pablo Andr\u00e9s Escapa: Certezas de un inventor de f\u00e1bulas - tULEctura\" \/>\n<meta property=\"og:description\" content=\"Pablo Andr\u00e9s Escapa, uno de los nombres m\u00e1s sonados actualmente en la narrativa espa\u00f1ola nos ha contado con elegante ret\u00f3rica sus\u00a0\u00abcertezas\u00bb como narrador. Para abrir boca nos ha recordado los que concibe principios a la hora de escribir que no son otros que los cl\u00e1sicos: la m\u00edmesis que ya no busca reproducir con exactitud, sino [&hellip;]\" \/>\n<meta property=\"og:url\" content=\"https:\/\/bibliotecas.unileon.es\/tULEctura\/2015\/07\/14\/pablo-andres-escapa-certezas-de-un-inventor-de-fabulas\/\" \/>\n<meta property=\"og:site_name\" content=\"tULEctura\" \/>\n<meta property=\"article:publisher\" content=\"https:\/\/www.facebook.com\/tulectura.unileon\/\" \/>\n<meta property=\"article:published_time\" content=\"2015-07-14T11:00:31+00:00\" \/>\n<meta property=\"article:modified_time\" content=\"2015-09-02T09:24:57+00:00\" \/>\n<meta property=\"og:image\" content=\"https:\/\/bibliotecas.unileon.es\/tULEctura\/files\/2015\/07\/baroja1.jpg\" \/>\n\t<meta property=\"og:image:width\" content=\"340\" \/>\n\t<meta property=\"og:image:height\" content=\"241\" \/>\n\t<meta property=\"og:image:type\" content=\"image\/jpeg\" \/>\n<meta name=\"author\" content=\"Raquel\" \/>\n<meta name=\"twitter:card\" content=\"summary_large_image\" \/>\n<meta name=\"twitter:creator\" content=\"@tULEctura_ULE\" \/>\n<meta name=\"twitter:site\" content=\"@tULEctura_ULE\" \/>\n<meta name=\"twitter:label1\" content=\"Escrito por\" \/>\n\t<meta name=\"twitter:data1\" content=\"Raquel\" \/>\n\t<meta name=\"twitter:label2\" content=\"Tiempo de lectura\" \/>\n\t<meta name=\"twitter:data2\" content=\"1 minuto\" \/>\n<script type=\"application\/ld+json\" class=\"yoast-schema-graph\">{\"@context\":\"https:\/\/schema.org\",\"@graph\":[{\"@type\":\"Article\",\"@id\":\"https:\/\/bibliotecas.unileon.es\/tULEctura\/2015\/07\/14\/pablo-andres-escapa-certezas-de-un-inventor-de-fabulas\/#article\",\"isPartOf\":{\"@id\":\"https:\/\/bibliotecas.unileon.es\/tULEctura\/2015\/07\/14\/pablo-andres-escapa-certezas-de-un-inventor-de-fabulas\/\"},\"author\":{\"name\":\"Raquel\",\"@id\":\"https:\/\/bibliotecas.unileon.es\/tULEctura\/#\/schema\/person\/d3dfaf3631663a5dc7857c88587199a2\"},\"headline\":\"Pablo Andr\u00e9s Escapa: Certezas de un inventor de f\u00e1bulas\",\"datePublished\":\"2015-07-14T11:00:31+00:00\",\"dateModified\":\"2015-09-02T09:24:57+00:00\",\"mainEntityOfPage\":{\"@id\":\"https:\/\/bibliotecas.unileon.es\/tULEctura\/2015\/07\/14\/pablo-andres-escapa-certezas-de-un-inventor-de-fabulas\/\"},\"wordCount\":291,\"commentCount\":0,\"publisher\":{\"@id\":\"https:\/\/bibliotecas.unileon.es\/tULEctura\/#organization\"},\"image\":{\"@id\":\"https:\/\/bibliotecas.unileon.es\/tULEctura\/2015\/07\/14\/pablo-andres-escapa-certezas-de-un-inventor-de-fabulas\/#primaryimage\"},\"thumbnailUrl\":\"http:\/\/bibliotecas.unileon.es\/tULEctura\/files\/2015\/07\/baroja1-300x213.jpg\",\"keywords\":[\"Pablo Andr\u00e9s Escapa\"],\"articleSection\":[\"actividades\",\"eventos\"],\"inLanguage\":\"es\",\"potentialAction\":[{\"@type\":\"CommentAction\",\"name\":\"Comment\",\"target\":[\"https:\/\/bibliotecas.unileon.es\/tULEctura\/2015\/07\/14\/pablo-andres-escapa-certezas-de-un-inventor-de-fabulas\/#respond\"]}]},{\"@type\":\"WebPage\",\"@id\":\"https:\/\/bibliotecas.unileon.es\/tULEctura\/2015\/07\/14\/pablo-andres-escapa-certezas-de-un-inventor-de-fabulas\/\",\"url\":\"https:\/\/bibliotecas.unileon.es\/tULEctura\/2015\/07\/14\/pablo-andres-escapa-certezas-de-un-inventor-de-fabulas\/\",\"name\":\"Pablo Andr\u00e9s Escapa: Certezas de un inventor de f\u00e1bulas - tULEctura\",\"isPartOf\":{\"@id\":\"https:\/\/bibliotecas.unileon.es\/tULEctura\/#website\"},\"primaryImageOfPage\":{\"@id\":\"https:\/\/bibliotecas.unileon.es\/tULEctura\/2015\/07\/14\/pablo-andres-escapa-certezas-de-un-inventor-de-fabulas\/#primaryimage\"},\"image\":{\"@id\":\"https:\/\/bibliotecas.unileon.es\/tULEctura\/2015\/07\/14\/pablo-andres-escapa-certezas-de-un-inventor-de-fabulas\/#primaryimage\"},\"thumbnailUrl\":\"http:\/\/bibliotecas.unileon.es\/tULEctura\/files\/2015\/07\/baroja1-300x213.jpg\",\"datePublished\":\"2015-07-14T11:00:31+00:00\",\"dateModified\":\"2015-09-02T09:24:57+00:00\",\"breadcrumb\":{\"@id\":\"https:\/\/bibliotecas.unileon.es\/tULEctura\/2015\/07\/14\/pablo-andres-escapa-certezas-de-un-inventor-de-fabulas\/#breadcrumb\"},\"inLanguage\":\"es\",\"potentialAction\":[{\"@type\":\"ReadAction\",\"target\":[\"https:\/\/bibliotecas.unileon.es\/tULEctura\/2015\/07\/14\/pablo-andres-escapa-certezas-de-un-inventor-de-fabulas\/\"]}]},{\"@type\":\"ImageObject\",\"inLanguage\":\"es\",\"@id\":\"https:\/\/bibliotecas.unileon.es\/tULEctura\/2015\/07\/14\/pablo-andres-escapa-certezas-de-un-inventor-de-fabulas\/#primaryimage\",\"url\":\"https:\/\/bibliotecas.unileon.es\/tULEctura\/files\/2015\/07\/baroja1.jpg\",\"contentUrl\":\"https:\/\/bibliotecas.unileon.es\/tULEctura\/files\/2015\/07\/baroja1.jpg\",\"width\":340,\"height\":241},{\"@type\":\"BreadcrumbList\",\"@id\":\"https:\/\/bibliotecas.unileon.es\/tULEctura\/2015\/07\/14\/pablo-andres-escapa-certezas-de-un-inventor-de-fabulas\/#breadcrumb\",\"itemListElement\":[{\"@type\":\"ListItem\",\"position\":1,\"name\":\"Home\",\"item\":\"https:\/\/bibliotecas.unileon.es\/tULEctura\/\"},{\"@type\":\"ListItem\",\"position\":2,\"name\":\"Pablo Andr\u00e9s Escapa: Certezas de un inventor de f\u00e1bulas\"}]},{\"@type\":\"WebSite\",\"@id\":\"https:\/\/bibliotecas.unileon.es\/tULEctura\/#website\",\"url\":\"https:\/\/bibliotecas.unileon.es\/tULEctura\/\",\"name\":\"tULEctura\",\"description\":\"Espacio de la Universidad de Le\u00f3n dedicado a la lectura\",\"publisher\":{\"@id\":\"https:\/\/bibliotecas.unileon.es\/tULEctura\/#organization\"},\"potentialAction\":[{\"@type\":\"SearchAction\",\"target\":{\"@type\":\"EntryPoint\",\"urlTemplate\":\"https:\/\/bibliotecas.unileon.es\/tULEctura\/?s={search_term_string}\"},\"query-input\":{\"@type\":\"PropertyValueSpecification\",\"valueRequired\":true,\"valueName\":\"search_term_string\"}}],\"inLanguage\":\"es\"},{\"@type\":\"Organization\",\"@id\":\"https:\/\/bibliotecas.unileon.es\/tULEctura\/#organization\",\"name\":\"Universidad de Le\u00f3n\",\"url\":\"https:\/\/bibliotecas.unileon.es\/tULEctura\/\",\"logo\":{\"@type\":\"ImageObject\",\"inLanguage\":\"es\",\"@id\":\"https:\/\/bibliotecas.unileon.es\/tULEctura\/#\/schema\/logo\/image\/\",\"url\":\"https:\/\/bibliotecas.unileon.es\/tULEctura\/files\/2018\/08\/TULECTURA_LOGO1.png\",\"contentUrl\":\"https:\/\/bibliotecas.unileon.es\/tULEctura\/files\/2018\/08\/TULECTURA_LOGO1.png\",\"width\":\"960\",\"height\":\"258\",\"caption\":\"Universidad de Le\u00f3n\"},\"image\":{\"@id\":\"https:\/\/bibliotecas.unileon.es\/tULEctura\/#\/schema\/logo\/image\/\"},\"sameAs\":[\"https:\/\/www.facebook.com\/tulectura.unileon\/\",\"https:\/\/x.com\/tULEctura_ULE\",\"https:\/\/www.instagram.com\/tulectura.unileon\/\",\"https:\/\/www.pinterest.es\/tulectura\/\",\"https:\/\/www.youtube.com\/channel\/UCoWaDD39lVlAQcOchwlTPVw\"]},{\"@type\":\"Person\",\"@id\":\"https:\/\/bibliotecas.unileon.es\/tULEctura\/#\/schema\/person\/d3dfaf3631663a5dc7857c88587199a2\",\"name\":\"Raquel\",\"image\":{\"@type\":\"ImageObject\",\"inLanguage\":\"es\",\"@id\":\"https:\/\/bibliotecas.unileon.es\/tULEctura\/#\/schema\/person\/image\/\",\"url\":\"https:\/\/secure.gravatar.com\/avatar\/1460df7b7681eda2e4af12ebb3cff06297eeae8ea62ac2e6a16f7e4d0cdca44b?s=96&d=mm&r=g\",\"contentUrl\":\"https:\/\/secure.gravatar.com\/avatar\/1460df7b7681eda2e4af12ebb3cff06297eeae8ea62ac2e6a16f7e4d0cdca44b?s=96&d=mm&r=g\",\"caption\":\"Raquel\"},\"url\":\"https:\/\/bibliotecas.unileon.es\/tULEctura\/author\/raquel\/\"}]}<\/script>\n<!-- \/ Yoast SEO plugin. -->","yoast_head_json":{"title":"Pablo Andr\u00e9s Escapa: Certezas de un inventor de f\u00e1bulas - tULEctura","robots":{"index":"index","follow":"follow","max-snippet":"max-snippet:-1","max-image-preview":"max-image-preview:large","max-video-preview":"max-video-preview:-1"},"canonical":"https:\/\/bibliotecas.unileon.es\/tULEctura\/2015\/07\/14\/pablo-andres-escapa-certezas-de-un-inventor-de-fabulas\/","og_locale":"es_ES","og_type":"article","og_title":"Pablo Andr\u00e9s Escapa: Certezas de un inventor de f\u00e1bulas - tULEctura","og_description":"Pablo Andr\u00e9s Escapa, uno de los nombres m\u00e1s sonados actualmente en la narrativa espa\u00f1ola nos ha contado con elegante ret\u00f3rica sus\u00a0\u00abcertezas\u00bb como narrador. Para abrir boca nos ha recordado los que concibe principios a la hora de escribir que no son otros que los cl\u00e1sicos: la m\u00edmesis que ya no busca reproducir con exactitud, sino [&hellip;]","og_url":"https:\/\/bibliotecas.unileon.es\/tULEctura\/2015\/07\/14\/pablo-andres-escapa-certezas-de-un-inventor-de-fabulas\/","og_site_name":"tULEctura","article_publisher":"https:\/\/www.facebook.com\/tulectura.unileon\/","article_published_time":"2015-07-14T11:00:31+00:00","article_modified_time":"2015-09-02T09:24:57+00:00","og_image":[{"width":340,"height":241,"url":"https:\/\/bibliotecas.unileon.es\/tULEctura\/files\/2015\/07\/baroja1.jpg","type":"image\/jpeg"}],"author":"Raquel","twitter_card":"summary_large_image","twitter_creator":"@tULEctura_ULE","twitter_site":"@tULEctura_ULE","twitter_misc":{"Escrito por":"Raquel","Tiempo de lectura":"1 minuto"},"schema":{"@context":"https:\/\/schema.org","@graph":[{"@type":"Article","@id":"https:\/\/bibliotecas.unileon.es\/tULEctura\/2015\/07\/14\/pablo-andres-escapa-certezas-de-un-inventor-de-fabulas\/#article","isPartOf":{"@id":"https:\/\/bibliotecas.unileon.es\/tULEctura\/2015\/07\/14\/pablo-andres-escapa-certezas-de-un-inventor-de-fabulas\/"},"author":{"name":"Raquel","@id":"https:\/\/bibliotecas.unileon.es\/tULEctura\/#\/schema\/person\/d3dfaf3631663a5dc7857c88587199a2"},"headline":"Pablo Andr\u00e9s Escapa: Certezas de un inventor de f\u00e1bulas","datePublished":"2015-07-14T11:00:31+00:00","dateModified":"2015-09-02T09:24:57+00:00","mainEntityOfPage":{"@id":"https:\/\/bibliotecas.unileon.es\/tULEctura\/2015\/07\/14\/pablo-andres-escapa-certezas-de-un-inventor-de-fabulas\/"},"wordCount":291,"commentCount":0,"publisher":{"@id":"https:\/\/bibliotecas.unileon.es\/tULEctura\/#organization"},"image":{"@id":"https:\/\/bibliotecas.unileon.es\/tULEctura\/2015\/07\/14\/pablo-andres-escapa-certezas-de-un-inventor-de-fabulas\/#primaryimage"},"thumbnailUrl":"http:\/\/bibliotecas.unileon.es\/tULEctura\/files\/2015\/07\/baroja1-300x213.jpg","keywords":["Pablo Andr\u00e9s Escapa"],"articleSection":["actividades","eventos"],"inLanguage":"es","potentialAction":[{"@type":"CommentAction","name":"Comment","target":["https:\/\/bibliotecas.unileon.es\/tULEctura\/2015\/07\/14\/pablo-andres-escapa-certezas-de-un-inventor-de-fabulas\/#respond"]}]},{"@type":"WebPage","@id":"https:\/\/bibliotecas.unileon.es\/tULEctura\/2015\/07\/14\/pablo-andres-escapa-certezas-de-un-inventor-de-fabulas\/","url":"https:\/\/bibliotecas.unileon.es\/tULEctura\/2015\/07\/14\/pablo-andres-escapa-certezas-de-un-inventor-de-fabulas\/","name":"Pablo Andr\u00e9s Escapa: Certezas de un inventor de f\u00e1bulas - tULEctura","isPartOf":{"@id":"https:\/\/bibliotecas.unileon.es\/tULEctura\/#website"},"primaryImageOfPage":{"@id":"https:\/\/bibliotecas.unileon.es\/tULEctura\/2015\/07\/14\/pablo-andres-escapa-certezas-de-un-inventor-de-fabulas\/#primaryimage"},"image":{"@id":"https:\/\/bibliotecas.unileon.es\/tULEctura\/2015\/07\/14\/pablo-andres-escapa-certezas-de-un-inventor-de-fabulas\/#primaryimage"},"thumbnailUrl":"http:\/\/bibliotecas.unileon.es\/tULEctura\/files\/2015\/07\/baroja1-300x213.jpg","datePublished":"2015-07-14T11:00:31+00:00","dateModified":"2015-09-02T09:24:57+00:00","breadcrumb":{"@id":"https:\/\/bibliotecas.unileon.es\/tULEctura\/2015\/07\/14\/pablo-andres-escapa-certezas-de-un-inventor-de-fabulas\/#breadcrumb"},"inLanguage":"es","potentialAction":[{"@type":"ReadAction","target":["https:\/\/bibliotecas.unileon.es\/tULEctura\/2015\/07\/14\/pablo-andres-escapa-certezas-de-un-inventor-de-fabulas\/"]}]},{"@type":"ImageObject","inLanguage":"es","@id":"https:\/\/bibliotecas.unileon.es\/tULEctura\/2015\/07\/14\/pablo-andres-escapa-certezas-de-un-inventor-de-fabulas\/#primaryimage","url":"https:\/\/bibliotecas.unileon.es\/tULEctura\/files\/2015\/07\/baroja1.jpg","contentUrl":"https:\/\/bibliotecas.unileon.es\/tULEctura\/files\/2015\/07\/baroja1.jpg","width":340,"height":241},{"@type":"BreadcrumbList","@id":"https:\/\/bibliotecas.unileon.es\/tULEctura\/2015\/07\/14\/pablo-andres-escapa-certezas-de-un-inventor-de-fabulas\/#breadcrumb","itemListElement":[{"@type":"ListItem","position":1,"name":"Home","item":"https:\/\/bibliotecas.unileon.es\/tULEctura\/"},{"@type":"ListItem","position":2,"name":"Pablo Andr\u00e9s Escapa: Certezas de un inventor de f\u00e1bulas"}]},{"@type":"WebSite","@id":"https:\/\/bibliotecas.unileon.es\/tULEctura\/#website","url":"https:\/\/bibliotecas.unileon.es\/tULEctura\/","name":"tULEctura","description":"Espacio de la Universidad de Le\u00f3n dedicado a la lectura","publisher":{"@id":"https:\/\/bibliotecas.unileon.es\/tULEctura\/#organization"},"potentialAction":[{"@type":"SearchAction","target":{"@type":"EntryPoint","urlTemplate":"https:\/\/bibliotecas.unileon.es\/tULEctura\/?s={search_term_string}"},"query-input":{"@type":"PropertyValueSpecification","valueRequired":true,"valueName":"search_term_string"}}],"inLanguage":"es"},{"@type":"Organization","@id":"https:\/\/bibliotecas.unileon.es\/tULEctura\/#organization","name":"Universidad de Le\u00f3n","url":"https:\/\/bibliotecas.unileon.es\/tULEctura\/","logo":{"@type":"ImageObject","inLanguage":"es","@id":"https:\/\/bibliotecas.unileon.es\/tULEctura\/#\/schema\/logo\/image\/","url":"https:\/\/bibliotecas.unileon.es\/tULEctura\/files\/2018\/08\/TULECTURA_LOGO1.png","contentUrl":"https:\/\/bibliotecas.unileon.es\/tULEctura\/files\/2018\/08\/TULECTURA_LOGO1.png","width":"960","height":"258","caption":"Universidad de Le\u00f3n"},"image":{"@id":"https:\/\/bibliotecas.unileon.es\/tULEctura\/#\/schema\/logo\/image\/"},"sameAs":["https:\/\/www.facebook.com\/tulectura.unileon\/","https:\/\/x.com\/tULEctura_ULE","https:\/\/www.instagram.com\/tulectura.unileon\/","https:\/\/www.pinterest.es\/tulectura\/","https:\/\/www.youtube.com\/channel\/UCoWaDD39lVlAQcOchwlTPVw"]},{"@type":"Person","@id":"https:\/\/bibliotecas.unileon.es\/tULEctura\/#\/schema\/person\/d3dfaf3631663a5dc7857c88587199a2","name":"Raquel","image":{"@type":"ImageObject","inLanguage":"es","@id":"https:\/\/bibliotecas.unileon.es\/tULEctura\/#\/schema\/person\/image\/","url":"https:\/\/secure.gravatar.com\/avatar\/1460df7b7681eda2e4af12ebb3cff06297eeae8ea62ac2e6a16f7e4d0cdca44b?s=96&d=mm&r=g","contentUrl":"https:\/\/secure.gravatar.com\/avatar\/1460df7b7681eda2e4af12ebb3cff06297eeae8ea62ac2e6a16f7e4d0cdca44b?s=96&d=mm&r=g","caption":"Raquel"},"url":"https:\/\/bibliotecas.unileon.es\/tULEctura\/author\/raquel\/"}]}},"_links":{"self":[{"href":"https:\/\/bibliotecas.unileon.es\/tULEctura\/wp-json\/wp\/v2\/posts\/3581","targetHints":{"allow":["GET"]}}],"collection":[{"href":"https:\/\/bibliotecas.unileon.es\/tULEctura\/wp-json\/wp\/v2\/posts"}],"about":[{"href":"https:\/\/bibliotecas.unileon.es\/tULEctura\/wp-json\/wp\/v2\/types\/post"}],"author":[{"embeddable":true,"href":"https:\/\/bibliotecas.unileon.es\/tULEctura\/wp-json\/wp\/v2\/users\/80"}],"replies":[{"embeddable":true,"href":"https:\/\/bibliotecas.unileon.es\/tULEctura\/wp-json\/wp\/v2\/comments?post=3581"}],"version-history":[{"count":1,"href":"https:\/\/bibliotecas.unileon.es\/tULEctura\/wp-json\/wp\/v2\/posts\/3581\/revisions"}],"predecessor-version":[{"id":3582,"href":"https:\/\/bibliotecas.unileon.es\/tULEctura\/wp-json\/wp\/v2\/posts\/3581\/revisions\/3582"}],"wp:attachment":[{"href":"https:\/\/bibliotecas.unileon.es\/tULEctura\/wp-json\/wp\/v2\/media?parent=3581"}],"wp:term":[{"taxonomy":"category","embeddable":true,"href":"https:\/\/bibliotecas.unileon.es\/tULEctura\/wp-json\/wp\/v2\/categories?post=3581"},{"taxonomy":"post_tag","embeddable":true,"href":"https:\/\/bibliotecas.unileon.es\/tULEctura\/wp-json\/wp\/v2\/tags?post=3581"}],"curies":[{"name":"wp","href":"https:\/\/api.w.org\/{rel}","templated":true}]}}