{"id":3874,"date":"2015-10-09T04:03:00","date_gmt":"2015-10-09T02:03:00","guid":{"rendered":"http:\/\/bibliotecas.unileon.es\/tULEctura\/?p=3874"},"modified":"2015-10-19T18:35:34","modified_gmt":"2015-10-19T16:35:34","slug":"los-atacantes-coloquio-participativo-de-los-socios","status":"publish","type":"post","link":"https:\/\/bibliotecas.unileon.es\/tULEctura\/2015\/10\/09\/los-atacantes-coloquio-participativo-de-los-socios\/","title":{"rendered":"Los atacantes: coloquio participativo de los socios (I)"},"content":{"rendered":"<p style=\"text-align: justify;\">Los <strong>fantasmas<\/strong>, <strong>vampiros<\/strong>, <strong>muertos vivientes<\/strong> y toda la galer\u00eda de <strong>monstruos<\/strong> cl\u00e1sicos que se nos\u00a0puedan ocurrir ya no nos dan miedo, como tampoco nos da miedo lo que lleva Mia\u00a0<span style=\"line-height: 1.71429; font-size: 1rem;\">Farrow en el vientre en \u00ab<\/span><span style=\"line-height: 1.71429; font-size: 1rem;\">La semilla del diablo\u00bb\u00a0<\/span><span style=\"font-size: 1rem; line-height: 1.71429;\">ni Jack Nicholson con cara de loco en \u00ab<\/span><span style=\"font-size: 1rem; line-height: 1.71429;\">El resplandor\u00bb. Las\u00a0historias de fantasmas siempre tuvieron un trasfondo que ahora no somos capaces de leer<img loading=\"lazy\" decoding=\"async\" class=\"alignright wp-image-3877 size-medium\" src=\"http:\/\/bibliotecas.unileon.es\/tULEctura\/files\/2015\/10\/ab59b3996a307788a33738ea04269238-200x300.jpg\" alt=\"ab59b3996a307788a33738ea04269238\" width=\"200\" height=\"300\" srcset=\"https:\/\/bibliotecas.unileon.es\/tULEctura\/files\/2015\/10\/ab59b3996a307788a33738ea04269238-200x300.jpg 200w, https:\/\/bibliotecas.unileon.es\/tULEctura\/files\/2015\/10\/ab59b3996a307788a33738ea04269238.jpg 500w\" sizes=\"auto, (max-width: 200px) 100vw, 200px\" \/> entre l\u00edneas y que escond\u00eda lecturas sociales. <strong>Alberto Chimal<\/strong> recupera esa funci\u00f3n del miedo, y a trav\u00e9s\u00a0de los\u00a0<\/span>siete relatos que componen <strong><em>Los atacantes<\/em><\/strong> nos hace reflexionar sobre los monstruos\u00a0cotidianos que a veces encontramos dentro de nosotros mismos.<\/p>\n<p style=\"text-align: justify;\">Para ser honestos con la verdad reconocemos que esta lectura (si no ha sido la que m\u00e1s) ha suscitado una gran participaci\u00f3n en el coloquio, de ah\u00ed que por la calidad y variedad de voces e ideas que pudieron o\u00edrse se van a publicar dos post al respecto. Aunque lo metaliterario fue lo \u00faltimo de lo que se habl\u00f3, empezamos por los dos cuentos que giran en torno a la creaci\u00f3n literaria y que son adem\u00e1s de gran valor literario.<\/p>\n<p style=\"text-align: justify;\"><strong><em>La sombra de Bola\u00f1o es muy alargada<\/em><\/strong><\/p>\n<p style=\"text-align: justify;\"><i><\/i><span style=\"font-weight: 400;\">En el \u00e1mbito de las letras hispanas se ha hablado mucho de la paradoja que encarn\u00f3 <strong>Cervantes<\/strong> lament\u00e1ndose por su mala suerte para componer verso y siendo a la vez el \u201cinventor\u201d de la novela moderna. Salvando las distancias, seguramente el pobre <strong>Bola\u00f1o<\/strong> nunca pens\u00f3 mientras comet\u00eda las excentricidades que nos cuenta en \u00abLos detectives salvajes<em>\u00ab<\/em><\/span><span style=\"font-weight: 400;\"> que los escritores <img loading=\"lazy\" decoding=\"async\" class=\"alignleft wp-image-3880 size-medium\" src=\"http:\/\/bibliotecas.unileon.es\/tULEctura\/files\/2015\/10\/21751669aea3a3493d11d65409f9eed8-205x300.jpg\" alt=\"21751669aea3a3493d11d65409f9eed8\" width=\"205\" height=\"300\" srcset=\"https:\/\/bibliotecas.unileon.es\/tULEctura\/files\/2015\/10\/21751669aea3a3493d11d65409f9eed8-205x300.jpg 205w, https:\/\/bibliotecas.unileon.es\/tULEctura\/files\/2015\/10\/21751669aea3a3493d11d65409f9eed8.jpg 547w\" sizes=\"auto, (max-width: 205px) 100vw, 205px\" \/>actuales -sus casi contempor\u00e1neos- pasar\u00edan a formar parte del eterno retorno literario y a\u00a0luchar contra el mordisco de su gran influencia como \u00e9l lo hizo con la de <strong>Octavio Paz<\/strong>, y otras grandes <\/span><i><span style=\"font-weight: 400;\">Celebridades<\/span><\/i><span style=\"font-weight: 400;\">.<\/span><\/p>\n<p style=\"text-align: justify;\"><span style=\"font-weight: 400;\">El narrador de Chimal se convierte en el Juan Garc\u00eda Madero del siglo XXI, en un <\/span><i><span style=\"font-weight: 400;\">salvaje <\/span><\/i><span style=\"font-weight: 400;\">de facto\u00a0que quiere vivir la vida literaria como la Celebridad. Una paradoja dentro de otra paradoja. El viaje trasatl\u00e1ntico que realiza lo que queda del cuerpo de Bola\u00f1o en la bodega de un barco (como Dr\u00e1cula en su d\u00eda) acaba volviendo a la vida y devorando entra\u00f1as sin mirar a qui\u00e9n<\/span><span style=\"font-weight: 400;\">. Por su inmortalidad podr\u00eda haber sido un vampiro, pero por lo peligroso del mordisco de su influencia ten\u00eda que ser un zombi. Qui\u00e9n sabe si en alg\u00fan lugar del cosmos, en un \u00a0c\u00edrculo del infierno de Dante\u00a0estar\u00e1n Bola\u00f1o y Octavio Paz de alguna forma, qui\u00e9n sabe si \u00a0no nos miran y r\u00eden. <\/span><\/p>\n<p style=\"text-align: justify;\"><em><strong>El fin del mundo es un lugar po\u00e9tico<\/strong><\/em><\/p>\n<p style=\"text-align: justify;\">Por unanimidad tULEctura declara <strong>\u00abArte\u00bb<\/strong> como el mejor cuento de la obra, o al menos el que m\u00e1s ha gustado. Destacan sobre todo la <strong>estructura<\/strong>, el <strong>tratamiento del tiempo y del espacio<\/strong> y el <strong>tono po\u00e9tico<\/strong> con el que el apocalipsis puede llegar a parecer un baile perfectamente coordinado al que cada uno pone su banda sonora. \u00abArte\u00bb es la evidencia de que la historia del<img loading=\"lazy\" decoding=\"async\" class=\"alignright wp-image-3881 size-medium\" src=\"http:\/\/bibliotecas.unileon.es\/tULEctura\/files\/2015\/10\/48764ed21a75e2848a5c196c075b25d3-248x300.jpg\" alt=\"48764ed21a75e2848a5c196c075b25d3\" width=\"248\" height=\"300\" srcset=\"https:\/\/bibliotecas.unileon.es\/tULEctura\/files\/2015\/10\/48764ed21a75e2848a5c196c075b25d3-248x300.jpg 248w, https:\/\/bibliotecas.unileon.es\/tULEctura\/files\/2015\/10\/48764ed21a75e2848a5c196c075b25d3.jpg 540w\" sizes=\"auto, (max-width: 248px) 100vw, 248px\" \/> mundo puede resumirse en los dos \u00faltimos habitantes de la tierra.<\/p>\n<p style=\"text-align: justify;\">A las sugerente im\u00e1genes evocadas y a todo el plano formal hay que a\u00f1adirle la fuerza de la\u00a0<strong><em>alteridad<\/em><\/strong>, de las <strong>perspectiva<\/strong>, reina del relato. La funci\u00f3n del arte se sublima por tanto en el hecho de completar nuestra visi\u00f3n del mundo, de comprender el todo en cada cosa y el que el\u00a0mundo pueda acabarse a las 7 de la tarde y a todas horas. Cada texto bien construido es un mundo dentro del mundo, y el poeta verdaderamente un demiurgo que nos hace\u00a0comprender un poco mejor el aleph borgiano.<\/p>\n<p style=\"text-align: justify;\">Puesto que esto es un espacio dedicado a la literatura es de justicia que hagamos una concesi\u00f3n al sentimentalismo que nos ha transmitido el cuento. Sin exageraciones, \u00abArte\u00bb es un cuento leer\u00edamos mil veces deseando que fuera la primera vez. Es un cuento que da sentido a cada minuto que dedicamos al arte, ganando as\u00ed un minuto de vida.<\/p>\n","protected":false},"excerpt":{"rendered":"<p>Los fantasmas, vampiros, muertos vivientes y toda la galer\u00eda de monstruos cl\u00e1sicos que se nos\u00a0puedan ocurrir ya no nos dan miedo, como tampoco nos da miedo lo que lleva Mia\u00a0Farrow en el vientre en \u00abLa semilla del diablo\u00bb\u00a0ni Jack Nicholson con cara de loco en \u00abEl resplandor\u00bb. Las\u00a0historias de fantasmas siempre tuvieron un trasfondo que [&hellip;]<\/p>\n","protected":false},"author":80,"featured_media":0,"comment_status":"open","ping_status":"open","sticky":false,"template":"","format":"standard","meta":{"_bbp_topic_count":0,"_bbp_reply_count":0,"_bbp_total_topic_count":0,"_bbp_total_reply_count":0,"_bbp_voice_count":0,"_bbp_anonymous_reply_count":0,"_bbp_topic_count_hidden":0,"_bbp_reply_count_hidden":0,"_bbp_forum_subforum_count":0,"_monsterinsights_skip_tracking":false,"_monsterinsights_sitenote_active":false,"_monsterinsights_sitenote_note":"","_monsterinsights_sitenote_category":0,"footnotes":""},"categories":[70],"tags":[57,284,282,281,285,283],"class_list":["post-3874","post","type-post","status-publish","format-standard","hentry","category-club-de-lectura-3","tag-alberto-chimal","tag-arte","tag-lectura-1-2015-2016","tag-los-atacantes","tag-los-salvajes","tag-roberto-bolano"],"yoast_head":"<!-- This site is optimized with the Yoast SEO plugin v25.8 - https:\/\/yoast.com\/wordpress\/plugins\/seo\/ -->\n<title>Los atacantes: coloquio participativo de los socios (I) - tULEctura<\/title>\n<meta name=\"robots\" content=\"index, follow, max-snippet:-1, max-image-preview:large, max-video-preview:-1\" \/>\n<link rel=\"canonical\" href=\"https:\/\/bibliotecas.unileon.es\/tULEctura\/2015\/10\/09\/los-atacantes-coloquio-participativo-de-los-socios\/\" \/>\n<meta property=\"og:locale\" content=\"es_ES\" \/>\n<meta property=\"og:type\" content=\"article\" \/>\n<meta property=\"og:title\" content=\"Los atacantes: coloquio participativo de los socios (I) - tULEctura\" \/>\n<meta property=\"og:description\" content=\"Los fantasmas, vampiros, muertos vivientes y toda la galer\u00eda de monstruos cl\u00e1sicos que se nos\u00a0puedan ocurrir ya no nos dan miedo, como tampoco nos da miedo lo que lleva Mia\u00a0Farrow en el vientre en \u00abLa semilla del diablo\u00bb\u00a0ni Jack Nicholson con cara de loco en \u00abEl resplandor\u00bb. Las\u00a0historias de fantasmas siempre tuvieron un trasfondo que [&hellip;]\" \/>\n<meta property=\"og:url\" content=\"https:\/\/bibliotecas.unileon.es\/tULEctura\/2015\/10\/09\/los-atacantes-coloquio-participativo-de-los-socios\/\" \/>\n<meta property=\"og:site_name\" content=\"tULEctura\" \/>\n<meta property=\"article:publisher\" content=\"https:\/\/www.facebook.com\/tulectura.unileon\/\" \/>\n<meta property=\"article:published_time\" content=\"2015-10-09T02:03:00+00:00\" \/>\n<meta property=\"article:modified_time\" content=\"2015-10-19T16:35:34+00:00\" \/>\n<meta property=\"og:image\" content=\"https:\/\/bibliotecas.unileon.es\/tULEctura\/files\/2015\/10\/ab59b3996a307788a33738ea04269238.jpg\" \/>\n\t<meta property=\"og:image:width\" content=\"500\" \/>\n\t<meta property=\"og:image:height\" content=\"750\" \/>\n\t<meta property=\"og:image:type\" content=\"image\/jpeg\" \/>\n<meta name=\"author\" content=\"Raquel\" \/>\n<meta name=\"twitter:card\" content=\"summary_large_image\" \/>\n<meta name=\"twitter:creator\" content=\"@tULEctura_ULE\" \/>\n<meta name=\"twitter:site\" content=\"@tULEctura_ULE\" \/>\n<meta name=\"twitter:label1\" content=\"Escrito por\" \/>\n\t<meta name=\"twitter:data1\" content=\"Raquel\" \/>\n\t<meta name=\"twitter:label2\" content=\"Tiempo de lectura\" \/>\n\t<meta name=\"twitter:data2\" content=\"3 minutos\" \/>\n<script type=\"application\/ld+json\" class=\"yoast-schema-graph\">{\"@context\":\"https:\/\/schema.org\",\"@graph\":[{\"@type\":\"Article\",\"@id\":\"https:\/\/bibliotecas.unileon.es\/tULEctura\/2015\/10\/09\/los-atacantes-coloquio-participativo-de-los-socios\/#article\",\"isPartOf\":{\"@id\":\"https:\/\/bibliotecas.unileon.es\/tULEctura\/2015\/10\/09\/los-atacantes-coloquio-participativo-de-los-socios\/\"},\"author\":{\"name\":\"Raquel\",\"@id\":\"https:\/\/bibliotecas.unileon.es\/tULEctura\/#\/schema\/person\/d3dfaf3631663a5dc7857c88587199a2\"},\"headline\":\"Los atacantes: coloquio participativo de los socios (I)\",\"datePublished\":\"2015-10-09T02:03:00+00:00\",\"dateModified\":\"2015-10-19T16:35:34+00:00\",\"mainEntityOfPage\":{\"@id\":\"https:\/\/bibliotecas.unileon.es\/tULEctura\/2015\/10\/09\/los-atacantes-coloquio-participativo-de-los-socios\/\"},\"wordCount\":693,\"commentCount\":3,\"publisher\":{\"@id\":\"https:\/\/bibliotecas.unileon.es\/tULEctura\/#organization\"},\"image\":{\"@id\":\"https:\/\/bibliotecas.unileon.es\/tULEctura\/2015\/10\/09\/los-atacantes-coloquio-participativo-de-los-socios\/#primaryimage\"},\"thumbnailUrl\":\"http:\/\/bibliotecas.unileon.es\/tULEctura\/files\/2015\/10\/ab59b3996a307788a33738ea04269238-200x300.jpg\",\"keywords\":[\"Alberto Chimal\",\"Arte\",\"lectura 1 (2015-2016)\",\"Los atacantes\",\"Los salvajes\",\"Roberto Bola\u00f1o\"],\"articleSection\":[\"club de lectura\"],\"inLanguage\":\"es\",\"potentialAction\":[{\"@type\":\"CommentAction\",\"name\":\"Comment\",\"target\":[\"https:\/\/bibliotecas.unileon.es\/tULEctura\/2015\/10\/09\/los-atacantes-coloquio-participativo-de-los-socios\/#respond\"]}]},{\"@type\":\"WebPage\",\"@id\":\"https:\/\/bibliotecas.unileon.es\/tULEctura\/2015\/10\/09\/los-atacantes-coloquio-participativo-de-los-socios\/\",\"url\":\"https:\/\/bibliotecas.unileon.es\/tULEctura\/2015\/10\/09\/los-atacantes-coloquio-participativo-de-los-socios\/\",\"name\":\"Los atacantes: coloquio participativo de los socios (I) - tULEctura\",\"isPartOf\":{\"@id\":\"https:\/\/bibliotecas.unileon.es\/tULEctura\/#website\"},\"primaryImageOfPage\":{\"@id\":\"https:\/\/bibliotecas.unileon.es\/tULEctura\/2015\/10\/09\/los-atacantes-coloquio-participativo-de-los-socios\/#primaryimage\"},\"image\":{\"@id\":\"https:\/\/bibliotecas.unileon.es\/tULEctura\/2015\/10\/09\/los-atacantes-coloquio-participativo-de-los-socios\/#primaryimage\"},\"thumbnailUrl\":\"http:\/\/bibliotecas.unileon.es\/tULEctura\/files\/2015\/10\/ab59b3996a307788a33738ea04269238-200x300.jpg\",\"datePublished\":\"2015-10-09T02:03:00+00:00\",\"dateModified\":\"2015-10-19T16:35:34+00:00\",\"breadcrumb\":{\"@id\":\"https:\/\/bibliotecas.unileon.es\/tULEctura\/2015\/10\/09\/los-atacantes-coloquio-participativo-de-los-socios\/#breadcrumb\"},\"inLanguage\":\"es\",\"potentialAction\":[{\"@type\":\"ReadAction\",\"target\":[\"https:\/\/bibliotecas.unileon.es\/tULEctura\/2015\/10\/09\/los-atacantes-coloquio-participativo-de-los-socios\/\"]}]},{\"@type\":\"ImageObject\",\"inLanguage\":\"es\",\"@id\":\"https:\/\/bibliotecas.unileon.es\/tULEctura\/2015\/10\/09\/los-atacantes-coloquio-participativo-de-los-socios\/#primaryimage\",\"url\":\"https:\/\/bibliotecas.unileon.es\/tULEctura\/files\/2015\/10\/ab59b3996a307788a33738ea04269238.jpg\",\"contentUrl\":\"https:\/\/bibliotecas.unileon.es\/tULEctura\/files\/2015\/10\/ab59b3996a307788a33738ea04269238.jpg\",\"width\":500,\"height\":750},{\"@type\":\"BreadcrumbList\",\"@id\":\"https:\/\/bibliotecas.unileon.es\/tULEctura\/2015\/10\/09\/los-atacantes-coloquio-participativo-de-los-socios\/#breadcrumb\",\"itemListElement\":[{\"@type\":\"ListItem\",\"position\":1,\"name\":\"Home\",\"item\":\"https:\/\/bibliotecas.unileon.es\/tULEctura\/\"},{\"@type\":\"ListItem\",\"position\":2,\"name\":\"Los atacantes: coloquio participativo de los socios (I)\"}]},{\"@type\":\"WebSite\",\"@id\":\"https:\/\/bibliotecas.unileon.es\/tULEctura\/#website\",\"url\":\"https:\/\/bibliotecas.unileon.es\/tULEctura\/\",\"name\":\"tULEctura\",\"description\":\"Espacio de la Universidad de Le\u00f3n dedicado a la lectura\",\"publisher\":{\"@id\":\"https:\/\/bibliotecas.unileon.es\/tULEctura\/#organization\"},\"potentialAction\":[{\"@type\":\"SearchAction\",\"target\":{\"@type\":\"EntryPoint\",\"urlTemplate\":\"https:\/\/bibliotecas.unileon.es\/tULEctura\/?s={search_term_string}\"},\"query-input\":{\"@type\":\"PropertyValueSpecification\",\"valueRequired\":true,\"valueName\":\"search_term_string\"}}],\"inLanguage\":\"es\"},{\"@type\":\"Organization\",\"@id\":\"https:\/\/bibliotecas.unileon.es\/tULEctura\/#organization\",\"name\":\"Universidad de Le\u00f3n\",\"url\":\"https:\/\/bibliotecas.unileon.es\/tULEctura\/\",\"logo\":{\"@type\":\"ImageObject\",\"inLanguage\":\"es\",\"@id\":\"https:\/\/bibliotecas.unileon.es\/tULEctura\/#\/schema\/logo\/image\/\",\"url\":\"https:\/\/bibliotecas.unileon.es\/tULEctura\/files\/2018\/08\/TULECTURA_LOGO1.png\",\"contentUrl\":\"https:\/\/bibliotecas.unileon.es\/tULEctura\/files\/2018\/08\/TULECTURA_LOGO1.png\",\"width\":\"960\",\"height\":\"258\",\"caption\":\"Universidad de Le\u00f3n\"},\"image\":{\"@id\":\"https:\/\/bibliotecas.unileon.es\/tULEctura\/#\/schema\/logo\/image\/\"},\"sameAs\":[\"https:\/\/www.facebook.com\/tulectura.unileon\/\",\"https:\/\/x.com\/tULEctura_ULE\",\"https:\/\/www.instagram.com\/tulectura.unileon\/\",\"https:\/\/www.pinterest.es\/tulectura\/\",\"https:\/\/www.youtube.com\/channel\/UCoWaDD39lVlAQcOchwlTPVw\"]},{\"@type\":\"Person\",\"@id\":\"https:\/\/bibliotecas.unileon.es\/tULEctura\/#\/schema\/person\/d3dfaf3631663a5dc7857c88587199a2\",\"name\":\"Raquel\",\"image\":{\"@type\":\"ImageObject\",\"inLanguage\":\"es\",\"@id\":\"https:\/\/bibliotecas.unileon.es\/tULEctura\/#\/schema\/person\/image\/\",\"url\":\"https:\/\/secure.gravatar.com\/avatar\/1460df7b7681eda2e4af12ebb3cff06297eeae8ea62ac2e6a16f7e4d0cdca44b?s=96&d=mm&r=g\",\"contentUrl\":\"https:\/\/secure.gravatar.com\/avatar\/1460df7b7681eda2e4af12ebb3cff06297eeae8ea62ac2e6a16f7e4d0cdca44b?s=96&d=mm&r=g\",\"caption\":\"Raquel\"},\"url\":\"https:\/\/bibliotecas.unileon.es\/tULEctura\/author\/raquel\/\"}]}<\/script>\n<!-- \/ Yoast SEO plugin. -->","yoast_head_json":{"title":"Los atacantes: coloquio participativo de los socios (I) - tULEctura","robots":{"index":"index","follow":"follow","max-snippet":"max-snippet:-1","max-image-preview":"max-image-preview:large","max-video-preview":"max-video-preview:-1"},"canonical":"https:\/\/bibliotecas.unileon.es\/tULEctura\/2015\/10\/09\/los-atacantes-coloquio-participativo-de-los-socios\/","og_locale":"es_ES","og_type":"article","og_title":"Los atacantes: coloquio participativo de los socios (I) - tULEctura","og_description":"Los fantasmas, vampiros, muertos vivientes y toda la galer\u00eda de monstruos cl\u00e1sicos que se nos\u00a0puedan ocurrir ya no nos dan miedo, como tampoco nos da miedo lo que lleva Mia\u00a0Farrow en el vientre en \u00abLa semilla del diablo\u00bb\u00a0ni Jack Nicholson con cara de loco en \u00abEl resplandor\u00bb. Las\u00a0historias de fantasmas siempre tuvieron un trasfondo que [&hellip;]","og_url":"https:\/\/bibliotecas.unileon.es\/tULEctura\/2015\/10\/09\/los-atacantes-coloquio-participativo-de-los-socios\/","og_site_name":"tULEctura","article_publisher":"https:\/\/www.facebook.com\/tulectura.unileon\/","article_published_time":"2015-10-09T02:03:00+00:00","article_modified_time":"2015-10-19T16:35:34+00:00","og_image":[{"width":500,"height":750,"url":"https:\/\/bibliotecas.unileon.es\/tULEctura\/files\/2015\/10\/ab59b3996a307788a33738ea04269238.jpg","type":"image\/jpeg"}],"author":"Raquel","twitter_card":"summary_large_image","twitter_creator":"@tULEctura_ULE","twitter_site":"@tULEctura_ULE","twitter_misc":{"Escrito por":"Raquel","Tiempo de lectura":"3 minutos"},"schema":{"@context":"https:\/\/schema.org","@graph":[{"@type":"Article","@id":"https:\/\/bibliotecas.unileon.es\/tULEctura\/2015\/10\/09\/los-atacantes-coloquio-participativo-de-los-socios\/#article","isPartOf":{"@id":"https:\/\/bibliotecas.unileon.es\/tULEctura\/2015\/10\/09\/los-atacantes-coloquio-participativo-de-los-socios\/"},"author":{"name":"Raquel","@id":"https:\/\/bibliotecas.unileon.es\/tULEctura\/#\/schema\/person\/d3dfaf3631663a5dc7857c88587199a2"},"headline":"Los atacantes: coloquio participativo de los socios (I)","datePublished":"2015-10-09T02:03:00+00:00","dateModified":"2015-10-19T16:35:34+00:00","mainEntityOfPage":{"@id":"https:\/\/bibliotecas.unileon.es\/tULEctura\/2015\/10\/09\/los-atacantes-coloquio-participativo-de-los-socios\/"},"wordCount":693,"commentCount":3,"publisher":{"@id":"https:\/\/bibliotecas.unileon.es\/tULEctura\/#organization"},"image":{"@id":"https:\/\/bibliotecas.unileon.es\/tULEctura\/2015\/10\/09\/los-atacantes-coloquio-participativo-de-los-socios\/#primaryimage"},"thumbnailUrl":"http:\/\/bibliotecas.unileon.es\/tULEctura\/files\/2015\/10\/ab59b3996a307788a33738ea04269238-200x300.jpg","keywords":["Alberto Chimal","Arte","lectura 1 (2015-2016)","Los atacantes","Los salvajes","Roberto Bola\u00f1o"],"articleSection":["club de lectura"],"inLanguage":"es","potentialAction":[{"@type":"CommentAction","name":"Comment","target":["https:\/\/bibliotecas.unileon.es\/tULEctura\/2015\/10\/09\/los-atacantes-coloquio-participativo-de-los-socios\/#respond"]}]},{"@type":"WebPage","@id":"https:\/\/bibliotecas.unileon.es\/tULEctura\/2015\/10\/09\/los-atacantes-coloquio-participativo-de-los-socios\/","url":"https:\/\/bibliotecas.unileon.es\/tULEctura\/2015\/10\/09\/los-atacantes-coloquio-participativo-de-los-socios\/","name":"Los atacantes: coloquio participativo de los socios (I) - tULEctura","isPartOf":{"@id":"https:\/\/bibliotecas.unileon.es\/tULEctura\/#website"},"primaryImageOfPage":{"@id":"https:\/\/bibliotecas.unileon.es\/tULEctura\/2015\/10\/09\/los-atacantes-coloquio-participativo-de-los-socios\/#primaryimage"},"image":{"@id":"https:\/\/bibliotecas.unileon.es\/tULEctura\/2015\/10\/09\/los-atacantes-coloquio-participativo-de-los-socios\/#primaryimage"},"thumbnailUrl":"http:\/\/bibliotecas.unileon.es\/tULEctura\/files\/2015\/10\/ab59b3996a307788a33738ea04269238-200x300.jpg","datePublished":"2015-10-09T02:03:00+00:00","dateModified":"2015-10-19T16:35:34+00:00","breadcrumb":{"@id":"https:\/\/bibliotecas.unileon.es\/tULEctura\/2015\/10\/09\/los-atacantes-coloquio-participativo-de-los-socios\/#breadcrumb"},"inLanguage":"es","potentialAction":[{"@type":"ReadAction","target":["https:\/\/bibliotecas.unileon.es\/tULEctura\/2015\/10\/09\/los-atacantes-coloquio-participativo-de-los-socios\/"]}]},{"@type":"ImageObject","inLanguage":"es","@id":"https:\/\/bibliotecas.unileon.es\/tULEctura\/2015\/10\/09\/los-atacantes-coloquio-participativo-de-los-socios\/#primaryimage","url":"https:\/\/bibliotecas.unileon.es\/tULEctura\/files\/2015\/10\/ab59b3996a307788a33738ea04269238.jpg","contentUrl":"https:\/\/bibliotecas.unileon.es\/tULEctura\/files\/2015\/10\/ab59b3996a307788a33738ea04269238.jpg","width":500,"height":750},{"@type":"BreadcrumbList","@id":"https:\/\/bibliotecas.unileon.es\/tULEctura\/2015\/10\/09\/los-atacantes-coloquio-participativo-de-los-socios\/#breadcrumb","itemListElement":[{"@type":"ListItem","position":1,"name":"Home","item":"https:\/\/bibliotecas.unileon.es\/tULEctura\/"},{"@type":"ListItem","position":2,"name":"Los atacantes: coloquio participativo de los socios (I)"}]},{"@type":"WebSite","@id":"https:\/\/bibliotecas.unileon.es\/tULEctura\/#website","url":"https:\/\/bibliotecas.unileon.es\/tULEctura\/","name":"tULEctura","description":"Espacio de la Universidad de Le\u00f3n dedicado a la lectura","publisher":{"@id":"https:\/\/bibliotecas.unileon.es\/tULEctura\/#organization"},"potentialAction":[{"@type":"SearchAction","target":{"@type":"EntryPoint","urlTemplate":"https:\/\/bibliotecas.unileon.es\/tULEctura\/?s={search_term_string}"},"query-input":{"@type":"PropertyValueSpecification","valueRequired":true,"valueName":"search_term_string"}}],"inLanguage":"es"},{"@type":"Organization","@id":"https:\/\/bibliotecas.unileon.es\/tULEctura\/#organization","name":"Universidad de Le\u00f3n","url":"https:\/\/bibliotecas.unileon.es\/tULEctura\/","logo":{"@type":"ImageObject","inLanguage":"es","@id":"https:\/\/bibliotecas.unileon.es\/tULEctura\/#\/schema\/logo\/image\/","url":"https:\/\/bibliotecas.unileon.es\/tULEctura\/files\/2018\/08\/TULECTURA_LOGO1.png","contentUrl":"https:\/\/bibliotecas.unileon.es\/tULEctura\/files\/2018\/08\/TULECTURA_LOGO1.png","width":"960","height":"258","caption":"Universidad de Le\u00f3n"},"image":{"@id":"https:\/\/bibliotecas.unileon.es\/tULEctura\/#\/schema\/logo\/image\/"},"sameAs":["https:\/\/www.facebook.com\/tulectura.unileon\/","https:\/\/x.com\/tULEctura_ULE","https:\/\/www.instagram.com\/tulectura.unileon\/","https:\/\/www.pinterest.es\/tulectura\/","https:\/\/www.youtube.com\/channel\/UCoWaDD39lVlAQcOchwlTPVw"]},{"@type":"Person","@id":"https:\/\/bibliotecas.unileon.es\/tULEctura\/#\/schema\/person\/d3dfaf3631663a5dc7857c88587199a2","name":"Raquel","image":{"@type":"ImageObject","inLanguage":"es","@id":"https:\/\/bibliotecas.unileon.es\/tULEctura\/#\/schema\/person\/image\/","url":"https:\/\/secure.gravatar.com\/avatar\/1460df7b7681eda2e4af12ebb3cff06297eeae8ea62ac2e6a16f7e4d0cdca44b?s=96&d=mm&r=g","contentUrl":"https:\/\/secure.gravatar.com\/avatar\/1460df7b7681eda2e4af12ebb3cff06297eeae8ea62ac2e6a16f7e4d0cdca44b?s=96&d=mm&r=g","caption":"Raquel"},"url":"https:\/\/bibliotecas.unileon.es\/tULEctura\/author\/raquel\/"}]}},"_links":{"self":[{"href":"https:\/\/bibliotecas.unileon.es\/tULEctura\/wp-json\/wp\/v2\/posts\/3874","targetHints":{"allow":["GET"]}}],"collection":[{"href":"https:\/\/bibliotecas.unileon.es\/tULEctura\/wp-json\/wp\/v2\/posts"}],"about":[{"href":"https:\/\/bibliotecas.unileon.es\/tULEctura\/wp-json\/wp\/v2\/types\/post"}],"author":[{"embeddable":true,"href":"https:\/\/bibliotecas.unileon.es\/tULEctura\/wp-json\/wp\/v2\/users\/80"}],"replies":[{"embeddable":true,"href":"https:\/\/bibliotecas.unileon.es\/tULEctura\/wp-json\/wp\/v2\/comments?post=3874"}],"version-history":[{"count":9,"href":"https:\/\/bibliotecas.unileon.es\/tULEctura\/wp-json\/wp\/v2\/posts\/3874\/revisions"}],"predecessor-version":[{"id":3893,"href":"https:\/\/bibliotecas.unileon.es\/tULEctura\/wp-json\/wp\/v2\/posts\/3874\/revisions\/3893"}],"wp:attachment":[{"href":"https:\/\/bibliotecas.unileon.es\/tULEctura\/wp-json\/wp\/v2\/media?parent=3874"}],"wp:term":[{"taxonomy":"category","embeddable":true,"href":"https:\/\/bibliotecas.unileon.es\/tULEctura\/wp-json\/wp\/v2\/categories?post=3874"},{"taxonomy":"post_tag","embeddable":true,"href":"https:\/\/bibliotecas.unileon.es\/tULEctura\/wp-json\/wp\/v2\/tags?post=3874"}],"curies":[{"name":"wp","href":"https:\/\/api.w.org\/{rel}","templated":true}]}}