{"id":4381,"date":"2016-04-20T07:00:06","date_gmt":"2016-04-20T05:00:06","guid":{"rendered":"http:\/\/bibliotecas.unileon.es\/tULEctura\/?p=4381"},"modified":"2016-04-14T11:58:35","modified_gmt":"2016-04-14T09:58:35","slug":"dia-libro","status":"publish","type":"post","link":"https:\/\/bibliotecas.unileon.es\/tULEctura\/2016\/04\/20\/dia-libro\/","title":{"rendered":"D\u00eda del libro"},"content":{"rendered":"<p>&nbsp;<\/p>\n<p style=\"text-align: justify;\">Se acercan los festejos pertinentes y \u00a0t\u00fa ya sospechas\u00a0nuestra <a href=\"http:\/\/bibliotecas.unileon.es\/tULEctura\/2015\/04\/23\/dia-del-libro\/\" target=\"_blank\">opini\u00f3n sobre el D\u00eda del LIbro<\/a>. En medio \u00a0de los actos programados para la \u00a0celebraci\u00f3n de esta fecha, a veces el folclore no deja lugar para&#8230; el propio libro y su lectura.\u00a0\u00a0Compras, regalos, descuentos, homenajes, eventos, actividades y dem\u00e1s teatrillos pseudoculturetas ocupan el lugar de lo que habr\u00eda de ser esencial en este d\u00eda: reconocer el poder de los libros para explicar y conectar a las personas.<\/p>\n<p style=\"text-align: justify;\">Los libros son <em>\u00abm\u00e1quinas del tiempo y m\u00e1quinas contra el tiempo\u00bb<\/em> (<a href=\"http:\/\/bibliotecas.unileon.es\/tULEctura\/2015\/12\/03\/4021\/\" target=\"_blank\">\u00bfrecuerdas a Juan Pedro Aparicio?<\/a>), capaces de romper fronteras geogr\u00e1ficas, \u00e9ticas o religiosas, de\u00a0establecer puentes en los que pueden encontrarse y \u00a0dialogar \u00a0todas las culturas. No dejemos que la estridencia y el barullo de la conmemoraci\u00f3n distraiga del <strong>poderoso grito de la lectura<\/strong>.<\/p>\n<div id=\"attachment_4382\" style=\"width: 612px\" class=\"wp-caption aligncenter\"><img loading=\"lazy\" decoding=\"async\" aria-describedby=\"caption-attachment-4382\" class=\"wp-image-4382\" src=\"http:\/\/bibliotecas.unileon.es\/tULEctura\/files\/2016\/04\/28db2bc36814231f4cccf0fb33a3746b.jpg\" alt=\"Alireza Darvish - The Bridge of Time, 2012\" width=\"602\" height=\"397\" srcset=\"https:\/\/bibliotecas.unileon.es\/tULEctura\/files\/2016\/04\/28db2bc36814231f4cccf0fb33a3746b.jpg 564w, https:\/\/bibliotecas.unileon.es\/tULEctura\/files\/2016\/04\/28db2bc36814231f4cccf0fb33a3746b-300x198.jpg 300w\" sizes=\"auto, (max-width: 602px) 100vw, 602px\" \/><p id=\"caption-attachment-4382\" class=\"wp-caption-text\">Alireza Darvish &#8211; The Bridge of Time, 2012<\/p><\/div>\n<p style=\"text-align: center;\"><strong><a href=\"http:\/\/unesdoc.unesco.org\/images\/0024\/002443\/244337s.pdf\" class=\"mtli_attachment mtli_pdf\" target=\"_blank\">Mensaje<\/a> de la Sra. Irina Bokova,<\/strong><br \/>\n<span style=\"line-height: 1.71429; font-size: 1rem;\"><strong>Directora General de la UNESCO,<\/strong><br \/>\n<strong> con motivo del D\u00eda Mundial del Libro y del Derecho de Autor<\/strong><br \/>\n<strong> 23 de abril de 2016<\/strong><br \/>\n<\/span><\/p>\n<p style=\"text-align: justify;\"><span style=\"line-height: 1.71429; font-size: 1rem;\">No hay nada como un libro. <\/span><\/p>\n<p style=\"text-align: justify;\"><span style=\"line-height: 1.71429; font-size: 1rem;\">Un libro es un v\u00ednculo entre el pasado y el futuro. Es un puente entre generaciones y entre culturas. Es una fuerza para crear y compartir la sabidur\u00eda y el conocimiento. <\/span><\/p>\n<p style=\"text-align: justify;\"><span style=\"line-height: 1.71429; font-size: 1rem;\">Frank Kafka dijo una vez: \u201cun libro debe ser un hacha para romper los mares congelados dentro de nuestra alma\u201d. <\/span><\/p>\n<p style=\"text-align: justify;\"><span style=\"line-height: 1.71429; font-size: 1rem;\">Ventanas a nuestra vida interior, <strong>los libros son tambi\u00e9n la puerta a la comprensi\u00f3n y el respeto entre los pueblos, m\u00e1s all\u00e1 de las fronteras y las diferencias<\/strong>. En todas sus formas, los libros encarnan la diversidad del ingenio humano, dando cuerpo a la riqueza de la experiencia humana, verbalizando la b\u00fasqueda de sentido y de expresi\u00f3n que comparten todas las mujeres y todos los hombres, que hace avanzar a todas las sociedades. Los libros contribuyen a unir a la humanidad como una sola familia, compartiendo un pasado, una historia y un patrimonio, para forjar un destino com\u00fan donde todas las voces sean escuchadas en el gran coro de las aspiraciones humanas. <\/span><\/p>\n<p style=\"text-align: justify;\"><span style=\"line-height: 1.71429; font-size: 1rem;\">En el D\u00eda Mundial del Libro y del Derecho de Autor, en colaboraci\u00f3n con la Uni\u00f3n Internacional de Editores, la Federaci\u00f3n Internacional de Libreros y la Federaci\u00f3n Internacional de Asociaciones de Bibliotecarios y Bibliotecas, esto es lo que celebramos: el poder de los libros para fomentar la creatividad y promover el di\u00e1logo entre las mujeres y los hombres de todas las culturas. Doy las gracias a Wroclaw (Polonia), Capital Mundial del Libro 2016, por su compromiso con la difusi\u00f3n de este mensaje en todo el mundo. <\/span><\/p>\n<p style=\"text-align: justify;\"><span style=\"line-height: 1.71429; font-size: 1rem;\">Esto nunca ha sido m\u00e1s importante, en un momento en que la cultura es objeto de ataques, en que la libertad de expresi\u00f3n se ve amenazada y en que la diversidad afronta un auge de la intolerancia. <strong>En tiempos revueltos, los libros representan la capacidad humana de evocar mundos reales e imaginarios y expresarlos en palabras de entendimiento, di\u00e1logo y tolerancia. Son s\u00edmbolos de esperanza y de di\u00e1logo que debemos valorar y defender.<\/strong><\/span><\/p>\n<p style=\"text-align: justify;\"><span style=\"line-height: 1.71429; font-size: 1rem;\"> William Shakespeare muri\u00f3 el 23 de abril de 1616, solo un d\u00eda despu\u00e9s que Cervantes. En este d\u00eda, hago un llamamiento a todos los asociados de la UNESCO para compartir este mensaje: los libros tienen el poder de contrarrestar lo que Shakespeare llam\u00f3 \u201cla maldici\u00f3n com\u00fan del g\u00e9nero humano, la necedad y la ignorancia\u201d.\u00a0<\/span><\/p>\n","protected":false},"excerpt":{"rendered":"<p>&nbsp; Se acercan los festejos pertinentes y \u00a0t\u00fa ya sospechas\u00a0nuestra opini\u00f3n sobre el D\u00eda del LIbro. En medio \u00a0de los actos programados para la \u00a0celebraci\u00f3n de esta fecha, a veces el folclore no deja lugar para&#8230; el propio libro y su lectura.\u00a0\u00a0Compras, regalos, descuentos, homenajes, eventos, actividades y dem\u00e1s teatrillos pseudoculturetas ocupan el lugar de [&hellip;]<\/p>\n","protected":false},"author":73,"featured_media":0,"comment_status":"open","ping_status":"open","sticky":false,"template":"","format":"standard","meta":{"_bbp_topic_count":0,"_bbp_reply_count":0,"_bbp_total_topic_count":0,"_bbp_total_reply_count":0,"_bbp_voice_count":0,"_bbp_anonymous_reply_count":0,"_bbp_topic_count_hidden":0,"_bbp_reply_count_hidden":0,"_bbp_forum_subforum_count":0,"_monsterinsights_skip_tracking":false,"_monsterinsights_sitenote_active":false,"_monsterinsights_sitenote_note":"","_monsterinsights_sitenote_category":0,"footnotes":""},"categories":[75],"tags":[125],"class_list":["post-4381","post","type-post","status-publish","format-standard","hentry","category-de-todo-un-poco","tag-dia-del-libro"],"yoast_head":"<!-- This site is optimized with the Yoast SEO plugin v25.8 - https:\/\/yoast.com\/wordpress\/plugins\/seo\/ -->\n<title>D\u00eda del libro - tULEctura<\/title>\n<meta name=\"robots\" content=\"index, follow, max-snippet:-1, max-image-preview:large, max-video-preview:-1\" \/>\n<link rel=\"canonical\" href=\"https:\/\/bibliotecas.unileon.es\/tULEctura\/2016\/04\/20\/dia-libro\/\" \/>\n<meta property=\"og:locale\" content=\"es_ES\" \/>\n<meta property=\"og:type\" content=\"article\" \/>\n<meta property=\"og:title\" content=\"D\u00eda del libro - tULEctura\" \/>\n<meta property=\"og:description\" content=\"&nbsp; Se acercan los festejos pertinentes y \u00a0t\u00fa ya sospechas\u00a0nuestra opini\u00f3n sobre el D\u00eda del LIbro. En medio \u00a0de los actos programados para la \u00a0celebraci\u00f3n de esta fecha, a veces el folclore no deja lugar para&#8230; el propio libro y su lectura.\u00a0\u00a0Compras, regalos, descuentos, homenajes, eventos, actividades y dem\u00e1s teatrillos pseudoculturetas ocupan el lugar de [&hellip;]\" \/>\n<meta property=\"og:url\" content=\"https:\/\/bibliotecas.unileon.es\/tULEctura\/2016\/04\/20\/dia-libro\/\" \/>\n<meta property=\"og:site_name\" content=\"tULEctura\" \/>\n<meta property=\"article:publisher\" content=\"https:\/\/www.facebook.com\/tulectura.unileon\/\" \/>\n<meta property=\"article:published_time\" content=\"2016-04-20T05:00:06+00:00\" \/>\n<meta property=\"og:image\" content=\"https:\/\/bibliotecas.unileon.es\/tULEctura\/files\/2016\/04\/28db2bc36814231f4cccf0fb33a3746b.jpg\" \/>\n\t<meta property=\"og:image:width\" content=\"564\" \/>\n\t<meta property=\"og:image:height\" content=\"372\" \/>\n\t<meta property=\"og:image:type\" content=\"image\/jpeg\" \/>\n<meta name=\"author\" content=\"tULEctura\" \/>\n<meta name=\"twitter:card\" content=\"summary_large_image\" \/>\n<meta name=\"twitter:creator\" content=\"@tULEctura_ULE\" \/>\n<meta name=\"twitter:site\" content=\"@tULEctura_ULE\" \/>\n<meta name=\"twitter:label1\" content=\"Escrito por\" \/>\n\t<meta name=\"twitter:data1\" content=\"tULEctura\" \/>\n\t<meta name=\"twitter:label2\" content=\"Tiempo de lectura\" \/>\n\t<meta name=\"twitter:data2\" content=\"3 minutos\" \/>\n<script type=\"application\/ld+json\" class=\"yoast-schema-graph\">{\"@context\":\"https:\/\/schema.org\",\"@graph\":[{\"@type\":\"Article\",\"@id\":\"https:\/\/bibliotecas.unileon.es\/tULEctura\/2016\/04\/20\/dia-libro\/#article\",\"isPartOf\":{\"@id\":\"https:\/\/bibliotecas.unileon.es\/tULEctura\/2016\/04\/20\/dia-libro\/\"},\"author\":{\"name\":\"tULEctura\",\"@id\":\"https:\/\/bibliotecas.unileon.es\/tULEctura\/#\/schema\/person\/c8977b10c1fdf7d1dab5629f08287597\"},\"headline\":\"D\u00eda del libro\",\"datePublished\":\"2016-04-20T05:00:06+00:00\",\"mainEntityOfPage\":{\"@id\":\"https:\/\/bibliotecas.unileon.es\/tULEctura\/2016\/04\/20\/dia-libro\/\"},\"wordCount\":594,\"commentCount\":0,\"publisher\":{\"@id\":\"https:\/\/bibliotecas.unileon.es\/tULEctura\/#organization\"},\"image\":{\"@id\":\"https:\/\/bibliotecas.unileon.es\/tULEctura\/2016\/04\/20\/dia-libro\/#primaryimage\"},\"thumbnailUrl\":\"http:\/\/bibliotecas.unileon.es\/tULEctura\/files\/2016\/04\/28db2bc36814231f4cccf0fb33a3746b.jpg\",\"keywords\":[\"D\u00eda del libro.\"],\"articleSection\":[\"De todo un poco\"],\"inLanguage\":\"es\",\"potentialAction\":[{\"@type\":\"CommentAction\",\"name\":\"Comment\",\"target\":[\"https:\/\/bibliotecas.unileon.es\/tULEctura\/2016\/04\/20\/dia-libro\/#respond\"]}]},{\"@type\":\"WebPage\",\"@id\":\"https:\/\/bibliotecas.unileon.es\/tULEctura\/2016\/04\/20\/dia-libro\/\",\"url\":\"https:\/\/bibliotecas.unileon.es\/tULEctura\/2016\/04\/20\/dia-libro\/\",\"name\":\"D\u00eda del libro - tULEctura\",\"isPartOf\":{\"@id\":\"https:\/\/bibliotecas.unileon.es\/tULEctura\/#website\"},\"primaryImageOfPage\":{\"@id\":\"https:\/\/bibliotecas.unileon.es\/tULEctura\/2016\/04\/20\/dia-libro\/#primaryimage\"},\"image\":{\"@id\":\"https:\/\/bibliotecas.unileon.es\/tULEctura\/2016\/04\/20\/dia-libro\/#primaryimage\"},\"thumbnailUrl\":\"http:\/\/bibliotecas.unileon.es\/tULEctura\/files\/2016\/04\/28db2bc36814231f4cccf0fb33a3746b.jpg\",\"datePublished\":\"2016-04-20T05:00:06+00:00\",\"breadcrumb\":{\"@id\":\"https:\/\/bibliotecas.unileon.es\/tULEctura\/2016\/04\/20\/dia-libro\/#breadcrumb\"},\"inLanguage\":\"es\",\"potentialAction\":[{\"@type\":\"ReadAction\",\"target\":[\"https:\/\/bibliotecas.unileon.es\/tULEctura\/2016\/04\/20\/dia-libro\/\"]}]},{\"@type\":\"ImageObject\",\"inLanguage\":\"es\",\"@id\":\"https:\/\/bibliotecas.unileon.es\/tULEctura\/2016\/04\/20\/dia-libro\/#primaryimage\",\"url\":\"https:\/\/bibliotecas.unileon.es\/tULEctura\/files\/2016\/04\/28db2bc36814231f4cccf0fb33a3746b.jpg\",\"contentUrl\":\"https:\/\/bibliotecas.unileon.es\/tULEctura\/files\/2016\/04\/28db2bc36814231f4cccf0fb33a3746b.jpg\",\"width\":564,\"height\":372,\"caption\":\"Alireza Darvish - The Bridge of Time, 2012\"},{\"@type\":\"BreadcrumbList\",\"@id\":\"https:\/\/bibliotecas.unileon.es\/tULEctura\/2016\/04\/20\/dia-libro\/#breadcrumb\",\"itemListElement\":[{\"@type\":\"ListItem\",\"position\":1,\"name\":\"Home\",\"item\":\"https:\/\/bibliotecas.unileon.es\/tULEctura\/\"},{\"@type\":\"ListItem\",\"position\":2,\"name\":\"D\u00eda del libro\"}]},{\"@type\":\"WebSite\",\"@id\":\"https:\/\/bibliotecas.unileon.es\/tULEctura\/#website\",\"url\":\"https:\/\/bibliotecas.unileon.es\/tULEctura\/\",\"name\":\"tULEctura\",\"description\":\"Espacio de la Universidad de Le\u00f3n dedicado a la lectura\",\"publisher\":{\"@id\":\"https:\/\/bibliotecas.unileon.es\/tULEctura\/#organization\"},\"potentialAction\":[{\"@type\":\"SearchAction\",\"target\":{\"@type\":\"EntryPoint\",\"urlTemplate\":\"https:\/\/bibliotecas.unileon.es\/tULEctura\/?s={search_term_string}\"},\"query-input\":{\"@type\":\"PropertyValueSpecification\",\"valueRequired\":true,\"valueName\":\"search_term_string\"}}],\"inLanguage\":\"es\"},{\"@type\":\"Organization\",\"@id\":\"https:\/\/bibliotecas.unileon.es\/tULEctura\/#organization\",\"name\":\"Universidad de Le\u00f3n\",\"url\":\"https:\/\/bibliotecas.unileon.es\/tULEctura\/\",\"logo\":{\"@type\":\"ImageObject\",\"inLanguage\":\"es\",\"@id\":\"https:\/\/bibliotecas.unileon.es\/tULEctura\/#\/schema\/logo\/image\/\",\"url\":\"https:\/\/bibliotecas.unileon.es\/tULEctura\/files\/2018\/08\/TULECTURA_LOGO1.png\",\"contentUrl\":\"https:\/\/bibliotecas.unileon.es\/tULEctura\/files\/2018\/08\/TULECTURA_LOGO1.png\",\"width\":\"960\",\"height\":\"258\",\"caption\":\"Universidad de Le\u00f3n\"},\"image\":{\"@id\":\"https:\/\/bibliotecas.unileon.es\/tULEctura\/#\/schema\/logo\/image\/\"},\"sameAs\":[\"https:\/\/www.facebook.com\/tulectura.unileon\/\",\"https:\/\/x.com\/tULEctura_ULE\",\"https:\/\/www.instagram.com\/tulectura.unileon\/\",\"https:\/\/www.pinterest.es\/tulectura\/\",\"https:\/\/www.youtube.com\/channel\/UCoWaDD39lVlAQcOchwlTPVw\"]},{\"@type\":\"Person\",\"@id\":\"https:\/\/bibliotecas.unileon.es\/tULEctura\/#\/schema\/person\/c8977b10c1fdf7d1dab5629f08287597\",\"name\":\"tULEctura\",\"image\":{\"@type\":\"ImageObject\",\"inLanguage\":\"es\",\"@id\":\"https:\/\/bibliotecas.unileon.es\/tULEctura\/#\/schema\/person\/image\/\",\"url\":\"https:\/\/secure.gravatar.com\/avatar\/0333df4303886fb64623b9e9187f54a040d3d4a3ef64faa35cef06145923a9ab?s=96&d=mm&r=g\",\"contentUrl\":\"https:\/\/secure.gravatar.com\/avatar\/0333df4303886fb64623b9e9187f54a040d3d4a3ef64faa35cef06145923a9ab?s=96&d=mm&r=g\",\"caption\":\"tULEctura\"},\"url\":\"https:\/\/bibliotecas.unileon.es\/tULEctura\/author\/buua1\/\"}]}<\/script>\n<!-- \/ Yoast SEO plugin. -->","yoast_head_json":{"title":"D\u00eda del libro - tULEctura","robots":{"index":"index","follow":"follow","max-snippet":"max-snippet:-1","max-image-preview":"max-image-preview:large","max-video-preview":"max-video-preview:-1"},"canonical":"https:\/\/bibliotecas.unileon.es\/tULEctura\/2016\/04\/20\/dia-libro\/","og_locale":"es_ES","og_type":"article","og_title":"D\u00eda del libro - tULEctura","og_description":"&nbsp; Se acercan los festejos pertinentes y \u00a0t\u00fa ya sospechas\u00a0nuestra opini\u00f3n sobre el D\u00eda del LIbro. En medio \u00a0de los actos programados para la \u00a0celebraci\u00f3n de esta fecha, a veces el folclore no deja lugar para&#8230; el propio libro y su lectura.\u00a0\u00a0Compras, regalos, descuentos, homenajes, eventos, actividades y dem\u00e1s teatrillos pseudoculturetas ocupan el lugar de [&hellip;]","og_url":"https:\/\/bibliotecas.unileon.es\/tULEctura\/2016\/04\/20\/dia-libro\/","og_site_name":"tULEctura","article_publisher":"https:\/\/www.facebook.com\/tulectura.unileon\/","article_published_time":"2016-04-20T05:00:06+00:00","og_image":[{"width":564,"height":372,"url":"https:\/\/bibliotecas.unileon.es\/tULEctura\/files\/2016\/04\/28db2bc36814231f4cccf0fb33a3746b.jpg","type":"image\/jpeg"}],"author":"tULEctura","twitter_card":"summary_large_image","twitter_creator":"@tULEctura_ULE","twitter_site":"@tULEctura_ULE","twitter_misc":{"Escrito por":"tULEctura","Tiempo de lectura":"3 minutos"},"schema":{"@context":"https:\/\/schema.org","@graph":[{"@type":"Article","@id":"https:\/\/bibliotecas.unileon.es\/tULEctura\/2016\/04\/20\/dia-libro\/#article","isPartOf":{"@id":"https:\/\/bibliotecas.unileon.es\/tULEctura\/2016\/04\/20\/dia-libro\/"},"author":{"name":"tULEctura","@id":"https:\/\/bibliotecas.unileon.es\/tULEctura\/#\/schema\/person\/c8977b10c1fdf7d1dab5629f08287597"},"headline":"D\u00eda del libro","datePublished":"2016-04-20T05:00:06+00:00","mainEntityOfPage":{"@id":"https:\/\/bibliotecas.unileon.es\/tULEctura\/2016\/04\/20\/dia-libro\/"},"wordCount":594,"commentCount":0,"publisher":{"@id":"https:\/\/bibliotecas.unileon.es\/tULEctura\/#organization"},"image":{"@id":"https:\/\/bibliotecas.unileon.es\/tULEctura\/2016\/04\/20\/dia-libro\/#primaryimage"},"thumbnailUrl":"http:\/\/bibliotecas.unileon.es\/tULEctura\/files\/2016\/04\/28db2bc36814231f4cccf0fb33a3746b.jpg","keywords":["D\u00eda del libro."],"articleSection":["De todo un poco"],"inLanguage":"es","potentialAction":[{"@type":"CommentAction","name":"Comment","target":["https:\/\/bibliotecas.unileon.es\/tULEctura\/2016\/04\/20\/dia-libro\/#respond"]}]},{"@type":"WebPage","@id":"https:\/\/bibliotecas.unileon.es\/tULEctura\/2016\/04\/20\/dia-libro\/","url":"https:\/\/bibliotecas.unileon.es\/tULEctura\/2016\/04\/20\/dia-libro\/","name":"D\u00eda del libro - tULEctura","isPartOf":{"@id":"https:\/\/bibliotecas.unileon.es\/tULEctura\/#website"},"primaryImageOfPage":{"@id":"https:\/\/bibliotecas.unileon.es\/tULEctura\/2016\/04\/20\/dia-libro\/#primaryimage"},"image":{"@id":"https:\/\/bibliotecas.unileon.es\/tULEctura\/2016\/04\/20\/dia-libro\/#primaryimage"},"thumbnailUrl":"http:\/\/bibliotecas.unileon.es\/tULEctura\/files\/2016\/04\/28db2bc36814231f4cccf0fb33a3746b.jpg","datePublished":"2016-04-20T05:00:06+00:00","breadcrumb":{"@id":"https:\/\/bibliotecas.unileon.es\/tULEctura\/2016\/04\/20\/dia-libro\/#breadcrumb"},"inLanguage":"es","potentialAction":[{"@type":"ReadAction","target":["https:\/\/bibliotecas.unileon.es\/tULEctura\/2016\/04\/20\/dia-libro\/"]}]},{"@type":"ImageObject","inLanguage":"es","@id":"https:\/\/bibliotecas.unileon.es\/tULEctura\/2016\/04\/20\/dia-libro\/#primaryimage","url":"https:\/\/bibliotecas.unileon.es\/tULEctura\/files\/2016\/04\/28db2bc36814231f4cccf0fb33a3746b.jpg","contentUrl":"https:\/\/bibliotecas.unileon.es\/tULEctura\/files\/2016\/04\/28db2bc36814231f4cccf0fb33a3746b.jpg","width":564,"height":372,"caption":"Alireza Darvish - The Bridge of Time, 2012"},{"@type":"BreadcrumbList","@id":"https:\/\/bibliotecas.unileon.es\/tULEctura\/2016\/04\/20\/dia-libro\/#breadcrumb","itemListElement":[{"@type":"ListItem","position":1,"name":"Home","item":"https:\/\/bibliotecas.unileon.es\/tULEctura\/"},{"@type":"ListItem","position":2,"name":"D\u00eda del libro"}]},{"@type":"WebSite","@id":"https:\/\/bibliotecas.unileon.es\/tULEctura\/#website","url":"https:\/\/bibliotecas.unileon.es\/tULEctura\/","name":"tULEctura","description":"Espacio de la Universidad de Le\u00f3n dedicado a la lectura","publisher":{"@id":"https:\/\/bibliotecas.unileon.es\/tULEctura\/#organization"},"potentialAction":[{"@type":"SearchAction","target":{"@type":"EntryPoint","urlTemplate":"https:\/\/bibliotecas.unileon.es\/tULEctura\/?s={search_term_string}"},"query-input":{"@type":"PropertyValueSpecification","valueRequired":true,"valueName":"search_term_string"}}],"inLanguage":"es"},{"@type":"Organization","@id":"https:\/\/bibliotecas.unileon.es\/tULEctura\/#organization","name":"Universidad de Le\u00f3n","url":"https:\/\/bibliotecas.unileon.es\/tULEctura\/","logo":{"@type":"ImageObject","inLanguage":"es","@id":"https:\/\/bibliotecas.unileon.es\/tULEctura\/#\/schema\/logo\/image\/","url":"https:\/\/bibliotecas.unileon.es\/tULEctura\/files\/2018\/08\/TULECTURA_LOGO1.png","contentUrl":"https:\/\/bibliotecas.unileon.es\/tULEctura\/files\/2018\/08\/TULECTURA_LOGO1.png","width":"960","height":"258","caption":"Universidad de Le\u00f3n"},"image":{"@id":"https:\/\/bibliotecas.unileon.es\/tULEctura\/#\/schema\/logo\/image\/"},"sameAs":["https:\/\/www.facebook.com\/tulectura.unileon\/","https:\/\/x.com\/tULEctura_ULE","https:\/\/www.instagram.com\/tulectura.unileon\/","https:\/\/www.pinterest.es\/tulectura\/","https:\/\/www.youtube.com\/channel\/UCoWaDD39lVlAQcOchwlTPVw"]},{"@type":"Person","@id":"https:\/\/bibliotecas.unileon.es\/tULEctura\/#\/schema\/person\/c8977b10c1fdf7d1dab5629f08287597","name":"tULEctura","image":{"@type":"ImageObject","inLanguage":"es","@id":"https:\/\/bibliotecas.unileon.es\/tULEctura\/#\/schema\/person\/image\/","url":"https:\/\/secure.gravatar.com\/avatar\/0333df4303886fb64623b9e9187f54a040d3d4a3ef64faa35cef06145923a9ab?s=96&d=mm&r=g","contentUrl":"https:\/\/secure.gravatar.com\/avatar\/0333df4303886fb64623b9e9187f54a040d3d4a3ef64faa35cef06145923a9ab?s=96&d=mm&r=g","caption":"tULEctura"},"url":"https:\/\/bibliotecas.unileon.es\/tULEctura\/author\/buua1\/"}]}},"_links":{"self":[{"href":"https:\/\/bibliotecas.unileon.es\/tULEctura\/wp-json\/wp\/v2\/posts\/4381","targetHints":{"allow":["GET"]}}],"collection":[{"href":"https:\/\/bibliotecas.unileon.es\/tULEctura\/wp-json\/wp\/v2\/posts"}],"about":[{"href":"https:\/\/bibliotecas.unileon.es\/tULEctura\/wp-json\/wp\/v2\/types\/post"}],"author":[{"embeddable":true,"href":"https:\/\/bibliotecas.unileon.es\/tULEctura\/wp-json\/wp\/v2\/users\/73"}],"replies":[{"embeddable":true,"href":"https:\/\/bibliotecas.unileon.es\/tULEctura\/wp-json\/wp\/v2\/comments?post=4381"}],"version-history":[{"count":1,"href":"https:\/\/bibliotecas.unileon.es\/tULEctura\/wp-json\/wp\/v2\/posts\/4381\/revisions"}],"predecessor-version":[{"id":4383,"href":"https:\/\/bibliotecas.unileon.es\/tULEctura\/wp-json\/wp\/v2\/posts\/4381\/revisions\/4383"}],"wp:attachment":[{"href":"https:\/\/bibliotecas.unileon.es\/tULEctura\/wp-json\/wp\/v2\/media?parent=4381"}],"wp:term":[{"taxonomy":"category","embeddable":true,"href":"https:\/\/bibliotecas.unileon.es\/tULEctura\/wp-json\/wp\/v2\/categories?post=4381"},{"taxonomy":"post_tag","embeddable":true,"href":"https:\/\/bibliotecas.unileon.es\/tULEctura\/wp-json\/wp\/v2\/tags?post=4381"}],"curies":[{"name":"wp","href":"https:\/\/api.w.org\/{rel}","templated":true}]}}