{"id":4415,"date":"2016-05-05T15:15:46","date_gmt":"2016-05-05T13:15:46","guid":{"rendered":"http:\/\/bibliotecas.unileon.es\/tULEctura\/?p=4415"},"modified":"2016-05-05T15:29:35","modified_gmt":"2016-05-05T13:29:35","slug":"4415","status":"publish","type":"post","link":"https:\/\/bibliotecas.unileon.es\/tULEctura\/2016\/05\/05\/4415\/","title":{"rendered":"Acto de entrega de premios de los concursos (2015-2016)"},"content":{"rendered":"<div id=\"attachment_4416\" style=\"width: 635px\" class=\"wp-caption aligncenter\"><img loading=\"lazy\" decoding=\"async\" aria-describedby=\"caption-attachment-4416\" class=\"wp-image-4416 size-large\" src=\"http:\/\/bibliotecas.unileon.es\/tULEctura\/files\/2016\/05\/29-Abril-2016-Premiados-en-los-concursos-del-club-tULEctura-01-1-1024x476.jpg\" alt=\"29-Abril-2016 (Premiados en los concursos del club tULEctura)-01 (1)\" width=\"625\" height=\"291\" srcset=\"https:\/\/bibliotecas.unileon.es\/tULEctura\/files\/2016\/05\/29-Abril-2016-Premiados-en-los-concursos-del-club-tULEctura-01-1-1024x476.jpg 1024w, https:\/\/bibliotecas.unileon.es\/tULEctura\/files\/2016\/05\/29-Abril-2016-Premiados-en-los-concursos-del-club-tULEctura-01-1-300x139.jpg 300w, https:\/\/bibliotecas.unileon.es\/tULEctura\/files\/2016\/05\/29-Abril-2016-Premiados-en-los-concursos-del-club-tULEctura-01-1-768x357.jpg 768w, https:\/\/bibliotecas.unileon.es\/tULEctura\/files\/2016\/05\/29-Abril-2016-Premiados-en-los-concursos-del-club-tULEctura-01-1-624x290.jpg 624w, https:\/\/bibliotecas.unileon.es\/tULEctura\/files\/2016\/05\/29-Abril-2016-Premiados-en-los-concursos-del-club-tULEctura-01-1.jpg 1076w\" sizes=\"auto, (max-width: 625px) 100vw, 625px\" \/><p id=\"caption-attachment-4416\" class=\"wp-caption-text\">Los premiados, los colaboradores, los organizadores&#8230; \u00a1Enhorabuena a todos!<\/p><\/div>\n<blockquote>\n<p style=\"text-align: right;\">(Por: Rosa M. Algorri Caso)<\/p>\n<p style=\"text-align: justify;\">El pasado 29 de abril, en la Biblioteca San Isidoro de nuestra universidad, estaba convocada para la entrega de un premio de fotograf\u00eda que el\u00a0jurado del Concurso de fotograf\u00eda \u201cLectura y Universidad: conectando generaciones\u201d promovido por el CEI Triangular y la Biblioteca de la ULE hab\u00eda tenido a bien otorgarme. En el mismo acto se entregaron\u00a0los premios de microrrelatos \u201cUnidos por generaciones\u201d. Tanto unos como otros ten\u00edan dos categor\u00edas: una para la comunidad universitaria CEI-3 \u00a0y otra para mayores de 60 a\u00f1os residentes en Le\u00f3n.<\/p>\n<p style=\"text-align: justify;\">Para m\u00ed fue un acto muy emotivo y entra\u00f1able, dentro de una cierta solemnidad, que dio un punto m\u00e1s de importancia al mismo,\u00a0 sobre todo en el \u00a0momento en que las personas ganadoras leyeron sus microrrelatos; fue tan bonito escuchar sus palabras, llenas de sentimiento y orgullo, \u00a0voces que nos llevaron a un mundo de valores \u201cde los de antes\u201d.\u00a0 Me resulta dif\u00edcil explicar la atm\u00f3sfera que invadi\u00f3 aquella sala<\/p>\n<p style=\"text-align: justify;\">Creo que la labor de la Universidad de acercarse a la sociedad que nos rodea se desarrolla plenamente\u00a0con este tipo de actividades, adem\u00e1s conseguir \u201cconectar generaciones\u201d en un momento en que todo son nuevas tecnolog\u00edas y poca relaci\u00f3n humana.<\/p>\n<p style=\"text-align: justify;\">Enhorabuena, y much\u00edsimas gracias por haberme permitido participar en esta sesi\u00f3n tan especial. Espero que tenga continuidad la labor que se ha comenzado y se celebren muchos\u00a0actos como este.<\/p>\n<p>Un cordial saludo,<\/p><\/blockquote>\n<p style=\"text-align: justify;\">Felicidades a los ganadores de los concursos de <a href=\"http:\/\/bibliotecas.unileon.es\/tULEctura\/2016\/03\/18\/anagramas-presencial\/\" target=\"_blank\">anagramas<\/a>, <a href=\"http:\/\/bibliotecas.unileon.es\/tULEctura\/2016\/02\/19\/ganadores-del-concurso-de-fotografia-lectura-y-universidad-conectando-generaciones\/\" target=\"_blank\">fotograf\u00eda<\/a> y <a href=\"http:\/\/bibliotecas.unileon.es\/tULEctura\/2016\/04\/23\/premios-concurso-microrrelatos-generaciones\/\" target=\"_blank\">microrrelatos<\/a>.\u00a0Para los que no pudieron asistir, para los que quieran recordarla, este es el v\u00eddeo de la sesi\u00f3n. (Aunque <a href=\"http:\/\/bibliotecas.unileon.es\/tULEctura\/2016\/04\/23\/premios-concurso-microrrelatos-generaciones\/\" target=\"_blank\">los microrrelatos de los ganadores se pueden leer en la entrada correspondiente del blog<\/a>\u00a0, merece la pena escucharlos en la voz de sus autores)<\/p>\n<h2 style=\"text-align: center;\">\u00a1Enhorabuena para todos!<\/h2>\n<p>&nbsp;<br \/>\n<embed src='https:\/\/videos.unileon.es\/swf\/p\/player.swf?autostart=false' height='400' width='580' allowscriptaccess='always' allowfullscreen='true' flashvars=\"&#038;autostart=false&#038;bandwidth=17867&#038;file=%2Fvideos%2F131%2F3343.flv&#038;plugins=viral-2d&#038;streamer=rtmp%3A%2F%2Fsamario.unileon.es%2Fmedia%2Fvideos%2F131%2F3343.flv&#038;stretching=fill&#038;viral.functions=embed%2Clink&#038;viral.onpause=false\"\/><\/p>\n","protected":false},"excerpt":{"rendered":"<p>(Por: Rosa M. Algorri Caso) El pasado 29 de abril, en la Biblioteca San Isidoro de nuestra universidad, estaba convocada para la entrega de un premio de fotograf\u00eda que el\u00a0jurado del Concurso de fotograf\u00eda \u201cLectura y Universidad: conectando generaciones\u201d promovido por el CEI Triangular y la Biblioteca de la ULE hab\u00eda tenido a bien otorgarme. [&hellip;]<\/p>\n","protected":false},"author":73,"featured_media":0,"comment_status":"open","ping_status":"open","sticky":false,"template":"","format":"standard","meta":{"_bbp_topic_count":0,"_bbp_reply_count":0,"_bbp_total_topic_count":0,"_bbp_total_reply_count":0,"_bbp_voice_count":0,"_bbp_anonymous_reply_count":0,"_bbp_topic_count_hidden":0,"_bbp_reply_count_hidden":0,"_bbp_forum_subforum_count":0,"_monsterinsights_skip_tracking":false,"_monsterinsights_sitenote_active":false,"_monsterinsights_sitenote_note":"","_monsterinsights_sitenote_category":0,"footnotes":""},"categories":[24,23],"tags":[310,295,293,55,297,296,58,294,298],"class_list":["post-4415","post","type-post","status-publish","format-standard","hentry","category-eventos","category-noticias","tag-anagramas","tag-area-de-actividades-estudiantiles","tag-campus-de-excelencia-internacional","tag-concursos","tag-consorcio-de-bibliotecas-universitarias-de-castilla-y-leon","tag-fotografia","tag-microrrelato","tag-programa-de-acercamiento-intergeneracional","tag-red-internacional-de-universidades-lectoras"],"yoast_head":"<!-- This site is optimized with the Yoast SEO plugin v25.8 - https:\/\/yoast.com\/wordpress\/plugins\/seo\/ -->\n<title>Acto de entrega de premios de los concursos (2015-2016) - tULEctura<\/title>\n<meta name=\"robots\" content=\"index, follow, max-snippet:-1, max-image-preview:large, max-video-preview:-1\" \/>\n<link rel=\"canonical\" href=\"https:\/\/bibliotecas.unileon.es\/tULEctura\/2016\/05\/05\/4415\/\" \/>\n<meta property=\"og:locale\" content=\"es_ES\" \/>\n<meta property=\"og:type\" content=\"article\" \/>\n<meta property=\"og:title\" content=\"Acto de entrega de premios de los concursos (2015-2016) - tULEctura\" \/>\n<meta property=\"og:description\" content=\"(Por: Rosa M. Algorri Caso) El pasado 29 de abril, en la Biblioteca San Isidoro de nuestra universidad, estaba convocada para la entrega de un premio de fotograf\u00eda que el\u00a0jurado del Concurso de fotograf\u00eda \u201cLectura y Universidad: conectando generaciones\u201d promovido por el CEI Triangular y la Biblioteca de la ULE hab\u00eda tenido a bien otorgarme. [&hellip;]\" \/>\n<meta property=\"og:url\" content=\"https:\/\/bibliotecas.unileon.es\/tULEctura\/2016\/05\/05\/4415\/\" \/>\n<meta property=\"og:site_name\" content=\"tULEctura\" \/>\n<meta property=\"article:publisher\" content=\"https:\/\/www.facebook.com\/tulectura.unileon\/\" \/>\n<meta property=\"article:published_time\" content=\"2016-05-05T13:15:46+00:00\" \/>\n<meta property=\"article:modified_time\" content=\"2016-05-05T13:29:35+00:00\" \/>\n<meta property=\"og:image\" content=\"https:\/\/bibliotecas.unileon.es\/tULEctura\/files\/2016\/05\/29-Abril-2016-Premiados-en-los-concursos-del-club-tULEctura-01-1.jpg\" \/>\n\t<meta property=\"og:image:width\" content=\"1076\" \/>\n\t<meta property=\"og:image:height\" content=\"500\" \/>\n\t<meta property=\"og:image:type\" content=\"image\/jpeg\" \/>\n<meta name=\"author\" content=\"tULEctura\" \/>\n<meta name=\"twitter:card\" content=\"summary_large_image\" \/>\n<meta name=\"twitter:creator\" content=\"@tULEctura_ULE\" \/>\n<meta name=\"twitter:site\" content=\"@tULEctura_ULE\" \/>\n<meta name=\"twitter:label1\" content=\"Escrito por\" \/>\n\t<meta name=\"twitter:data1\" content=\"tULEctura\" \/>\n\t<meta name=\"twitter:label2\" content=\"Tiempo de lectura\" \/>\n\t<meta name=\"twitter:data2\" content=\"2 minutos\" \/>\n<script type=\"application\/ld+json\" class=\"yoast-schema-graph\">{\"@context\":\"https:\/\/schema.org\",\"@graph\":[{\"@type\":\"Article\",\"@id\":\"https:\/\/bibliotecas.unileon.es\/tULEctura\/2016\/05\/05\/4415\/#article\",\"isPartOf\":{\"@id\":\"https:\/\/bibliotecas.unileon.es\/tULEctura\/2016\/05\/05\/4415\/\"},\"author\":{\"name\":\"tULEctura\",\"@id\":\"https:\/\/bibliotecas.unileon.es\/tULEctura\/#\/schema\/person\/c8977b10c1fdf7d1dab5629f08287597\"},\"headline\":\"Acto de entrega de premios de los concursos (2015-2016)\",\"datePublished\":\"2016-05-05T13:15:46+00:00\",\"dateModified\":\"2016-05-05T13:29:35+00:00\",\"mainEntityOfPage\":{\"@id\":\"https:\/\/bibliotecas.unileon.es\/tULEctura\/2016\/05\/05\/4415\/\"},\"wordCount\":336,\"commentCount\":0,\"publisher\":{\"@id\":\"https:\/\/bibliotecas.unileon.es\/tULEctura\/#organization\"},\"image\":{\"@id\":\"https:\/\/bibliotecas.unileon.es\/tULEctura\/2016\/05\/05\/4415\/#primaryimage\"},\"thumbnailUrl\":\"http:\/\/bibliotecas.unileon.es\/tULEctura\/files\/2016\/05\/29-Abril-2016-Premiados-en-los-concursos-del-club-tULEctura-01-1-1024x476.jpg\",\"keywords\":[\"anagramas\",\"\u00c1rea de Actividades Estudiantiles\",\"Campus de Excelencia Internacional\",\"concursos\",\"Consorcio de Bibliotecas Universitarias de Castilla y Le\u00f3n\",\"fotograf\u00eda\",\"microrrelato\",\"Programa de Acercamiento Intergeneracional\",\"Red Internacional de Universidades Lectoras\"],\"articleSection\":[\"eventos\",\"noticias\"],\"inLanguage\":\"es\",\"potentialAction\":[{\"@type\":\"CommentAction\",\"name\":\"Comment\",\"target\":[\"https:\/\/bibliotecas.unileon.es\/tULEctura\/2016\/05\/05\/4415\/#respond\"]}]},{\"@type\":\"WebPage\",\"@id\":\"https:\/\/bibliotecas.unileon.es\/tULEctura\/2016\/05\/05\/4415\/\",\"url\":\"https:\/\/bibliotecas.unileon.es\/tULEctura\/2016\/05\/05\/4415\/\",\"name\":\"Acto de entrega de premios de los concursos (2015-2016) - tULEctura\",\"isPartOf\":{\"@id\":\"https:\/\/bibliotecas.unileon.es\/tULEctura\/#website\"},\"primaryImageOfPage\":{\"@id\":\"https:\/\/bibliotecas.unileon.es\/tULEctura\/2016\/05\/05\/4415\/#primaryimage\"},\"image\":{\"@id\":\"https:\/\/bibliotecas.unileon.es\/tULEctura\/2016\/05\/05\/4415\/#primaryimage\"},\"thumbnailUrl\":\"http:\/\/bibliotecas.unileon.es\/tULEctura\/files\/2016\/05\/29-Abril-2016-Premiados-en-los-concursos-del-club-tULEctura-01-1-1024x476.jpg\",\"datePublished\":\"2016-05-05T13:15:46+00:00\",\"dateModified\":\"2016-05-05T13:29:35+00:00\",\"breadcrumb\":{\"@id\":\"https:\/\/bibliotecas.unileon.es\/tULEctura\/2016\/05\/05\/4415\/#breadcrumb\"},\"inLanguage\":\"es\",\"potentialAction\":[{\"@type\":\"ReadAction\",\"target\":[\"https:\/\/bibliotecas.unileon.es\/tULEctura\/2016\/05\/05\/4415\/\"]}]},{\"@type\":\"ImageObject\",\"inLanguage\":\"es\",\"@id\":\"https:\/\/bibliotecas.unileon.es\/tULEctura\/2016\/05\/05\/4415\/#primaryimage\",\"url\":\"https:\/\/bibliotecas.unileon.es\/tULEctura\/files\/2016\/05\/29-Abril-2016-Premiados-en-los-concursos-del-club-tULEctura-01-1.jpg\",\"contentUrl\":\"https:\/\/bibliotecas.unileon.es\/tULEctura\/files\/2016\/05\/29-Abril-2016-Premiados-en-los-concursos-del-club-tULEctura-01-1.jpg\",\"width\":1076,\"height\":500},{\"@type\":\"BreadcrumbList\",\"@id\":\"https:\/\/bibliotecas.unileon.es\/tULEctura\/2016\/05\/05\/4415\/#breadcrumb\",\"itemListElement\":[{\"@type\":\"ListItem\",\"position\":1,\"name\":\"Home\",\"item\":\"https:\/\/bibliotecas.unileon.es\/tULEctura\/\"},{\"@type\":\"ListItem\",\"position\":2,\"name\":\"Acto de entrega de premios de los concursos (2015-2016)\"}]},{\"@type\":\"WebSite\",\"@id\":\"https:\/\/bibliotecas.unileon.es\/tULEctura\/#website\",\"url\":\"https:\/\/bibliotecas.unileon.es\/tULEctura\/\",\"name\":\"tULEctura\",\"description\":\"Espacio de la Universidad de Le\u00f3n dedicado a la lectura\",\"publisher\":{\"@id\":\"https:\/\/bibliotecas.unileon.es\/tULEctura\/#organization\"},\"potentialAction\":[{\"@type\":\"SearchAction\",\"target\":{\"@type\":\"EntryPoint\",\"urlTemplate\":\"https:\/\/bibliotecas.unileon.es\/tULEctura\/?s={search_term_string}\"},\"query-input\":{\"@type\":\"PropertyValueSpecification\",\"valueRequired\":true,\"valueName\":\"search_term_string\"}}],\"inLanguage\":\"es\"},{\"@type\":\"Organization\",\"@id\":\"https:\/\/bibliotecas.unileon.es\/tULEctura\/#organization\",\"name\":\"Universidad de Le\u00f3n\",\"url\":\"https:\/\/bibliotecas.unileon.es\/tULEctura\/\",\"logo\":{\"@type\":\"ImageObject\",\"inLanguage\":\"es\",\"@id\":\"https:\/\/bibliotecas.unileon.es\/tULEctura\/#\/schema\/logo\/image\/\",\"url\":\"https:\/\/bibliotecas.unileon.es\/tULEctura\/files\/2018\/08\/TULECTURA_LOGO1.png\",\"contentUrl\":\"https:\/\/bibliotecas.unileon.es\/tULEctura\/files\/2018\/08\/TULECTURA_LOGO1.png\",\"width\":\"960\",\"height\":\"258\",\"caption\":\"Universidad de Le\u00f3n\"},\"image\":{\"@id\":\"https:\/\/bibliotecas.unileon.es\/tULEctura\/#\/schema\/logo\/image\/\"},\"sameAs\":[\"https:\/\/www.facebook.com\/tulectura.unileon\/\",\"https:\/\/x.com\/tULEctura_ULE\",\"https:\/\/www.instagram.com\/tulectura.unileon\/\",\"https:\/\/www.pinterest.es\/tulectura\/\",\"https:\/\/www.youtube.com\/channel\/UCoWaDD39lVlAQcOchwlTPVw\"]},{\"@type\":\"Person\",\"@id\":\"https:\/\/bibliotecas.unileon.es\/tULEctura\/#\/schema\/person\/c8977b10c1fdf7d1dab5629f08287597\",\"name\":\"tULEctura\",\"image\":{\"@type\":\"ImageObject\",\"inLanguage\":\"es\",\"@id\":\"https:\/\/bibliotecas.unileon.es\/tULEctura\/#\/schema\/person\/image\/\",\"url\":\"https:\/\/secure.gravatar.com\/avatar\/0333df4303886fb64623b9e9187f54a040d3d4a3ef64faa35cef06145923a9ab?s=96&d=mm&r=g\",\"contentUrl\":\"https:\/\/secure.gravatar.com\/avatar\/0333df4303886fb64623b9e9187f54a040d3d4a3ef64faa35cef06145923a9ab?s=96&d=mm&r=g\",\"caption\":\"tULEctura\"},\"url\":\"https:\/\/bibliotecas.unileon.es\/tULEctura\/author\/buua1\/\"}]}<\/script>\n<!-- \/ Yoast SEO plugin. -->","yoast_head_json":{"title":"Acto de entrega de premios de los concursos (2015-2016) - tULEctura","robots":{"index":"index","follow":"follow","max-snippet":"max-snippet:-1","max-image-preview":"max-image-preview:large","max-video-preview":"max-video-preview:-1"},"canonical":"https:\/\/bibliotecas.unileon.es\/tULEctura\/2016\/05\/05\/4415\/","og_locale":"es_ES","og_type":"article","og_title":"Acto de entrega de premios de los concursos (2015-2016) - tULEctura","og_description":"(Por: Rosa M. Algorri Caso) El pasado 29 de abril, en la Biblioteca San Isidoro de nuestra universidad, estaba convocada para la entrega de un premio de fotograf\u00eda que el\u00a0jurado del Concurso de fotograf\u00eda \u201cLectura y Universidad: conectando generaciones\u201d promovido por el CEI Triangular y la Biblioteca de la ULE hab\u00eda tenido a bien otorgarme. [&hellip;]","og_url":"https:\/\/bibliotecas.unileon.es\/tULEctura\/2016\/05\/05\/4415\/","og_site_name":"tULEctura","article_publisher":"https:\/\/www.facebook.com\/tulectura.unileon\/","article_published_time":"2016-05-05T13:15:46+00:00","article_modified_time":"2016-05-05T13:29:35+00:00","og_image":[{"width":1076,"height":500,"url":"https:\/\/bibliotecas.unileon.es\/tULEctura\/files\/2016\/05\/29-Abril-2016-Premiados-en-los-concursos-del-club-tULEctura-01-1.jpg","type":"image\/jpeg"}],"author":"tULEctura","twitter_card":"summary_large_image","twitter_creator":"@tULEctura_ULE","twitter_site":"@tULEctura_ULE","twitter_misc":{"Escrito por":"tULEctura","Tiempo de lectura":"2 minutos"},"schema":{"@context":"https:\/\/schema.org","@graph":[{"@type":"Article","@id":"https:\/\/bibliotecas.unileon.es\/tULEctura\/2016\/05\/05\/4415\/#article","isPartOf":{"@id":"https:\/\/bibliotecas.unileon.es\/tULEctura\/2016\/05\/05\/4415\/"},"author":{"name":"tULEctura","@id":"https:\/\/bibliotecas.unileon.es\/tULEctura\/#\/schema\/person\/c8977b10c1fdf7d1dab5629f08287597"},"headline":"Acto de entrega de premios de los concursos (2015-2016)","datePublished":"2016-05-05T13:15:46+00:00","dateModified":"2016-05-05T13:29:35+00:00","mainEntityOfPage":{"@id":"https:\/\/bibliotecas.unileon.es\/tULEctura\/2016\/05\/05\/4415\/"},"wordCount":336,"commentCount":0,"publisher":{"@id":"https:\/\/bibliotecas.unileon.es\/tULEctura\/#organization"},"image":{"@id":"https:\/\/bibliotecas.unileon.es\/tULEctura\/2016\/05\/05\/4415\/#primaryimage"},"thumbnailUrl":"http:\/\/bibliotecas.unileon.es\/tULEctura\/files\/2016\/05\/29-Abril-2016-Premiados-en-los-concursos-del-club-tULEctura-01-1-1024x476.jpg","keywords":["anagramas","\u00c1rea de Actividades Estudiantiles","Campus de Excelencia Internacional","concursos","Consorcio de Bibliotecas Universitarias de Castilla y Le\u00f3n","fotograf\u00eda","microrrelato","Programa de Acercamiento Intergeneracional","Red Internacional de Universidades Lectoras"],"articleSection":["eventos","noticias"],"inLanguage":"es","potentialAction":[{"@type":"CommentAction","name":"Comment","target":["https:\/\/bibliotecas.unileon.es\/tULEctura\/2016\/05\/05\/4415\/#respond"]}]},{"@type":"WebPage","@id":"https:\/\/bibliotecas.unileon.es\/tULEctura\/2016\/05\/05\/4415\/","url":"https:\/\/bibliotecas.unileon.es\/tULEctura\/2016\/05\/05\/4415\/","name":"Acto de entrega de premios de los concursos (2015-2016) - tULEctura","isPartOf":{"@id":"https:\/\/bibliotecas.unileon.es\/tULEctura\/#website"},"primaryImageOfPage":{"@id":"https:\/\/bibliotecas.unileon.es\/tULEctura\/2016\/05\/05\/4415\/#primaryimage"},"image":{"@id":"https:\/\/bibliotecas.unileon.es\/tULEctura\/2016\/05\/05\/4415\/#primaryimage"},"thumbnailUrl":"http:\/\/bibliotecas.unileon.es\/tULEctura\/files\/2016\/05\/29-Abril-2016-Premiados-en-los-concursos-del-club-tULEctura-01-1-1024x476.jpg","datePublished":"2016-05-05T13:15:46+00:00","dateModified":"2016-05-05T13:29:35+00:00","breadcrumb":{"@id":"https:\/\/bibliotecas.unileon.es\/tULEctura\/2016\/05\/05\/4415\/#breadcrumb"},"inLanguage":"es","potentialAction":[{"@type":"ReadAction","target":["https:\/\/bibliotecas.unileon.es\/tULEctura\/2016\/05\/05\/4415\/"]}]},{"@type":"ImageObject","inLanguage":"es","@id":"https:\/\/bibliotecas.unileon.es\/tULEctura\/2016\/05\/05\/4415\/#primaryimage","url":"https:\/\/bibliotecas.unileon.es\/tULEctura\/files\/2016\/05\/29-Abril-2016-Premiados-en-los-concursos-del-club-tULEctura-01-1.jpg","contentUrl":"https:\/\/bibliotecas.unileon.es\/tULEctura\/files\/2016\/05\/29-Abril-2016-Premiados-en-los-concursos-del-club-tULEctura-01-1.jpg","width":1076,"height":500},{"@type":"BreadcrumbList","@id":"https:\/\/bibliotecas.unileon.es\/tULEctura\/2016\/05\/05\/4415\/#breadcrumb","itemListElement":[{"@type":"ListItem","position":1,"name":"Home","item":"https:\/\/bibliotecas.unileon.es\/tULEctura\/"},{"@type":"ListItem","position":2,"name":"Acto de entrega de premios de los concursos (2015-2016)"}]},{"@type":"WebSite","@id":"https:\/\/bibliotecas.unileon.es\/tULEctura\/#website","url":"https:\/\/bibliotecas.unileon.es\/tULEctura\/","name":"tULEctura","description":"Espacio de la Universidad de Le\u00f3n dedicado a la lectura","publisher":{"@id":"https:\/\/bibliotecas.unileon.es\/tULEctura\/#organization"},"potentialAction":[{"@type":"SearchAction","target":{"@type":"EntryPoint","urlTemplate":"https:\/\/bibliotecas.unileon.es\/tULEctura\/?s={search_term_string}"},"query-input":{"@type":"PropertyValueSpecification","valueRequired":true,"valueName":"search_term_string"}}],"inLanguage":"es"},{"@type":"Organization","@id":"https:\/\/bibliotecas.unileon.es\/tULEctura\/#organization","name":"Universidad de Le\u00f3n","url":"https:\/\/bibliotecas.unileon.es\/tULEctura\/","logo":{"@type":"ImageObject","inLanguage":"es","@id":"https:\/\/bibliotecas.unileon.es\/tULEctura\/#\/schema\/logo\/image\/","url":"https:\/\/bibliotecas.unileon.es\/tULEctura\/files\/2018\/08\/TULECTURA_LOGO1.png","contentUrl":"https:\/\/bibliotecas.unileon.es\/tULEctura\/files\/2018\/08\/TULECTURA_LOGO1.png","width":"960","height":"258","caption":"Universidad de Le\u00f3n"},"image":{"@id":"https:\/\/bibliotecas.unileon.es\/tULEctura\/#\/schema\/logo\/image\/"},"sameAs":["https:\/\/www.facebook.com\/tulectura.unileon\/","https:\/\/x.com\/tULEctura_ULE","https:\/\/www.instagram.com\/tulectura.unileon\/","https:\/\/www.pinterest.es\/tulectura\/","https:\/\/www.youtube.com\/channel\/UCoWaDD39lVlAQcOchwlTPVw"]},{"@type":"Person","@id":"https:\/\/bibliotecas.unileon.es\/tULEctura\/#\/schema\/person\/c8977b10c1fdf7d1dab5629f08287597","name":"tULEctura","image":{"@type":"ImageObject","inLanguage":"es","@id":"https:\/\/bibliotecas.unileon.es\/tULEctura\/#\/schema\/person\/image\/","url":"https:\/\/secure.gravatar.com\/avatar\/0333df4303886fb64623b9e9187f54a040d3d4a3ef64faa35cef06145923a9ab?s=96&d=mm&r=g","contentUrl":"https:\/\/secure.gravatar.com\/avatar\/0333df4303886fb64623b9e9187f54a040d3d4a3ef64faa35cef06145923a9ab?s=96&d=mm&r=g","caption":"tULEctura"},"url":"https:\/\/bibliotecas.unileon.es\/tULEctura\/author\/buua1\/"}]}},"_links":{"self":[{"href":"https:\/\/bibliotecas.unileon.es\/tULEctura\/wp-json\/wp\/v2\/posts\/4415","targetHints":{"allow":["GET"]}}],"collection":[{"href":"https:\/\/bibliotecas.unileon.es\/tULEctura\/wp-json\/wp\/v2\/posts"}],"about":[{"href":"https:\/\/bibliotecas.unileon.es\/tULEctura\/wp-json\/wp\/v2\/types\/post"}],"author":[{"embeddable":true,"href":"https:\/\/bibliotecas.unileon.es\/tULEctura\/wp-json\/wp\/v2\/users\/73"}],"replies":[{"embeddable":true,"href":"https:\/\/bibliotecas.unileon.es\/tULEctura\/wp-json\/wp\/v2\/comments?post=4415"}],"version-history":[{"count":1,"href":"https:\/\/bibliotecas.unileon.es\/tULEctura\/wp-json\/wp\/v2\/posts\/4415\/revisions"}],"predecessor-version":[{"id":4417,"href":"https:\/\/bibliotecas.unileon.es\/tULEctura\/wp-json\/wp\/v2\/posts\/4415\/revisions\/4417"}],"wp:attachment":[{"href":"https:\/\/bibliotecas.unileon.es\/tULEctura\/wp-json\/wp\/v2\/media?parent=4415"}],"wp:term":[{"taxonomy":"category","embeddable":true,"href":"https:\/\/bibliotecas.unileon.es\/tULEctura\/wp-json\/wp\/v2\/categories?post=4415"},{"taxonomy":"post_tag","embeddable":true,"href":"https:\/\/bibliotecas.unileon.es\/tULEctura\/wp-json\/wp\/v2\/tags?post=4415"}],"curies":[{"name":"wp","href":"https:\/\/api.w.org\/{rel}","templated":true}]}}