{"id":47141,"date":"2019-05-20T11:30:30","date_gmt":"2019-05-20T09:30:30","guid":{"rendered":"http:\/\/bibliotecas.unileon.es\/tULEctura\/?p=47141"},"modified":"2019-05-20T11:46:35","modified_gmt":"2019-05-20T09:46:35","slug":"fiesta-tulectura-fin-de-la-programacion-del-curso-2018-2019","status":"publish","type":"post","link":"https:\/\/bibliotecas.unileon.es\/tULEctura\/2019\/05\/20\/fiesta-tulectura-fin-de-la-programacion-del-curso-2018-2019\/","title":{"rendered":"Fiesta tULectura. Fin de la programaci\u00f3n del curso 2018-2019"},"content":{"rendered":"<h2 style=\"text-align: center;\"><span style=\"color: #ff0000;\">Queremos expresar nuestro agradecimiento<br \/>\na\u00a0 todos\u00a0 aquellos que, con su presencia, su ayuda, su tiempo,<br \/>\nsus conocimientos y sus ideas<br \/>\nhan colaborado generosamente con nosotros para hacer posible que<\/span><br \/>\n<span style=\"color: #ff0000;\">nuestra programaci\u00f3n sea variada,<br \/>\nrigurosa y amena a la vez,<\/span><br \/>\n<span style=\"color: #ff0000;\">y que llegue a todo el mundo de forma abierta y gratuita.<\/span><\/h2>\n<p>&nbsp;<\/p>\n<p><img loading=\"lazy\" decoding=\"async\" class=\"size-full wp-image-47172 aligncenter\" src=\"http:\/\/bibliotecas.unileon.es\/tULEctura\/files\/2019\/05\/fiesta-fin-de-curso-2018-2019-1.jpg\" alt=\"\" width=\"960\" height=\"720\" srcset=\"https:\/\/bibliotecas.unileon.es\/tULEctura\/files\/2019\/05\/fiesta-fin-de-curso-2018-2019-1.jpg 960w, https:\/\/bibliotecas.unileon.es\/tULEctura\/files\/2019\/05\/fiesta-fin-de-curso-2018-2019-1-300x225.jpg 300w, https:\/\/bibliotecas.unileon.es\/tULEctura\/files\/2019\/05\/fiesta-fin-de-curso-2018-2019-1-768x576.jpg 768w, https:\/\/bibliotecas.unileon.es\/tULEctura\/files\/2019\/05\/fiesta-fin-de-curso-2018-2019-1-624x468.jpg 624w\" sizes=\"auto, (max-width: 960px) 100vw, 960px\" \/><\/p>\n<p>Estimados amigos:<\/p>\n<p style=\"text-align: justify;\">El viernes 24 de mayo de 2019 finalizaremos nuestra programaci\u00f3n de animaci\u00f3n a la lectura para este curso 2018-2019 celebrando una fiesta llena de m\u00fasica, lectura, libros, regalos, premios, relatos y amigos\u2026<\/p>\n<p style=\"text-align: justify;\">Recibiremos a nuestros amigos, haremos entrega de los premios de nuestros concursos y leeremos los relatos ganadores.\u00a0 Ser\u00e1 una ma\u00f1ana enmarcada en una\u00a0 liberaci\u00f3n masiva\u00a0 de libros bookcrossing, actividad que\u00a0 ya se ha convertido en una tradici\u00f3n del mes de mayo en el Campus de Vegazana.<\/p>\n<p style=\"text-align: justify;\">Deseamos que esta fiesta sea una celebraci\u00f3n de la lectura, de la amistad, y de la libertad: as\u00ed como la lectura nos ayuda a liberar nuestra mente de prejuicios, nosotros ayudamos a los libros a volar, a ser libres, a ir de mano en mano y de lector en lector. Puedes llevarte aquellas obras que sean de tu inter\u00e9s y tambi\u00e9n puedes traer los libros que tengas en tu casa y que desees echar a volar (nosotros te ayudaremos).<\/p>\n<p style=\"text-align: justify;\">Queremos invitar a todos nuestros amigos, seguidores, colaboradores y socios. Tambi\u00e9n a los curiosos que deseen conocernos y saber qui\u00e9nes somos y qu\u00e9 hacemos. La Universidad de Le\u00f3n abre sus puertas para que todo el mundo pueda conocer mejor su actividad de promoci\u00f3n de la lectura y los servicios y personas que est\u00e1n implicados en ella.<\/p>\n<h1 style=\"text-align: center;\"><span style=\"color: #ff0000;\">\u00a1Ven!<br \/>\nTodo el mundo ser\u00e1 bien recibido<\/span><br \/>\n<span style=\"color: #ff0000;\">Aqu\u00ed tienes tu invitaci\u00f3n. \u00a0<\/span><br \/>\n<span style=\"color: #ff0000;\">Nosotros ya te estamos esperando \u2026<\/span><\/h1>\n<p>&nbsp;<\/p>\n","protected":false},"excerpt":{"rendered":"<p>Queremos expresar nuestro agradecimiento a\u00a0 todos\u00a0 aquellos que, con su presencia, su ayuda, su tiempo, sus conocimientos y sus ideas han colaborado generosamente con nosotros para hacer posible que nuestra programaci\u00f3n sea variada, rigurosa y amena a la vez, y que llegue a todo el mundo de forma abierta y gratuita. &nbsp; Estimados amigos: El [&hellip;]<\/p>\n","protected":false},"author":73,"featured_media":0,"comment_status":"open","ping_status":"open","sticky":false,"template":"","format":"standard","meta":{"_bbp_topic_count":0,"_bbp_reply_count":0,"_bbp_total_topic_count":0,"_bbp_total_reply_count":0,"_bbp_voice_count":0,"_bbp_anonymous_reply_count":0,"_bbp_topic_count_hidden":0,"_bbp_reply_count_hidden":0,"_bbp_forum_subforum_count":0,"_monsterinsights_skip_tracking":false,"_monsterinsights_sitenote_active":false,"_monsterinsights_sitenote_note":"","_monsterinsights_sitenote_category":0,"footnotes":""},"categories":[4,24],"tags":[97,622],"class_list":["post-47141","post","type-post","status-publish","format-standard","hentry","category-actividades-2","category-eventos","tag-bookcrossing","tag-fiesta"],"yoast_head":"<!-- This site is optimized with the Yoast SEO plugin v25.8 - https:\/\/yoast.com\/wordpress\/plugins\/seo\/ -->\n<title>Fiesta tULectura. Fin de la programaci\u00f3n del curso 2018-2019 - tULEctura<\/title>\n<meta name=\"robots\" content=\"index, follow, max-snippet:-1, max-image-preview:large, max-video-preview:-1\" \/>\n<link rel=\"canonical\" href=\"https:\/\/bibliotecas.unileon.es\/tULEctura\/2019\/05\/20\/fiesta-tulectura-fin-de-la-programacion-del-curso-2018-2019\/\" \/>\n<meta property=\"og:locale\" content=\"es_ES\" \/>\n<meta property=\"og:type\" content=\"article\" \/>\n<meta property=\"og:title\" content=\"Fiesta tULectura. Fin de la programaci\u00f3n del curso 2018-2019 - tULEctura\" \/>\n<meta property=\"og:description\" content=\"Queremos expresar nuestro agradecimiento a\u00a0 todos\u00a0 aquellos que, con su presencia, su ayuda, su tiempo, sus conocimientos y sus ideas han colaborado generosamente con nosotros para hacer posible que nuestra programaci\u00f3n sea variada, rigurosa y amena a la vez, y que llegue a todo el mundo de forma abierta y gratuita. &nbsp; Estimados amigos: El [&hellip;]\" \/>\n<meta property=\"og:url\" content=\"https:\/\/bibliotecas.unileon.es\/tULEctura\/2019\/05\/20\/fiesta-tulectura-fin-de-la-programacion-del-curso-2018-2019\/\" \/>\n<meta property=\"og:site_name\" content=\"tULEctura\" \/>\n<meta property=\"article:publisher\" content=\"https:\/\/www.facebook.com\/tulectura.unileon\/\" \/>\n<meta property=\"article:published_time\" content=\"2019-05-20T09:30:30+00:00\" \/>\n<meta property=\"article:modified_time\" content=\"2019-05-20T09:46:35+00:00\" \/>\n<meta property=\"og:image\" content=\"https:\/\/bibliotecas.unileon.es\/tULEctura\/files\/2019\/05\/fiesta-fin-de-curso-2018-2019-1.jpg\" \/>\n\t<meta property=\"og:image:width\" content=\"960\" \/>\n\t<meta property=\"og:image:height\" content=\"720\" \/>\n\t<meta property=\"og:image:type\" content=\"image\/jpeg\" \/>\n<meta name=\"author\" content=\"tULEctura\" \/>\n<meta name=\"twitter:card\" content=\"summary_large_image\" \/>\n<meta name=\"twitter:creator\" content=\"@tULEctura_ULE\" \/>\n<meta name=\"twitter:site\" content=\"@tULEctura_ULE\" \/>\n<meta name=\"twitter:label1\" content=\"Escrito por\" \/>\n\t<meta name=\"twitter:data1\" content=\"tULEctura\" \/>\n\t<meta name=\"twitter:label2\" content=\"Tiempo de lectura\" \/>\n\t<meta name=\"twitter:data2\" content=\"1 minuto\" \/>\n<script type=\"application\/ld+json\" class=\"yoast-schema-graph\">{\"@context\":\"https:\/\/schema.org\",\"@graph\":[{\"@type\":\"Article\",\"@id\":\"https:\/\/bibliotecas.unileon.es\/tULEctura\/2019\/05\/20\/fiesta-tulectura-fin-de-la-programacion-del-curso-2018-2019\/#article\",\"isPartOf\":{\"@id\":\"https:\/\/bibliotecas.unileon.es\/tULEctura\/2019\/05\/20\/fiesta-tulectura-fin-de-la-programacion-del-curso-2018-2019\/\"},\"author\":{\"name\":\"tULEctura\",\"@id\":\"https:\/\/bibliotecas.unileon.es\/tULEctura\/#\/schema\/person\/c8977b10c1fdf7d1dab5629f08287597\"},\"headline\":\"Fiesta tULectura. Fin de la programaci\u00f3n del curso 2018-2019\",\"datePublished\":\"2019-05-20T09:30:30+00:00\",\"dateModified\":\"2019-05-20T09:46:35+00:00\",\"mainEntityOfPage\":{\"@id\":\"https:\/\/bibliotecas.unileon.es\/tULEctura\/2019\/05\/20\/fiesta-tulectura-fin-de-la-programacion-del-curso-2018-2019\/\"},\"wordCount\":308,\"commentCount\":2,\"publisher\":{\"@id\":\"https:\/\/bibliotecas.unileon.es\/tULEctura\/#organization\"},\"image\":{\"@id\":\"https:\/\/bibliotecas.unileon.es\/tULEctura\/2019\/05\/20\/fiesta-tulectura-fin-de-la-programacion-del-curso-2018-2019\/#primaryimage\"},\"thumbnailUrl\":\"http:\/\/bibliotecas.unileon.es\/tULEctura\/files\/2019\/05\/fiesta-fin-de-curso-2018-2019-1.jpg\",\"keywords\":[\"bookCrossing\",\"fiesta\"],\"articleSection\":[\"actividades\",\"eventos\"],\"inLanguage\":\"es\",\"potentialAction\":[{\"@type\":\"CommentAction\",\"name\":\"Comment\",\"target\":[\"https:\/\/bibliotecas.unileon.es\/tULEctura\/2019\/05\/20\/fiesta-tulectura-fin-de-la-programacion-del-curso-2018-2019\/#respond\"]}]},{\"@type\":\"WebPage\",\"@id\":\"https:\/\/bibliotecas.unileon.es\/tULEctura\/2019\/05\/20\/fiesta-tulectura-fin-de-la-programacion-del-curso-2018-2019\/\",\"url\":\"https:\/\/bibliotecas.unileon.es\/tULEctura\/2019\/05\/20\/fiesta-tulectura-fin-de-la-programacion-del-curso-2018-2019\/\",\"name\":\"Fiesta tULectura. Fin de la programaci\u00f3n del curso 2018-2019 - tULEctura\",\"isPartOf\":{\"@id\":\"https:\/\/bibliotecas.unileon.es\/tULEctura\/#website\"},\"primaryImageOfPage\":{\"@id\":\"https:\/\/bibliotecas.unileon.es\/tULEctura\/2019\/05\/20\/fiesta-tulectura-fin-de-la-programacion-del-curso-2018-2019\/#primaryimage\"},\"image\":{\"@id\":\"https:\/\/bibliotecas.unileon.es\/tULEctura\/2019\/05\/20\/fiesta-tulectura-fin-de-la-programacion-del-curso-2018-2019\/#primaryimage\"},\"thumbnailUrl\":\"http:\/\/bibliotecas.unileon.es\/tULEctura\/files\/2019\/05\/fiesta-fin-de-curso-2018-2019-1.jpg\",\"datePublished\":\"2019-05-20T09:30:30+00:00\",\"dateModified\":\"2019-05-20T09:46:35+00:00\",\"breadcrumb\":{\"@id\":\"https:\/\/bibliotecas.unileon.es\/tULEctura\/2019\/05\/20\/fiesta-tulectura-fin-de-la-programacion-del-curso-2018-2019\/#breadcrumb\"},\"inLanguage\":\"es\",\"potentialAction\":[{\"@type\":\"ReadAction\",\"target\":[\"https:\/\/bibliotecas.unileon.es\/tULEctura\/2019\/05\/20\/fiesta-tulectura-fin-de-la-programacion-del-curso-2018-2019\/\"]}]},{\"@type\":\"ImageObject\",\"inLanguage\":\"es\",\"@id\":\"https:\/\/bibliotecas.unileon.es\/tULEctura\/2019\/05\/20\/fiesta-tulectura-fin-de-la-programacion-del-curso-2018-2019\/#primaryimage\",\"url\":\"https:\/\/bibliotecas.unileon.es\/tULEctura\/files\/2019\/05\/fiesta-fin-de-curso-2018-2019-1.jpg\",\"contentUrl\":\"https:\/\/bibliotecas.unileon.es\/tULEctura\/files\/2019\/05\/fiesta-fin-de-curso-2018-2019-1.jpg\",\"width\":960,\"height\":720},{\"@type\":\"BreadcrumbList\",\"@id\":\"https:\/\/bibliotecas.unileon.es\/tULEctura\/2019\/05\/20\/fiesta-tulectura-fin-de-la-programacion-del-curso-2018-2019\/#breadcrumb\",\"itemListElement\":[{\"@type\":\"ListItem\",\"position\":1,\"name\":\"Home\",\"item\":\"https:\/\/bibliotecas.unileon.es\/tULEctura\/\"},{\"@type\":\"ListItem\",\"position\":2,\"name\":\"Fiesta tULectura. Fin de la programaci\u00f3n del curso 2018-2019\"}]},{\"@type\":\"WebSite\",\"@id\":\"https:\/\/bibliotecas.unileon.es\/tULEctura\/#website\",\"url\":\"https:\/\/bibliotecas.unileon.es\/tULEctura\/\",\"name\":\"tULEctura\",\"description\":\"Espacio de la Universidad de Le\u00f3n dedicado a la lectura\",\"publisher\":{\"@id\":\"https:\/\/bibliotecas.unileon.es\/tULEctura\/#organization\"},\"potentialAction\":[{\"@type\":\"SearchAction\",\"target\":{\"@type\":\"EntryPoint\",\"urlTemplate\":\"https:\/\/bibliotecas.unileon.es\/tULEctura\/?s={search_term_string}\"},\"query-input\":{\"@type\":\"PropertyValueSpecification\",\"valueRequired\":true,\"valueName\":\"search_term_string\"}}],\"inLanguage\":\"es\"},{\"@type\":\"Organization\",\"@id\":\"https:\/\/bibliotecas.unileon.es\/tULEctura\/#organization\",\"name\":\"Universidad de Le\u00f3n\",\"url\":\"https:\/\/bibliotecas.unileon.es\/tULEctura\/\",\"logo\":{\"@type\":\"ImageObject\",\"inLanguage\":\"es\",\"@id\":\"https:\/\/bibliotecas.unileon.es\/tULEctura\/#\/schema\/logo\/image\/\",\"url\":\"https:\/\/bibliotecas.unileon.es\/tULEctura\/files\/2018\/08\/TULECTURA_LOGO1.png\",\"contentUrl\":\"https:\/\/bibliotecas.unileon.es\/tULEctura\/files\/2018\/08\/TULECTURA_LOGO1.png\",\"width\":\"960\",\"height\":\"258\",\"caption\":\"Universidad de Le\u00f3n\"},\"image\":{\"@id\":\"https:\/\/bibliotecas.unileon.es\/tULEctura\/#\/schema\/logo\/image\/\"},\"sameAs\":[\"https:\/\/www.facebook.com\/tulectura.unileon\/\",\"https:\/\/x.com\/tULEctura_ULE\",\"https:\/\/www.instagram.com\/tulectura.unileon\/\",\"https:\/\/www.pinterest.es\/tulectura\/\",\"https:\/\/www.youtube.com\/channel\/UCoWaDD39lVlAQcOchwlTPVw\"]},{\"@type\":\"Person\",\"@id\":\"https:\/\/bibliotecas.unileon.es\/tULEctura\/#\/schema\/person\/c8977b10c1fdf7d1dab5629f08287597\",\"name\":\"tULEctura\",\"image\":{\"@type\":\"ImageObject\",\"inLanguage\":\"es\",\"@id\":\"https:\/\/bibliotecas.unileon.es\/tULEctura\/#\/schema\/person\/image\/\",\"url\":\"https:\/\/secure.gravatar.com\/avatar\/0333df4303886fb64623b9e9187f54a040d3d4a3ef64faa35cef06145923a9ab?s=96&d=mm&r=g\",\"contentUrl\":\"https:\/\/secure.gravatar.com\/avatar\/0333df4303886fb64623b9e9187f54a040d3d4a3ef64faa35cef06145923a9ab?s=96&d=mm&r=g\",\"caption\":\"tULEctura\"},\"url\":\"https:\/\/bibliotecas.unileon.es\/tULEctura\/author\/buua1\/\"}]}<\/script>\n<!-- \/ Yoast SEO plugin. -->","yoast_head_json":{"title":"Fiesta tULectura. Fin de la programaci\u00f3n del curso 2018-2019 - tULEctura","robots":{"index":"index","follow":"follow","max-snippet":"max-snippet:-1","max-image-preview":"max-image-preview:large","max-video-preview":"max-video-preview:-1"},"canonical":"https:\/\/bibliotecas.unileon.es\/tULEctura\/2019\/05\/20\/fiesta-tulectura-fin-de-la-programacion-del-curso-2018-2019\/","og_locale":"es_ES","og_type":"article","og_title":"Fiesta tULectura. Fin de la programaci\u00f3n del curso 2018-2019 - tULEctura","og_description":"Queremos expresar nuestro agradecimiento a\u00a0 todos\u00a0 aquellos que, con su presencia, su ayuda, su tiempo, sus conocimientos y sus ideas han colaborado generosamente con nosotros para hacer posible que nuestra programaci\u00f3n sea variada, rigurosa y amena a la vez, y que llegue a todo el mundo de forma abierta y gratuita. &nbsp; Estimados amigos: El [&hellip;]","og_url":"https:\/\/bibliotecas.unileon.es\/tULEctura\/2019\/05\/20\/fiesta-tulectura-fin-de-la-programacion-del-curso-2018-2019\/","og_site_name":"tULEctura","article_publisher":"https:\/\/www.facebook.com\/tulectura.unileon\/","article_published_time":"2019-05-20T09:30:30+00:00","article_modified_time":"2019-05-20T09:46:35+00:00","og_image":[{"width":960,"height":720,"url":"https:\/\/bibliotecas.unileon.es\/tULEctura\/files\/2019\/05\/fiesta-fin-de-curso-2018-2019-1.jpg","type":"image\/jpeg"}],"author":"tULEctura","twitter_card":"summary_large_image","twitter_creator":"@tULEctura_ULE","twitter_site":"@tULEctura_ULE","twitter_misc":{"Escrito por":"tULEctura","Tiempo de lectura":"1 minuto"},"schema":{"@context":"https:\/\/schema.org","@graph":[{"@type":"Article","@id":"https:\/\/bibliotecas.unileon.es\/tULEctura\/2019\/05\/20\/fiesta-tulectura-fin-de-la-programacion-del-curso-2018-2019\/#article","isPartOf":{"@id":"https:\/\/bibliotecas.unileon.es\/tULEctura\/2019\/05\/20\/fiesta-tulectura-fin-de-la-programacion-del-curso-2018-2019\/"},"author":{"name":"tULEctura","@id":"https:\/\/bibliotecas.unileon.es\/tULEctura\/#\/schema\/person\/c8977b10c1fdf7d1dab5629f08287597"},"headline":"Fiesta tULectura. Fin de la programaci\u00f3n del curso 2018-2019","datePublished":"2019-05-20T09:30:30+00:00","dateModified":"2019-05-20T09:46:35+00:00","mainEntityOfPage":{"@id":"https:\/\/bibliotecas.unileon.es\/tULEctura\/2019\/05\/20\/fiesta-tulectura-fin-de-la-programacion-del-curso-2018-2019\/"},"wordCount":308,"commentCount":2,"publisher":{"@id":"https:\/\/bibliotecas.unileon.es\/tULEctura\/#organization"},"image":{"@id":"https:\/\/bibliotecas.unileon.es\/tULEctura\/2019\/05\/20\/fiesta-tulectura-fin-de-la-programacion-del-curso-2018-2019\/#primaryimage"},"thumbnailUrl":"http:\/\/bibliotecas.unileon.es\/tULEctura\/files\/2019\/05\/fiesta-fin-de-curso-2018-2019-1.jpg","keywords":["bookCrossing","fiesta"],"articleSection":["actividades","eventos"],"inLanguage":"es","potentialAction":[{"@type":"CommentAction","name":"Comment","target":["https:\/\/bibliotecas.unileon.es\/tULEctura\/2019\/05\/20\/fiesta-tulectura-fin-de-la-programacion-del-curso-2018-2019\/#respond"]}]},{"@type":"WebPage","@id":"https:\/\/bibliotecas.unileon.es\/tULEctura\/2019\/05\/20\/fiesta-tulectura-fin-de-la-programacion-del-curso-2018-2019\/","url":"https:\/\/bibliotecas.unileon.es\/tULEctura\/2019\/05\/20\/fiesta-tulectura-fin-de-la-programacion-del-curso-2018-2019\/","name":"Fiesta tULectura. Fin de la programaci\u00f3n del curso 2018-2019 - tULEctura","isPartOf":{"@id":"https:\/\/bibliotecas.unileon.es\/tULEctura\/#website"},"primaryImageOfPage":{"@id":"https:\/\/bibliotecas.unileon.es\/tULEctura\/2019\/05\/20\/fiesta-tulectura-fin-de-la-programacion-del-curso-2018-2019\/#primaryimage"},"image":{"@id":"https:\/\/bibliotecas.unileon.es\/tULEctura\/2019\/05\/20\/fiesta-tulectura-fin-de-la-programacion-del-curso-2018-2019\/#primaryimage"},"thumbnailUrl":"http:\/\/bibliotecas.unileon.es\/tULEctura\/files\/2019\/05\/fiesta-fin-de-curso-2018-2019-1.jpg","datePublished":"2019-05-20T09:30:30+00:00","dateModified":"2019-05-20T09:46:35+00:00","breadcrumb":{"@id":"https:\/\/bibliotecas.unileon.es\/tULEctura\/2019\/05\/20\/fiesta-tulectura-fin-de-la-programacion-del-curso-2018-2019\/#breadcrumb"},"inLanguage":"es","potentialAction":[{"@type":"ReadAction","target":["https:\/\/bibliotecas.unileon.es\/tULEctura\/2019\/05\/20\/fiesta-tulectura-fin-de-la-programacion-del-curso-2018-2019\/"]}]},{"@type":"ImageObject","inLanguage":"es","@id":"https:\/\/bibliotecas.unileon.es\/tULEctura\/2019\/05\/20\/fiesta-tulectura-fin-de-la-programacion-del-curso-2018-2019\/#primaryimage","url":"https:\/\/bibliotecas.unileon.es\/tULEctura\/files\/2019\/05\/fiesta-fin-de-curso-2018-2019-1.jpg","contentUrl":"https:\/\/bibliotecas.unileon.es\/tULEctura\/files\/2019\/05\/fiesta-fin-de-curso-2018-2019-1.jpg","width":960,"height":720},{"@type":"BreadcrumbList","@id":"https:\/\/bibliotecas.unileon.es\/tULEctura\/2019\/05\/20\/fiesta-tulectura-fin-de-la-programacion-del-curso-2018-2019\/#breadcrumb","itemListElement":[{"@type":"ListItem","position":1,"name":"Home","item":"https:\/\/bibliotecas.unileon.es\/tULEctura\/"},{"@type":"ListItem","position":2,"name":"Fiesta tULectura. Fin de la programaci\u00f3n del curso 2018-2019"}]},{"@type":"WebSite","@id":"https:\/\/bibliotecas.unileon.es\/tULEctura\/#website","url":"https:\/\/bibliotecas.unileon.es\/tULEctura\/","name":"tULEctura","description":"Espacio de la Universidad de Le\u00f3n dedicado a la lectura","publisher":{"@id":"https:\/\/bibliotecas.unileon.es\/tULEctura\/#organization"},"potentialAction":[{"@type":"SearchAction","target":{"@type":"EntryPoint","urlTemplate":"https:\/\/bibliotecas.unileon.es\/tULEctura\/?s={search_term_string}"},"query-input":{"@type":"PropertyValueSpecification","valueRequired":true,"valueName":"search_term_string"}}],"inLanguage":"es"},{"@type":"Organization","@id":"https:\/\/bibliotecas.unileon.es\/tULEctura\/#organization","name":"Universidad de Le\u00f3n","url":"https:\/\/bibliotecas.unileon.es\/tULEctura\/","logo":{"@type":"ImageObject","inLanguage":"es","@id":"https:\/\/bibliotecas.unileon.es\/tULEctura\/#\/schema\/logo\/image\/","url":"https:\/\/bibliotecas.unileon.es\/tULEctura\/files\/2018\/08\/TULECTURA_LOGO1.png","contentUrl":"https:\/\/bibliotecas.unileon.es\/tULEctura\/files\/2018\/08\/TULECTURA_LOGO1.png","width":"960","height":"258","caption":"Universidad de Le\u00f3n"},"image":{"@id":"https:\/\/bibliotecas.unileon.es\/tULEctura\/#\/schema\/logo\/image\/"},"sameAs":["https:\/\/www.facebook.com\/tulectura.unileon\/","https:\/\/x.com\/tULEctura_ULE","https:\/\/www.instagram.com\/tulectura.unileon\/","https:\/\/www.pinterest.es\/tulectura\/","https:\/\/www.youtube.com\/channel\/UCoWaDD39lVlAQcOchwlTPVw"]},{"@type":"Person","@id":"https:\/\/bibliotecas.unileon.es\/tULEctura\/#\/schema\/person\/c8977b10c1fdf7d1dab5629f08287597","name":"tULEctura","image":{"@type":"ImageObject","inLanguage":"es","@id":"https:\/\/bibliotecas.unileon.es\/tULEctura\/#\/schema\/person\/image\/","url":"https:\/\/secure.gravatar.com\/avatar\/0333df4303886fb64623b9e9187f54a040d3d4a3ef64faa35cef06145923a9ab?s=96&d=mm&r=g","contentUrl":"https:\/\/secure.gravatar.com\/avatar\/0333df4303886fb64623b9e9187f54a040d3d4a3ef64faa35cef06145923a9ab?s=96&d=mm&r=g","caption":"tULEctura"},"url":"https:\/\/bibliotecas.unileon.es\/tULEctura\/author\/buua1\/"}]}},"_links":{"self":[{"href":"https:\/\/bibliotecas.unileon.es\/tULEctura\/wp-json\/wp\/v2\/posts\/47141","targetHints":{"allow":["GET"]}}],"collection":[{"href":"https:\/\/bibliotecas.unileon.es\/tULEctura\/wp-json\/wp\/v2\/posts"}],"about":[{"href":"https:\/\/bibliotecas.unileon.es\/tULEctura\/wp-json\/wp\/v2\/types\/post"}],"author":[{"embeddable":true,"href":"https:\/\/bibliotecas.unileon.es\/tULEctura\/wp-json\/wp\/v2\/users\/73"}],"replies":[{"embeddable":true,"href":"https:\/\/bibliotecas.unileon.es\/tULEctura\/wp-json\/wp\/v2\/comments?post=47141"}],"version-history":[{"count":1,"href":"https:\/\/bibliotecas.unileon.es\/tULEctura\/wp-json\/wp\/v2\/posts\/47141\/revisions"}],"predecessor-version":[{"id":47143,"href":"https:\/\/bibliotecas.unileon.es\/tULEctura\/wp-json\/wp\/v2\/posts\/47141\/revisions\/47143"}],"wp:attachment":[{"href":"https:\/\/bibliotecas.unileon.es\/tULEctura\/wp-json\/wp\/v2\/media?parent=47141"}],"wp:term":[{"taxonomy":"category","embeddable":true,"href":"https:\/\/bibliotecas.unileon.es\/tULEctura\/wp-json\/wp\/v2\/categories?post=47141"},{"taxonomy":"post_tag","embeddable":true,"href":"https:\/\/bibliotecas.unileon.es\/tULEctura\/wp-json\/wp\/v2\/tags?post=47141"}],"curies":[{"name":"wp","href":"https:\/\/api.w.org\/{rel}","templated":true}]}}