{"id":47347,"date":"2019-07-15T07:00:38","date_gmt":"2019-07-15T05:00:38","guid":{"rendered":"http:\/\/bibliotecas.unileon.es\/tULEctura\/?p=47347"},"modified":"2019-07-03T12:29:59","modified_gmt":"2019-07-03T10:29:59","slug":"pildora-literaria-el-gotico-sureno-ii","status":"publish","type":"post","link":"https:\/\/bibliotecas.unileon.es\/tULEctura\/2019\/07\/15\/pildora-literaria-el-gotico-sureno-ii\/","title":{"rendered":"El g\u00f3tico sure\u00f1o (II)"},"content":{"rendered":"<h1 style=\"text-align: center;\"><span style=\"color: #194f1c;\">ESCRITORES DEL G\u00d3TICO SURE\u00d1O<\/span><\/h1>\n<p style=\"text-align: justify;\"><strong>Edgar Allan Poe<\/strong> (1809\u20131849) fue el primero en explorar el g\u00f3tico sure\u00f1o en todo su potencial. La mayor parte de sus poemas y relatos breves presentan elementos caracter\u00edsticos del g\u00f3tico sure\u00f1o: una casa (y su familia) en deterioro, hombres y mujeres enloquecidos por ansiedades desconocidas, y tem\u00e1ticas sexuales y raciales transgresoras que incluyen identidad, incesto y necrofilia. Su cuento \u201cLa ca\u00edda de la casa Usher\u201d se considera la obra fundacional del g\u00f3tico sure\u00f1o.<img loading=\"lazy\" decoding=\"async\" class=\"aligncenter size-full wp-image-1419\" src=\"http:\/\/bibliotecas.unileon.es\/tULEctura\/files\/2014\/02\/casa-usher.jpg\" alt=\"\" width=\"500\" height=\"375\" srcset=\"https:\/\/bibliotecas.unileon.es\/tULEctura\/files\/2014\/02\/casa-usher.jpg 500w, https:\/\/bibliotecas.unileon.es\/tULEctura\/files\/2014\/02\/casa-usher-300x225.jpg 300w\" sizes=\"auto, (max-width: 500px) 100vw, 500px\" \/><\/p>\n<blockquote class=\"wp-embedded-content\" data-secret=\"N86Qilk19m\"><p><a href=\"https:\/\/bibliotecas.unileon.es\/tULEctura\/lectura\/experiencia\/3-tercer-cuento\/\">3. La ca\u00edda de la casa Usher. Edgar Allan Poe.<\/a><\/p><\/blockquote>\n<p><iframe loading=\"lazy\" class=\"wp-embedded-content\" sandbox=\"allow-scripts\" security=\"restricted\" style=\"position: absolute; clip: rect(1px, 1px, 1px, 1px);\" title=\"\u00ab3. La ca\u00edda de la casa Usher. Edgar Allan Poe.\u00bb \u2014 tULEctura\" src=\"https:\/\/bibliotecas.unileon.es\/tULEctura\/lectura\/experiencia\/3-tercer-cuento\/embed\/#?secret=57WvEA5dMz#?secret=N86Qilk19m\" data-secret=\"N86Qilk19m\" width=\"600\" height=\"338\" frameborder=\"0\" marginwidth=\"0\" marginheight=\"0\" scrolling=\"no\"><\/iframe><\/p>\n<p><img loading=\"lazy\" decoding=\"async\" class=\"aligncenter wp-image-47350 \" style=\"margin-top: 0.857143rem; margin-bottom: 0.857143rem;\" src=\"http:\/\/bibliotecas.unileon.es\/tULEctura\/files\/2019\/07\/edgar-allan-poe.jpg\" alt=\"\" width=\"500\" height=\"403\" srcset=\"https:\/\/bibliotecas.unileon.es\/tULEctura\/files\/2019\/07\/edgar-allan-poe.jpg 550w, https:\/\/bibliotecas.unileon.es\/tULEctura\/files\/2019\/07\/edgar-allan-poe-300x242.jpg 300w\" sizes=\"auto, (max-width: 500px) 100vw, 500px\" \/><\/p>\n<p style=\"text-align: justify;\">A pesar de que Poe se categoriza como el autor fundacional, <strong>William Faulkner<\/strong> (1897-1962) es generalmente considerado la figura m\u00e1s importante e influyente de esta literatura. En su obra, el choque entre el nuevo y el viaje sur adquiere un matiz g\u00f3tico en el que los pecados <img loading=\"lazy\" decoding=\"async\" class=\"alignleft size-medium wp-image-47352\" src=\"http:\/\/bibliotecas.unileon.es\/tULEctura\/files\/2019\/07\/william-faulkner-5-300x250.jpg\" alt=\"\" width=\"300\" height=\"250\" srcset=\"https:\/\/bibliotecas.unileon.es\/tULEctura\/files\/2019\/07\/william-faulkner-5-300x250.jpg 300w, https:\/\/bibliotecas.unileon.es\/tULEctura\/files\/2019\/07\/william-faulkner-5-768x640.jpg 768w, https:\/\/bibliotecas.unileon.es\/tULEctura\/files\/2019\/07\/william-faulkner-5-624x520.jpg 624w, https:\/\/bibliotecas.unileon.es\/tULEctura\/files\/2019\/07\/william-faulkner-5.jpg 900w\" sizes=\"auto, (max-width: 300px) 100vw, 300px\" \/>reprimidos de la esclavitud, patriarcado y lucha de clases salen a la superficie de una manera misteriosa. Todo ello tiene lugar en un paisaje de ci\u00e9nagas, bosques frondosos y plantaciones en ruinas. Adem\u00e1s, la lengua compleja, modernista e intricada de Faulkner provoca en el lector una incertidumbre y alienaci\u00f3n de la que no hay salida. El goticismo sure\u00f1o est\u00e1 presente en obras como su relato breve \u201cUna rosa para Emily\u201d (1930), <em>El sonido y la furia <\/em>(1929), <em>Mientras agonizo<\/em> (1930) y <em>\u00a1<\/em><em>Absal\u00f3n, Absal\u00f3n!<\/em> (1936).<\/p>\n\n\t\t<style type=\"text\/css\">\n\t\t\t#gallery-1 {\n\t\t\t\tmargin: auto;\n\t\t\t}\n\t\t\t#gallery-1 .gallery-item {\n\t\t\t\tfloat: left;\n\t\t\t\tmargin-top: 10px;\n\t\t\t\ttext-align: center;\n\t\t\t\twidth: 50%;\n\t\t\t}\n\t\t\t#gallery-1 img {\n\t\t\t\tborder: 2px solid #cfcfcf;\n\t\t\t}\n\t\t\t#gallery-1 .gallery-caption {\n\t\t\t\tmargin-left: 0;\n\t\t\t}\n\t\t\t\/* see gallery_shortcode() in wp-includes\/media.php *\/\n\t\t<\/style>\n\t\t<div id='gallery-1' class='gallery galleryid-47347 gallery-columns-2 gallery-size-medium'><dl class='gallery-item'>\n\t\t\t<dt class='gallery-icon portrait'>\n\t\t\t\t<a href='https:\/\/bibliotecas.unileon.es\/tULEctura\/2019\/07\/15\/pildora-literaria-el-gotico-sureno-ii\/absalom-absalom3\/'><img loading=\"lazy\" decoding=\"async\" width=\"202\" height=\"300\" src=\"https:\/\/bibliotecas.unileon.es\/tULEctura\/files\/2019\/07\/absalom-absalom3-202x300.jpg\" class=\"attachment-medium size-medium\" alt=\"\" srcset=\"https:\/\/bibliotecas.unileon.es\/tULEctura\/files\/2019\/07\/absalom-absalom3-202x300.jpg 202w, https:\/\/bibliotecas.unileon.es\/tULEctura\/files\/2019\/07\/absalom-absalom3.jpg 564w\" sizes=\"auto, (max-width: 202px) 100vw, 202px\" \/><\/a>\n\t\t\t<\/dt><\/dl><dl class='gallery-item'>\n\t\t\t<dt class='gallery-icon portrait'>\n\t\t\t\t<a href='https:\/\/bibliotecas.unileon.es\/tULEctura\/2019\/07\/15\/pildora-literaria-el-gotico-sureno-ii\/9780140019407-es\/'><img loading=\"lazy\" decoding=\"async\" width=\"188\" height=\"300\" src=\"https:\/\/bibliotecas.unileon.es\/tULEctura\/files\/2019\/07\/9780140019407-es-188x300.jpg\" class=\"attachment-medium size-medium\" alt=\"\" srcset=\"https:\/\/bibliotecas.unileon.es\/tULEctura\/files\/2019\/07\/9780140019407-es-188x300.jpg 188w, https:\/\/bibliotecas.unileon.es\/tULEctura\/files\/2019\/07\/9780140019407-es.jpg 313w\" sizes=\"auto, (max-width: 188px) 100vw, 188px\" \/><\/a>\n\t\t\t<\/dt><\/dl><br style=\"clear: both\" \/>\n\t\t<\/div>\n\n<p>&nbsp;<\/p>\n<p style=\"text-align: justify;\"><strong><img loading=\"lazy\" decoding=\"async\" class=\"size-medium wp-image-47356 alignright\" src=\"http:\/\/bibliotecas.unileon.es\/tULEctura\/files\/2019\/07\/flannery-o-connorr-300x188.jpg\" alt=\"\" width=\"300\" height=\"188\" srcset=\"https:\/\/bibliotecas.unileon.es\/tULEctura\/files\/2019\/07\/flannery-o-connorr-300x188.jpg 300w, https:\/\/bibliotecas.unileon.es\/tULEctura\/files\/2019\/07\/flannery-o-connorr-768x480.jpg 768w, https:\/\/bibliotecas.unileon.es\/tULEctura\/files\/2019\/07\/flannery-o-connorr-624x390.jpg 624w, https:\/\/bibliotecas.unileon.es\/tULEctura\/files\/2019\/07\/flannery-o-connorr.jpg 800w\" sizes=\"auto, (max-width: 300px) 100vw, 300px\" \/>Flannery O\u2019Connor<\/strong> (1925\u20131964), autora conocida por el grotesco sure\u00f1o en sus obras, presenta un universo narrativo de lo misterioso e inesperado con motivos g\u00f3ticos como inadaptados monstruosos, demonios y figuras demoniacas, el motivo del <a href=\"https:\/\/es.wikipedia.org\/wiki\/Doppelg%C3%A4nger\" target=\"_blank\" rel=\"noopener noreferrer\"><em>Doppelg\u00e4nger<\/em><\/a>, locura y aislamiento f\u00edsico y espiritual. Entre sus relatos breves se encuentran \u201cLa buena gente del campo\u201d (1955) o \u201cUn hombre bueno es dif\u00edcil de encontrar\u201d (1955). En sus dos novelas, <em>Sangre sabia <\/em>(1952) y\u00a0<em>Los violentos lo arrebatan<\/em> (1960), explora el fundamentalismo religioso del sur profundo.<\/p>\n\n\t\t<style type=\"text\/css\">\n\t\t\t#gallery-2 {\n\t\t\t\tmargin: auto;\n\t\t\t}\n\t\t\t#gallery-2 .gallery-item {\n\t\t\t\tfloat: left;\n\t\t\t\tmargin-top: 10px;\n\t\t\t\ttext-align: center;\n\t\t\t\twidth: 33%;\n\t\t\t}\n\t\t\t#gallery-2 img {\n\t\t\t\tborder: 2px solid #cfcfcf;\n\t\t\t}\n\t\t\t#gallery-2 .gallery-caption {\n\t\t\t\tmargin-left: 0;\n\t\t\t}\n\t\t\t\/* see gallery_shortcode() in wp-includes\/media.php *\/\n\t\t<\/style>\n\t\t<div id='gallery-2' class='gallery galleryid-47347 gallery-columns-3 gallery-size-medium'><dl class='gallery-item'>\n\t\t\t<dt class='gallery-icon portrait'>\n\t\t\t\t<a href='https:\/\/bibliotecas.unileon.es\/tULEctura\/2019\/07\/15\/pildora-literaria-el-gotico-sureno-ii\/a-good-man-is-hard-to-find\/'><img loading=\"lazy\" decoding=\"async\" width=\"200\" height=\"300\" src=\"https:\/\/bibliotecas.unileon.es\/tULEctura\/files\/2019\/07\/a-good-man-is-hard-to-find-200x300.jpg\" class=\"attachment-medium size-medium\" alt=\"\" srcset=\"https:\/\/bibliotecas.unileon.es\/tULEctura\/files\/2019\/07\/a-good-man-is-hard-to-find-200x300.jpg 200w, https:\/\/bibliotecas.unileon.es\/tULEctura\/files\/2019\/07\/a-good-man-is-hard-to-find.jpg 564w\" sizes=\"auto, (max-width: 200px) 100vw, 200px\" \/><\/a>\n\t\t\t<\/dt><\/dl><dl class='gallery-item'>\n\t\t\t<dt class='gallery-icon portrait'>\n\t\t\t\t<a href='https:\/\/bibliotecas.unileon.es\/tULEctura\/2019\/07\/15\/pildora-literaria-el-gotico-sureno-ii\/flannery-shor-stories\/'><img loading=\"lazy\" decoding=\"async\" width=\"180\" height=\"300\" src=\"https:\/\/bibliotecas.unileon.es\/tULEctura\/files\/2019\/07\/flannery-shor-stories-180x300.jpg\" class=\"attachment-medium size-medium\" alt=\"\" srcset=\"https:\/\/bibliotecas.unileon.es\/tULEctura\/files\/2019\/07\/flannery-shor-stories-180x300.jpg 180w, https:\/\/bibliotecas.unileon.es\/tULEctura\/files\/2019\/07\/flannery-shor-stories.jpg 300w\" sizes=\"auto, (max-width: 180px) 100vw, 180px\" \/><\/a>\n\t\t\t<\/dt><\/dl><dl class='gallery-item'>\n\t\t\t<dt class='gallery-icon portrait'>\n\t\t\t\t<a href='https:\/\/bibliotecas.unileon.es\/tULEctura\/2019\/07\/15\/pildora-literaria-el-gotico-sureno-ii\/wise-blood-flannery-o-connor\/'><img loading=\"lazy\" decoding=\"async\" width=\"200\" height=\"300\" src=\"https:\/\/bibliotecas.unileon.es\/tULEctura\/files\/2019\/07\/wise-blood-flannery-o-connor-200x300.jpg\" class=\"attachment-medium size-medium\" alt=\"\" srcset=\"https:\/\/bibliotecas.unileon.es\/tULEctura\/files\/2019\/07\/wise-blood-flannery-o-connor-200x300.jpg 200w, https:\/\/bibliotecas.unileon.es\/tULEctura\/files\/2019\/07\/wise-blood-flannery-o-connor.jpg 564w\" sizes=\"auto, (max-width: 200px) 100vw, 200px\" \/><\/a>\n\t\t\t<\/dt><\/dl><br style=\"clear: both\" \/>\n\t\t<\/div>\n\n<p>&nbsp;<\/p>\n<p style=\"text-align: justify;\"><img loading=\"lazy\" decoding=\"async\" class=\"alignright size-medium wp-image-47360\" src=\"http:\/\/bibliotecas.unileon.es\/tULEctura\/files\/2019\/07\/tennesse_williams_pvarts-300x177.jpg\" alt=\"\" width=\"300\" height=\"177\" srcset=\"https:\/\/bibliotecas.unileon.es\/tULEctura\/files\/2019\/07\/tennesse_williams_pvarts-300x177.jpg 300w, https:\/\/bibliotecas.unileon.es\/tULEctura\/files\/2019\/07\/tennesse_williams_pvarts.jpg 500w\" sizes=\"auto, (max-width: 300px) 100vw, 300px\" \/><strong>Tennessee Williams<\/strong> (1911\u20131983) llen\u00f3 el teatro americano de la d\u00e9cada de los cuarenta y cincuenta de sensibilidad del g\u00f3tico sure\u00f1o. Personajes con diferentes niveles de enfermedad, soledad, alcoholismo, familias sure\u00f1as en desintegraci\u00f3n y un sur presentado como lugar de discrepancia entre el sur como mito rom\u00e1ntico y como espacio moderno y urbano. Entre sus obras se encuentran <em>La gata sobre el tejado de zinc <\/em>(1955), <em>Un tranv\u00eda llamado deseo<\/em> (1947) o <em>El zoo de cristal<\/em> (1944).<\/p>\n\n\t\t<style type=\"text\/css\">\n\t\t\t#gallery-3 {\n\t\t\t\tmargin: auto;\n\t\t\t}\n\t\t\t#gallery-3 .gallery-item {\n\t\t\t\tfloat: left;\n\t\t\t\tmargin-top: 10px;\n\t\t\t\ttext-align: center;\n\t\t\t\twidth: 50%;\n\t\t\t}\n\t\t\t#gallery-3 img {\n\t\t\t\tborder: 2px solid #cfcfcf;\n\t\t\t}\n\t\t\t#gallery-3 .gallery-caption {\n\t\t\t\tmargin-left: 0;\n\t\t\t}\n\t\t\t\/* see gallery_shortcode() in wp-includes\/media.php *\/\n\t\t<\/style>\n\t\t<div id='gallery-3' class='gallery galleryid-47347 gallery-columns-2 gallery-size-medium'><dl class='gallery-item'>\n\t\t\t<dt class='gallery-icon portrait'>\n\t\t\t\t<a href='https:\/\/bibliotecas.unileon.es\/tULEctura\/2019\/07\/15\/pildora-literaria-el-gotico-sureno-ii\/un-tranvia-llamado-deseo-2\/'><img loading=\"lazy\" decoding=\"async\" width=\"227\" height=\"300\" src=\"https:\/\/bibliotecas.unileon.es\/tULEctura\/files\/2019\/07\/un-tranv\u00eda-llamado-deseo-2-227x300.jpg\" class=\"attachment-medium size-medium\" alt=\"\" aria-describedby=\"gallery-3-47362\" srcset=\"https:\/\/bibliotecas.unileon.es\/tULEctura\/files\/2019\/07\/un-tranv\u00eda-llamado-deseo-2-227x300.jpg 227w, https:\/\/bibliotecas.unileon.es\/tULEctura\/files\/2019\/07\/un-tranv\u00eda-llamado-deseo-2.jpg 500w\" sizes=\"auto, (max-width: 227px) 100vw, 227px\" \/><\/a>\n\t\t\t<\/dt>\n\t\t\t\t<dd class='wp-caption-text gallery-caption' id='gallery-3-47362'>\n\t\t\t\tFotograma de \u00abUn tranv\u00eda llamado deseo\u00bb\n\t\t\t\t<\/dd><\/dl><dl class='gallery-item'>\n\t\t\t<dt class='gallery-icon portrait'>\n\t\t\t\t<a href='https:\/\/bibliotecas.unileon.es\/tULEctura\/2019\/07\/15\/pildora-literaria-el-gotico-sureno-ii\/la-gata-sobre-el-tejado-de-sinc\/'><img loading=\"lazy\" decoding=\"async\" width=\"216\" height=\"300\" src=\"https:\/\/bibliotecas.unileon.es\/tULEctura\/files\/2019\/07\/la-gata-sobre-el-tejado-de-sinc-216x300.jpg\" class=\"attachment-medium size-medium\" alt=\"\" srcset=\"https:\/\/bibliotecas.unileon.es\/tULEctura\/files\/2019\/07\/la-gata-sobre-el-tejado-de-sinc-216x300.jpg 216w, https:\/\/bibliotecas.unileon.es\/tULEctura\/files\/2019\/07\/la-gata-sobre-el-tejado-de-sinc.jpg 230w\" sizes=\"auto, (max-width: 216px) 100vw, 216px\" \/><\/a>\n\t\t\t<\/dt><\/dl><br style=\"clear: both\" \/>\n\t\t<\/div>\n\n<p>&nbsp;<\/p>\n<p style=\"text-align: justify;\"><strong>Truman Capote<\/strong> (1924\u20131984) tambi\u00e9n es situado dentro de la escuela de escritores del g\u00f3tico sure\u00f1o con obras como <em>Otras voces, otros \u00e1mbitos<\/em> (1948). <strong>Harper Lee<\/strong> (1926\u20132016) escribi\u00f3 probablemente una de las novelas del g\u00f3tico sure\u00f1as m\u00e1s le\u00eddas, <em>C\u00f3mo matar a un ruise\u00f1or <\/em>(1960).<\/p>\n<p style=\"text-align: justify;\">Menci\u00f3n especial para los escritores afroamericanos del g\u00f3tico sure\u00f1o, quienes aportan una visi\u00f3n \u00fanica al g\u00e9nero, con las tensiones de represi\u00f3n racial como motivo principal. Los <img loading=\"lazy\" decoding=\"async\" class=\"alignright size-medium wp-image-47363\" src=\"http:\/\/bibliotecas.unileon.es\/tULEctura\/files\/2019\/07\/el-hombre-invisible-ralph-ellison-195x300.jpg\" alt=\"\" width=\"195\" height=\"300\" srcset=\"https:\/\/bibliotecas.unileon.es\/tULEctura\/files\/2019\/07\/el-hombre-invisible-ralph-ellison-195x300.jpg 195w, https:\/\/bibliotecas.unileon.es\/tULEctura\/files\/2019\/07\/el-hombre-invisible-ralph-ellison.jpg 564w\" sizes=\"auto, (max-width: 195px) 100vw, 195px\" \/>escritores blancos representaron a los afroamericanos como Otros monstruosos que habitaban el g\u00f3tico sure\u00f1o y la cultura americana. Es esta otredad lo que los escritores afroamericanos trataban de cuestionar. Los escritores afroamericanos modernos\u00a0\u00a0adoptaron las convenciones g\u00f3ticas intercambiando los aspectos m\u00e1s sobrenaturales con otr<span style=\"text-align: justify; font-size: 1rem;\">os m\u00e1s realistas, co<\/span><span style=\"text-align: justify; font-size: 1rem;\">mo Richard Wright (1908-1960). El concepto de <\/span><em style=\"text-align: justify; font-size: 1rem;\">double consciousness<\/em><span style=\"text-align: justify; font-size: 1rem;\"> de W. E.\u00a0<\/span><span style=\"text-align: justify; font-size: 1rem;\">B. Du Bois, presentado en <\/span><em style=\"text-align: justify; font-size: 1rem;\">Las almas del pueblo negro<\/em><span style=\"text-align: justify; font-size: 1rem;\"> (1903), es recurrente en la gran parte<\/span>\u00a0de las obras de g\u00f3tico sure\u00f1o de escritores afroamericanos. Por ejemplo, en <em>El hombre invisible <\/em>\u00a0(1952) de Ralph Ellison (1924-1994). Otros autores del g\u00f3tico sure\u00f1o son Zora Neale Hurston y su <em>Sus ojos miraban a Dios<\/em> (1937), y Toni Morrison, considerada el m\u00e1ximo exponente de esta tradici\u00f3n. Su obra seminal es <em>Beloved<\/em> (1987).<\/p>\n<p style=\"text-align: justify;\">En el g\u00f3tico contempor\u00e1neo la<\/p>\n\n\t\t<style type=\"text\/css\">\n\t\t\t#gallery-4 {\n\t\t\t\tmargin: auto;\n\t\t\t}\n\t\t\t#gallery-4 .gallery-item {\n\t\t\t\tfloat: left;\n\t\t\t\tmargin-top: 10px;\n\t\t\t\ttext-align: center;\n\t\t\t\twidth: 50%;\n\t\t\t}\n\t\t\t#gallery-4 img {\n\t\t\t\tborder: 2px solid #cfcfcf;\n\t\t\t}\n\t\t\t#gallery-4 .gallery-caption {\n\t\t\t\tmargin-left: 0;\n\t\t\t}\n\t\t\t\/* see gallery_shortcode() in wp-includes\/media.php *\/\n\t\t<\/style>\n\t\t<div id='gallery-4' class='gallery galleryid-47347 gallery-columns-2 gallery-size-medium'><dl class='gallery-item'>\n\t\t\t<dt class='gallery-icon portrait'>\n\t\t\t\t<a href='https:\/\/bibliotecas.unileon.es\/tULEctura\/2019\/07\/15\/pildora-literaria-el-gotico-sureno-ii\/zora-neale-hurston\/'><img loading=\"lazy\" decoding=\"async\" width=\"198\" height=\"300\" src=\"https:\/\/bibliotecas.unileon.es\/tULEctura\/files\/2019\/07\/ZORA-NEALE-HURSTON-198x300.jpg\" class=\"attachment-medium size-medium\" alt=\"\" aria-describedby=\"gallery-4-47365\" srcset=\"https:\/\/bibliotecas.unileon.es\/tULEctura\/files\/2019\/07\/ZORA-NEALE-HURSTON-198x300.jpg 198w, https:\/\/bibliotecas.unileon.es\/tULEctura\/files\/2019\/07\/ZORA-NEALE-HURSTON.jpg 563w\" sizes=\"auto, (max-width: 198px) 100vw, 198px\" \/><\/a>\n\t\t\t<\/dt>\n\t\t\t\t<dd class='wp-caption-text gallery-caption' id='gallery-4-47365'>\n\t\t\t\tZora Neale Hurston\n\t\t\t\t<\/dd><\/dl><dl class='gallery-item'>\n\t\t\t<dt class='gallery-icon portrait'>\n\t\t\t\t<a href='https:\/\/bibliotecas.unileon.es\/tULEctura\/2019\/07\/15\/pildora-literaria-el-gotico-sureno-ii\/beloved\/'><img loading=\"lazy\" decoding=\"async\" width=\"213\" height=\"300\" src=\"https:\/\/bibliotecas.unileon.es\/tULEctura\/files\/2019\/07\/beloved-213x300.jpg\" class=\"attachment-medium size-medium\" alt=\"\" aria-describedby=\"gallery-4-47364\" srcset=\"https:\/\/bibliotecas.unileon.es\/tULEctura\/files\/2019\/07\/beloved-213x300.jpg 213w, https:\/\/bibliotecas.unileon.es\/tULEctura\/files\/2019\/07\/beloved.jpg 564w\" sizes=\"auto, (max-width: 213px) 100vw, 213px\" \/><\/a>\n\t\t\t<\/dt>\n\t\t\t\t<dd class='wp-caption-text gallery-caption' id='gallery-4-47364'>\n\t\t\t\tBeloved\n\t\t\t\t<\/dd><\/dl><br style=\"clear: both\" \/>\n\t\t<\/div>\n\n<p style=\"text-align: justify;\">figura primordial es la de Cormac McCarthy (1933). Su carrera literaria empez\u00f3 con novelas violentas influenciadas por William Faulkner y Flannery O\u2019Connor, y situadas en la <a href=\"https:\/\/www.arc.gov\/appalachian_region\/MapofAppalachia.asp\" target=\"_blank\" rel=\"noopener noreferrer\">Appalachia<\/a> de Tennessee: <em>El guardi\u00e1n del vergel <\/em>(1965), <em>La oscuridad exterior<\/em> (1968), <em>Hijo de Dios<\/em> (1973) y <em>Suttree<\/em> (1979). El universo g\u00f3tico de McCarthy presenta tambi\u00e9n una visi\u00f3n aterradora de la destrucci\u00f3n pre- y <a href=\"https:\/\/es.wikipedia.org\/wiki\/Posthumanismo\" target=\"_blank\" rel=\"noopener noreferrer\">posthumana<\/a>. En 2006 volvi\u00f3 al g\u00f3tico sure\u00f1o con la novela <em>La carretera<\/em>, ganadora del premio Pulitzer. La novela est\u00e1 ambienta en una \u00e9poca post-apocal\u00edptica y muestra las tensiones entre el viejo y el nuevo sur.<\/p>\n<div id=\"attachment_47380\" style=\"width: 914px\" class=\"wp-caption aligncenter\"><img loading=\"lazy\" decoding=\"async\" aria-describedby=\"caption-attachment-47380\" class=\"wp-image-47380 size-full\" src=\"http:\/\/bibliotecas.unileon.es\/tULEctura\/files\/2019\/09\/la-carretera.jpg\" alt=\"\" width=\"904\" height=\"287\" srcset=\"https:\/\/bibliotecas.unileon.es\/tULEctura\/files\/2019\/09\/la-carretera.jpg 904w, https:\/\/bibliotecas.unileon.es\/tULEctura\/files\/2019\/09\/la-carretera-300x95.jpg 300w, https:\/\/bibliotecas.unileon.es\/tULEctura\/files\/2019\/09\/la-carretera-768x244.jpg 768w, https:\/\/bibliotecas.unileon.es\/tULEctura\/files\/2019\/09\/la-carretera-624x198.jpg 624w\" sizes=\"auto, (max-width: 904px) 100vw, 904px\" \/><p id=\"caption-attachment-47380\" class=\"wp-caption-text\">Cormac McCarthy y fotograma de \u00abLa carretera\u00bb, dirigida por John Hillcoat y basada en la novela<\/p><\/div>\n<p style=\"text-align: justify;\">Adaptado por Carla Abella Rodr\u00edguez a partir del art\u00edculo<a href=\"https:\/\/oxfordre.com\/literature\/view\/10.1093\/acrefore\/9780190201098.001.0001\/acrefore-9780190201098-e-304\" target=\"_blank\" rel=\"noopener noreferrer\">\u00a0\u201cSouthern Gothic Literature\u201d<\/a>\u00a0de Thomas \u00c6rvold Bjerre.<\/p>\n<p style=\"text-align: justify;\">Bjerre, Thomas \u00c6rvold. \u201cSouthern Gothic Literature.\u201d Oxford Research Encyclopedia of Literature.\u00a0 June 28, 2017. Oxford University Press,. Date of access 27 Jun. 2019,\u00a0<a href=\"http:\/\/%3Chttps\/\/oxfordre.com\/literature\/view\/10.1093\/acrefore\/9780190201098.001.0001\/acrefore-9780190201098-e-304%3E\" target=\"_blank\" rel=\"noopener noreferrer\">&lt;https:\/\/oxfordre.com\/literature\/view\/10.1093\/acrefore\/9780190201098.001.0001\/acrefore-9780190201098-e-304&gt;<\/a><\/p>\n<p style=\"text-align: justify;\">\n","protected":false},"excerpt":{"rendered":"<p>ESCRITORES DEL G\u00d3TICO SURE\u00d1O Edgar Allan Poe (1809\u20131849) fue el primero en explorar el g\u00f3tico sure\u00f1o en todo su potencial. La mayor parte de sus poemas y relatos breves presentan elementos caracter\u00edsticos del g\u00f3tico sure\u00f1o: una casa (y su familia) en deterioro, hombres y mujeres enloquecidos por ansiedades desconocidas, y tem\u00e1ticas sexuales y raciales transgresoras [&hellip;]<\/p>\n","protected":false},"author":73,"featured_media":0,"comment_status":"open","ping_status":"open","sticky":false,"template":"","format":"standard","meta":{"_bbp_topic_count":0,"_bbp_reply_count":0,"_bbp_total_topic_count":0,"_bbp_total_reply_count":0,"_bbp_voice_count":0,"_bbp_anonymous_reply_count":0,"_bbp_topic_count_hidden":0,"_bbp_reply_count_hidden":0,"_bbp_forum_subforum_count":0,"_monsterinsights_skip_tracking":false,"_monsterinsights_sitenote_active":false,"_monsterinsights_sitenote_note":"","_monsterinsights_sitenote_category":0,"footnotes":""},"categories":[336],"tags":[825,821,112,820,818,822,823,819,824],"class_list":["post-47347","post","type-post","status-publish","format-standard","hentry","category-pildoras-de-teoria-de-la-literatura","tag-cormac-mccarthy","tag-doppelganger","tag-edgar-allan-poe","tag-flannery-oconnor","tag-gotico-sureno","tag-tennessee-williams","tag-truman-capote","tag-william-faulkner","tag-zora-neale-hurston"],"yoast_head":"<!-- This site is optimized with the Yoast SEO plugin v25.8 - https:\/\/yoast.com\/wordpress\/plugins\/seo\/ -->\n<title>El g\u00f3tico sure\u00f1o (II) - tULEctura<\/title>\n<meta name=\"robots\" content=\"index, follow, max-snippet:-1, max-image-preview:large, max-video-preview:-1\" \/>\n<link rel=\"canonical\" href=\"https:\/\/bibliotecas.unileon.es\/tULEctura\/2019\/07\/15\/pildora-literaria-el-gotico-sureno-ii\/\" \/>\n<meta property=\"og:locale\" content=\"es_ES\" \/>\n<meta property=\"og:type\" content=\"article\" \/>\n<meta property=\"og:title\" content=\"El g\u00f3tico sure\u00f1o (II) - tULEctura\" \/>\n<meta property=\"og:description\" content=\"ESCRITORES DEL G\u00d3TICO SURE\u00d1O Edgar Allan Poe (1809\u20131849) fue el primero en explorar el g\u00f3tico sure\u00f1o en todo su potencial. La mayor parte de sus poemas y relatos breves presentan elementos caracter\u00edsticos del g\u00f3tico sure\u00f1o: una casa (y su familia) en deterioro, hombres y mujeres enloquecidos por ansiedades desconocidas, y tem\u00e1ticas sexuales y raciales transgresoras [&hellip;]\" \/>\n<meta property=\"og:url\" content=\"https:\/\/bibliotecas.unileon.es\/tULEctura\/2019\/07\/15\/pildora-literaria-el-gotico-sureno-ii\/\" \/>\n<meta property=\"og:site_name\" content=\"tULEctura\" \/>\n<meta property=\"article:publisher\" content=\"https:\/\/www.facebook.com\/tulectura.unileon\/\" \/>\n<meta property=\"article:published_time\" content=\"2019-07-15T05:00:38+00:00\" \/>\n<meta property=\"og:image\" content=\"https:\/\/bibliotecas.unileon.es\/tULEctura\/files\/2019\/07\/absalom-absalom3-202x300.jpg\" \/>\n<meta name=\"author\" content=\"tULEctura\" \/>\n<meta name=\"twitter:card\" content=\"summary_large_image\" \/>\n<meta name=\"twitter:creator\" content=\"@tULEctura_ULE\" \/>\n<meta name=\"twitter:site\" content=\"@tULEctura_ULE\" \/>\n<meta name=\"twitter:label1\" content=\"Escrito por\" \/>\n\t<meta name=\"twitter:data1\" content=\"tULEctura\" \/>\n\t<meta name=\"twitter:label2\" content=\"Tiempo de lectura\" \/>\n\t<meta name=\"twitter:data2\" content=\"4 minutos\" \/>\n<script type=\"application\/ld+json\" class=\"yoast-schema-graph\">{\"@context\":\"https:\/\/schema.org\",\"@graph\":[{\"@type\":\"Article\",\"@id\":\"https:\/\/bibliotecas.unileon.es\/tULEctura\/2019\/07\/15\/pildora-literaria-el-gotico-sureno-ii\/#article\",\"isPartOf\":{\"@id\":\"https:\/\/bibliotecas.unileon.es\/tULEctura\/2019\/07\/15\/pildora-literaria-el-gotico-sureno-ii\/\"},\"author\":{\"name\":\"tULEctura\",\"@id\":\"https:\/\/bibliotecas.unileon.es\/tULEctura\/#\/schema\/person\/c8977b10c1fdf7d1dab5629f08287597\"},\"headline\":\"El g\u00f3tico sure\u00f1o (II)\",\"datePublished\":\"2019-07-15T05:00:38+00:00\",\"mainEntityOfPage\":{\"@id\":\"https:\/\/bibliotecas.unileon.es\/tULEctura\/2019\/07\/15\/pildora-literaria-el-gotico-sureno-ii\/\"},\"wordCount\":811,\"commentCount\":0,\"publisher\":{\"@id\":\"https:\/\/bibliotecas.unileon.es\/tULEctura\/#organization\"},\"image\":{\"@id\":\"https:\/\/bibliotecas.unileon.es\/tULEctura\/2019\/07\/15\/pildora-literaria-el-gotico-sureno-ii\/#primaryimage\"},\"thumbnailUrl\":\"http:\/\/bibliotecas.unileon.es\/tULEctura\/files\/2014\/02\/casa-usher.jpg\",\"keywords\":[\"Cormac McCarthy\",\"Doppelg\u00e4nger\",\"Edgar Allan Poe\",\"Flannery O\u2019Connor\",\"g\u00f3tico sure\u00f1o\",\"Tennessee Williams\",\"Truman Capote\",\"William Faulkner\",\"Zora Neale Hurston\"],\"articleSection\":[\"P\u00edldoras de teor\u00eda de la literatura\"],\"inLanguage\":\"es\",\"potentialAction\":[{\"@type\":\"CommentAction\",\"name\":\"Comment\",\"target\":[\"https:\/\/bibliotecas.unileon.es\/tULEctura\/2019\/07\/15\/pildora-literaria-el-gotico-sureno-ii\/#respond\"]}]},{\"@type\":\"WebPage\",\"@id\":\"https:\/\/bibliotecas.unileon.es\/tULEctura\/2019\/07\/15\/pildora-literaria-el-gotico-sureno-ii\/\",\"url\":\"https:\/\/bibliotecas.unileon.es\/tULEctura\/2019\/07\/15\/pildora-literaria-el-gotico-sureno-ii\/\",\"name\":\"El g\u00f3tico sure\u00f1o (II) - tULEctura\",\"isPartOf\":{\"@id\":\"https:\/\/bibliotecas.unileon.es\/tULEctura\/#website\"},\"primaryImageOfPage\":{\"@id\":\"https:\/\/bibliotecas.unileon.es\/tULEctura\/2019\/07\/15\/pildora-literaria-el-gotico-sureno-ii\/#primaryimage\"},\"image\":{\"@id\":\"https:\/\/bibliotecas.unileon.es\/tULEctura\/2019\/07\/15\/pildora-literaria-el-gotico-sureno-ii\/#primaryimage\"},\"thumbnailUrl\":\"http:\/\/bibliotecas.unileon.es\/tULEctura\/files\/2014\/02\/casa-usher.jpg\",\"datePublished\":\"2019-07-15T05:00:38+00:00\",\"breadcrumb\":{\"@id\":\"https:\/\/bibliotecas.unileon.es\/tULEctura\/2019\/07\/15\/pildora-literaria-el-gotico-sureno-ii\/#breadcrumb\"},\"inLanguage\":\"es\",\"potentialAction\":[{\"@type\":\"ReadAction\",\"target\":[\"https:\/\/bibliotecas.unileon.es\/tULEctura\/2019\/07\/15\/pildora-literaria-el-gotico-sureno-ii\/\"]}]},{\"@type\":\"ImageObject\",\"inLanguage\":\"es\",\"@id\":\"https:\/\/bibliotecas.unileon.es\/tULEctura\/2019\/07\/15\/pildora-literaria-el-gotico-sureno-ii\/#primaryimage\",\"url\":\"http:\/\/bibliotecas.unileon.es\/tULEctura\/files\/2014\/02\/casa-usher.jpg\",\"contentUrl\":\"http:\/\/bibliotecas.unileon.es\/tULEctura\/files\/2014\/02\/casa-usher.jpg\"},{\"@type\":\"BreadcrumbList\",\"@id\":\"https:\/\/bibliotecas.unileon.es\/tULEctura\/2019\/07\/15\/pildora-literaria-el-gotico-sureno-ii\/#breadcrumb\",\"itemListElement\":[{\"@type\":\"ListItem\",\"position\":1,\"name\":\"Home\",\"item\":\"https:\/\/bibliotecas.unileon.es\/tULEctura\/\"},{\"@type\":\"ListItem\",\"position\":2,\"name\":\"El g\u00f3tico sure\u00f1o (II)\"}]},{\"@type\":\"WebSite\",\"@id\":\"https:\/\/bibliotecas.unileon.es\/tULEctura\/#website\",\"url\":\"https:\/\/bibliotecas.unileon.es\/tULEctura\/\",\"name\":\"tULEctura\",\"description\":\"Espacio de la Universidad de Le\u00f3n dedicado a la lectura\",\"publisher\":{\"@id\":\"https:\/\/bibliotecas.unileon.es\/tULEctura\/#organization\"},\"potentialAction\":[{\"@type\":\"SearchAction\",\"target\":{\"@type\":\"EntryPoint\",\"urlTemplate\":\"https:\/\/bibliotecas.unileon.es\/tULEctura\/?s={search_term_string}\"},\"query-input\":{\"@type\":\"PropertyValueSpecification\",\"valueRequired\":true,\"valueName\":\"search_term_string\"}}],\"inLanguage\":\"es\"},{\"@type\":\"Organization\",\"@id\":\"https:\/\/bibliotecas.unileon.es\/tULEctura\/#organization\",\"name\":\"Universidad de Le\u00f3n\",\"url\":\"https:\/\/bibliotecas.unileon.es\/tULEctura\/\",\"logo\":{\"@type\":\"ImageObject\",\"inLanguage\":\"es\",\"@id\":\"https:\/\/bibliotecas.unileon.es\/tULEctura\/#\/schema\/logo\/image\/\",\"url\":\"https:\/\/bibliotecas.unileon.es\/tULEctura\/files\/2018\/08\/TULECTURA_LOGO1.png\",\"contentUrl\":\"https:\/\/bibliotecas.unileon.es\/tULEctura\/files\/2018\/08\/TULECTURA_LOGO1.png\",\"width\":\"960\",\"height\":\"258\",\"caption\":\"Universidad de Le\u00f3n\"},\"image\":{\"@id\":\"https:\/\/bibliotecas.unileon.es\/tULEctura\/#\/schema\/logo\/image\/\"},\"sameAs\":[\"https:\/\/www.facebook.com\/tulectura.unileon\/\",\"https:\/\/x.com\/tULEctura_ULE\",\"https:\/\/www.instagram.com\/tulectura.unileon\/\",\"https:\/\/www.pinterest.es\/tulectura\/\",\"https:\/\/www.youtube.com\/channel\/UCoWaDD39lVlAQcOchwlTPVw\"]},{\"@type\":\"Person\",\"@id\":\"https:\/\/bibliotecas.unileon.es\/tULEctura\/#\/schema\/person\/c8977b10c1fdf7d1dab5629f08287597\",\"name\":\"tULEctura\",\"image\":{\"@type\":\"ImageObject\",\"inLanguage\":\"es\",\"@id\":\"https:\/\/bibliotecas.unileon.es\/tULEctura\/#\/schema\/person\/image\/\",\"url\":\"https:\/\/secure.gravatar.com\/avatar\/0333df4303886fb64623b9e9187f54a040d3d4a3ef64faa35cef06145923a9ab?s=96&d=mm&r=g\",\"contentUrl\":\"https:\/\/secure.gravatar.com\/avatar\/0333df4303886fb64623b9e9187f54a040d3d4a3ef64faa35cef06145923a9ab?s=96&d=mm&r=g\",\"caption\":\"tULEctura\"},\"url\":\"https:\/\/bibliotecas.unileon.es\/tULEctura\/author\/buua1\/\"}]}<\/script>\n<!-- \/ Yoast SEO plugin. -->","yoast_head_json":{"title":"El g\u00f3tico sure\u00f1o (II) - tULEctura","robots":{"index":"index","follow":"follow","max-snippet":"max-snippet:-1","max-image-preview":"max-image-preview:large","max-video-preview":"max-video-preview:-1"},"canonical":"https:\/\/bibliotecas.unileon.es\/tULEctura\/2019\/07\/15\/pildora-literaria-el-gotico-sureno-ii\/","og_locale":"es_ES","og_type":"article","og_title":"El g\u00f3tico sure\u00f1o (II) - tULEctura","og_description":"ESCRITORES DEL G\u00d3TICO SURE\u00d1O Edgar Allan Poe (1809\u20131849) fue el primero en explorar el g\u00f3tico sure\u00f1o en todo su potencial. La mayor parte de sus poemas y relatos breves presentan elementos caracter\u00edsticos del g\u00f3tico sure\u00f1o: una casa (y su familia) en deterioro, hombres y mujeres enloquecidos por ansiedades desconocidas, y tem\u00e1ticas sexuales y raciales transgresoras [&hellip;]","og_url":"https:\/\/bibliotecas.unileon.es\/tULEctura\/2019\/07\/15\/pildora-literaria-el-gotico-sureno-ii\/","og_site_name":"tULEctura","article_publisher":"https:\/\/www.facebook.com\/tulectura.unileon\/","article_published_time":"2019-07-15T05:00:38+00:00","og_image":[{"url":"https:\/\/bibliotecas.unileon.es\/tULEctura\/files\/2019\/07\/absalom-absalom3-202x300.jpg","type":"","width":"","height":""}],"author":"tULEctura","twitter_card":"summary_large_image","twitter_creator":"@tULEctura_ULE","twitter_site":"@tULEctura_ULE","twitter_misc":{"Escrito por":"tULEctura","Tiempo de lectura":"4 minutos"},"schema":{"@context":"https:\/\/schema.org","@graph":[{"@type":"Article","@id":"https:\/\/bibliotecas.unileon.es\/tULEctura\/2019\/07\/15\/pildora-literaria-el-gotico-sureno-ii\/#article","isPartOf":{"@id":"https:\/\/bibliotecas.unileon.es\/tULEctura\/2019\/07\/15\/pildora-literaria-el-gotico-sureno-ii\/"},"author":{"name":"tULEctura","@id":"https:\/\/bibliotecas.unileon.es\/tULEctura\/#\/schema\/person\/c8977b10c1fdf7d1dab5629f08287597"},"headline":"El g\u00f3tico sure\u00f1o (II)","datePublished":"2019-07-15T05:00:38+00:00","mainEntityOfPage":{"@id":"https:\/\/bibliotecas.unileon.es\/tULEctura\/2019\/07\/15\/pildora-literaria-el-gotico-sureno-ii\/"},"wordCount":811,"commentCount":0,"publisher":{"@id":"https:\/\/bibliotecas.unileon.es\/tULEctura\/#organization"},"image":{"@id":"https:\/\/bibliotecas.unileon.es\/tULEctura\/2019\/07\/15\/pildora-literaria-el-gotico-sureno-ii\/#primaryimage"},"thumbnailUrl":"http:\/\/bibliotecas.unileon.es\/tULEctura\/files\/2014\/02\/casa-usher.jpg","keywords":["Cormac McCarthy","Doppelg\u00e4nger","Edgar Allan Poe","Flannery O\u2019Connor","g\u00f3tico sure\u00f1o","Tennessee Williams","Truman Capote","William Faulkner","Zora Neale Hurston"],"articleSection":["P\u00edldoras de teor\u00eda de la literatura"],"inLanguage":"es","potentialAction":[{"@type":"CommentAction","name":"Comment","target":["https:\/\/bibliotecas.unileon.es\/tULEctura\/2019\/07\/15\/pildora-literaria-el-gotico-sureno-ii\/#respond"]}]},{"@type":"WebPage","@id":"https:\/\/bibliotecas.unileon.es\/tULEctura\/2019\/07\/15\/pildora-literaria-el-gotico-sureno-ii\/","url":"https:\/\/bibliotecas.unileon.es\/tULEctura\/2019\/07\/15\/pildora-literaria-el-gotico-sureno-ii\/","name":"El g\u00f3tico sure\u00f1o (II) - tULEctura","isPartOf":{"@id":"https:\/\/bibliotecas.unileon.es\/tULEctura\/#website"},"primaryImageOfPage":{"@id":"https:\/\/bibliotecas.unileon.es\/tULEctura\/2019\/07\/15\/pildora-literaria-el-gotico-sureno-ii\/#primaryimage"},"image":{"@id":"https:\/\/bibliotecas.unileon.es\/tULEctura\/2019\/07\/15\/pildora-literaria-el-gotico-sureno-ii\/#primaryimage"},"thumbnailUrl":"http:\/\/bibliotecas.unileon.es\/tULEctura\/files\/2014\/02\/casa-usher.jpg","datePublished":"2019-07-15T05:00:38+00:00","breadcrumb":{"@id":"https:\/\/bibliotecas.unileon.es\/tULEctura\/2019\/07\/15\/pildora-literaria-el-gotico-sureno-ii\/#breadcrumb"},"inLanguage":"es","potentialAction":[{"@type":"ReadAction","target":["https:\/\/bibliotecas.unileon.es\/tULEctura\/2019\/07\/15\/pildora-literaria-el-gotico-sureno-ii\/"]}]},{"@type":"ImageObject","inLanguage":"es","@id":"https:\/\/bibliotecas.unileon.es\/tULEctura\/2019\/07\/15\/pildora-literaria-el-gotico-sureno-ii\/#primaryimage","url":"http:\/\/bibliotecas.unileon.es\/tULEctura\/files\/2014\/02\/casa-usher.jpg","contentUrl":"http:\/\/bibliotecas.unileon.es\/tULEctura\/files\/2014\/02\/casa-usher.jpg"},{"@type":"BreadcrumbList","@id":"https:\/\/bibliotecas.unileon.es\/tULEctura\/2019\/07\/15\/pildora-literaria-el-gotico-sureno-ii\/#breadcrumb","itemListElement":[{"@type":"ListItem","position":1,"name":"Home","item":"https:\/\/bibliotecas.unileon.es\/tULEctura\/"},{"@type":"ListItem","position":2,"name":"El g\u00f3tico sure\u00f1o (II)"}]},{"@type":"WebSite","@id":"https:\/\/bibliotecas.unileon.es\/tULEctura\/#website","url":"https:\/\/bibliotecas.unileon.es\/tULEctura\/","name":"tULEctura","description":"Espacio de la Universidad de Le\u00f3n dedicado a la lectura","publisher":{"@id":"https:\/\/bibliotecas.unileon.es\/tULEctura\/#organization"},"potentialAction":[{"@type":"SearchAction","target":{"@type":"EntryPoint","urlTemplate":"https:\/\/bibliotecas.unileon.es\/tULEctura\/?s={search_term_string}"},"query-input":{"@type":"PropertyValueSpecification","valueRequired":true,"valueName":"search_term_string"}}],"inLanguage":"es"},{"@type":"Organization","@id":"https:\/\/bibliotecas.unileon.es\/tULEctura\/#organization","name":"Universidad de Le\u00f3n","url":"https:\/\/bibliotecas.unileon.es\/tULEctura\/","logo":{"@type":"ImageObject","inLanguage":"es","@id":"https:\/\/bibliotecas.unileon.es\/tULEctura\/#\/schema\/logo\/image\/","url":"https:\/\/bibliotecas.unileon.es\/tULEctura\/files\/2018\/08\/TULECTURA_LOGO1.png","contentUrl":"https:\/\/bibliotecas.unileon.es\/tULEctura\/files\/2018\/08\/TULECTURA_LOGO1.png","width":"960","height":"258","caption":"Universidad de Le\u00f3n"},"image":{"@id":"https:\/\/bibliotecas.unileon.es\/tULEctura\/#\/schema\/logo\/image\/"},"sameAs":["https:\/\/www.facebook.com\/tulectura.unileon\/","https:\/\/x.com\/tULEctura_ULE","https:\/\/www.instagram.com\/tulectura.unileon\/","https:\/\/www.pinterest.es\/tulectura\/","https:\/\/www.youtube.com\/channel\/UCoWaDD39lVlAQcOchwlTPVw"]},{"@type":"Person","@id":"https:\/\/bibliotecas.unileon.es\/tULEctura\/#\/schema\/person\/c8977b10c1fdf7d1dab5629f08287597","name":"tULEctura","image":{"@type":"ImageObject","inLanguage":"es","@id":"https:\/\/bibliotecas.unileon.es\/tULEctura\/#\/schema\/person\/image\/","url":"https:\/\/secure.gravatar.com\/avatar\/0333df4303886fb64623b9e9187f54a040d3d4a3ef64faa35cef06145923a9ab?s=96&d=mm&r=g","contentUrl":"https:\/\/secure.gravatar.com\/avatar\/0333df4303886fb64623b9e9187f54a040d3d4a3ef64faa35cef06145923a9ab?s=96&d=mm&r=g","caption":"tULEctura"},"url":"https:\/\/bibliotecas.unileon.es\/tULEctura\/author\/buua1\/"}]}},"_links":{"self":[{"href":"https:\/\/bibliotecas.unileon.es\/tULEctura\/wp-json\/wp\/v2\/posts\/47347","targetHints":{"allow":["GET"]}}],"collection":[{"href":"https:\/\/bibliotecas.unileon.es\/tULEctura\/wp-json\/wp\/v2\/posts"}],"about":[{"href":"https:\/\/bibliotecas.unileon.es\/tULEctura\/wp-json\/wp\/v2\/types\/post"}],"author":[{"embeddable":true,"href":"https:\/\/bibliotecas.unileon.es\/tULEctura\/wp-json\/wp\/v2\/users\/73"}],"replies":[{"embeddable":true,"href":"https:\/\/bibliotecas.unileon.es\/tULEctura\/wp-json\/wp\/v2\/comments?post=47347"}],"version-history":[{"count":1,"href":"https:\/\/bibliotecas.unileon.es\/tULEctura\/wp-json\/wp\/v2\/posts\/47347\/revisions"}],"predecessor-version":[{"id":47378,"href":"https:\/\/bibliotecas.unileon.es\/tULEctura\/wp-json\/wp\/v2\/posts\/47347\/revisions\/47378"}],"wp:attachment":[{"href":"https:\/\/bibliotecas.unileon.es\/tULEctura\/wp-json\/wp\/v2\/media?parent=47347"}],"wp:term":[{"taxonomy":"category","embeddable":true,"href":"https:\/\/bibliotecas.unileon.es\/tULEctura\/wp-json\/wp\/v2\/categories?post=47347"},{"taxonomy":"post_tag","embeddable":true,"href":"https:\/\/bibliotecas.unileon.es\/tULEctura\/wp-json\/wp\/v2\/tags?post=47347"}],"curies":[{"name":"wp","href":"https:\/\/api.w.org\/{rel}","templated":true}]}}