{"id":47539,"date":"2019-11-11T19:00:08","date_gmt":"2019-11-11T18:00:08","guid":{"rendered":"https:\/\/bibliotecas.unileon.es\/tULEctura\/?p=47539"},"modified":"2019-11-26T19:43:06","modified_gmt":"2019-11-26T18:43:06","slug":"antonio-pereira-y-23-lectores-complices-guia-a-la-lectura","status":"publish","type":"post","link":"https:\/\/bibliotecas.unileon.es\/tULEctura\/2019\/11\/11\/antonio-pereira-y-23-lectores-complices-guia-a-la-lectura\/","title":{"rendered":"Antonio Pereira y 23 lectores c\u00f3mplices: gu\u00eda a la lectura"},"content":{"rendered":"<p style=\"text-align: right;\"><strong>Por Raquel de la Varga Llamazares<\/strong><br \/>\n<a href=\"https:\/\/bibliotecas.unileon.es\/tULEctura\/files\/2019\/11\/Antonio_Pereria_y_23_lectores_complices.jpg\"><img loading=\"lazy\" decoding=\"async\" class=\" wp-image-47540 aligncenter\" src=\"https:\/\/bibliotecas.unileon.es\/tULEctura\/files\/2019\/11\/Antonio_Pereria_y_23_lectores_complices.jpg\" alt=\"\" width=\"490\" height=\"686\" \/><\/a><\/p>\n<p style=\"text-align: justify;\"><span style=\"font-weight: 400;\">A continuaci\u00f3n veremos unas pinceladas de algunos de los rasgos m\u00e1s destacados que <strong>Natalia \u00c1lvarez M\u00e9ndez y \u00c1ngeles Encinar<\/strong> se\u00f1alan con mucha inteligencia en el pr\u00f3logo de <a href=\"https:\/\/www.eolasediciones.es\/catalogo\/coleccion-cua\/antonio-pereira-y-23-lectores-complices\/\"><strong>Antonio Pereira y 23 lectores c\u00f3mplices<\/strong><\/a>. Esta antolog\u00eda pone el foco en la admiraci\u00f3n que gran parte de la n\u00f3mina de narradores j\u00f3venes espa\u00f1oles sienten por el maestro Pereira a partir de los comentarios a sus cuentos que cada uno ha elegido. Jos\u00e9 Mar\u00eda Merino, Soledad Pu\u00e9rtolas, Patricia Esteban Erl\u00e9s, Eloy Tiz\u00f3n, etc., son solo algunos de ellos. <\/span><\/p>\n<p style=\"text-align: justify;\"><span style=\"font-weight: 400;\">Aunque en vida obtuvo <a href=\"http:\/\/www.fundacionantoniopereira.com\/biografia2.html#notas6\">reconocimientos literarios<\/a> tan importantes como el <em>Premio Fastenrath<\/em> de la Real Academia Espa\u00f1ola o el <em>Premio Leopoldo Alas, <\/em>la selecci\u00f3n para el Nadal as\u00ed como el t\u00edtulo de <em>Doctor Honoris Causa<\/em> por la Universidad de Le\u00f3n o el Premio Castilla y Le\u00f3n de las Letras, entre muchos otros a su poes\u00eda, nos sigue pareciendo que la atenci\u00f3n que ha tenido por parte de los lectores es insuficiente. La humildad con la que trat\u00f3 su propia obra puede que sea una de las principales causas de su olvid\u00f3 en nuestra ciudad. Especialmente son muchos los amigos y lectores que lo recuerdan y lo reivindican, pero a\u00fan falta una reivindicaci\u00f3n de su calidad literaria, algo que no tiene nada que ver con la admiraci\u00f3n y el respeto personal que todos los que lo conocieron muestran hacia su figura.\u00a0<\/span><\/p>\n<p style=\"text-align: justify;\"><span style=\"font-weight: 400;\">El cuento literario espa\u00f1ol, aunque olvidado en las historias y manuales de la literatura espa\u00f1ola, vivi\u00f3 su auge de manera paralela al auge del cuento de Antonio Pereira durante los a\u00f1os 90, especialmente en revistas dedicadas a este g\u00e9nero como <em>\u00cdnsula<\/em> o <em>Lucanor<\/em>, publicaciones en las que muchos de sus relatos vieron la luz. En numerosas ocasiones, sus cuentos fueron fruto de art\u00edculos y an\u00e1lisis de te\u00f3ricos tan importantes sobre el cuento cOmo Fernando Valls, Jos\u00e9 Luis Mart\u00edn Nogales o la propia \u00c1ngeles Encinar, que incluy\u00f3 en su <em>Antolog\u00eda de cuento espa\u00f1ol contempor\u00e1neo<\/em> de la editorial C\u00e1tedra \u00abLa barbera alemana\u00bb como texto representante de la generaci\u00f3n del medio siglo. El hecho de que tanto \u00c1ngeles Encinar \u2014una de las estudiosas m\u00e1s importantes sobre cuento espa\u00f1ol contempor\u00e1neo y actual\u2014 como Natalia \u00c1lvarez M\u00e9ndez \u2014qui\u00e9n ha dedicado gran parte de su investigaci\u00f3n a la narrativa de autores leoneses\u2014 as\u00ed como la n\u00f3mina de grandes y reconocidos narradores, j\u00f3venes y ya consolidados dedique una edici\u00f3n comentada a los cuentos de Pereira nos da una idea de que una d\u00e9cada despu\u00e9s de su muerte sigue suscitando un gran inter\u00e9s tanto para la cr\u00edtica como para los escritores generacionalmente posteriores, a quienes ha influido y quienes lo reconocen como un escritor relevante para su propia obra.\u00a0<\/span><\/p>\n<p style=\"text-align: justify;\">Este formato nos permite, primeramente, leer y conocer a escritores del panorama actual que, conozcamos o no, estaremos leyendo, aunque en su sentido m\u00e1s personal. Especialmente para los socios del club resultar\u00e1 llamativo leer las impresiones de autores como Lara Moreno, Ricardo Men\u00e9ndez Salm\u00f3n o David Roas, a quienes nos hemos acercado en otras ocasiones, mostrando su admiraci\u00f3n por temas o g\u00e9neros que en nada relacion\u00e1bamos con ellos. Pero fundamentalmente lo que nos permite es ampliar nuestras perspectivas sobre la significaci\u00f3n de los cuentos. Cuatro ojos siempre ven m\u00e1s que dos, y por lo tanto, sus interpretaciones nos pueden ayudar a comprender y a ver aristas que permanec\u00edan ocultas para nosotros.<\/p>\n<p>&nbsp;<\/p>\n<p style=\"text-align: center;\"><strong>Sobre el autor y su obra<\/strong><\/p>\n<p style=\"text-align: center;\"><em style=\"font-size: 1rem;\"><span>AFIRMACI\u00d3N DE VECINDAD<\/span><\/em><\/p>\n<blockquote>\n<p style=\"text-align: center;\"><em><span style=\"font-weight: 400;\">Soy de una tierra fr\u00eda, pero hermosa.<br \/>\n<\/span><\/em><em><span style=\"font-weight: 400;\">Aqu\u00ed la nieve, la esperanza helada<br \/>\n<\/span><\/em><em><span style=\"font-weight: 400;\">de que se alumbre cada madrugada<br \/>\n<\/span><\/em><em><span style=\"font-weight: 400;\">el destino dif\u00edcil de la rosa.<br \/>\n<\/span><\/em><em><span style=\"font-weight: 400;\">Y me basta. Me basta si esta rosa<br \/>\n<\/span><\/em><em><span style=\"font-weight: 400;\">que al fin ha de nacer inmaculada<br \/>\n<\/span><\/em><em><span style=\"font-weight: 400;\">se la puedo decir a quien me agrada,<br \/>\n<\/span><\/em><em><span style=\"font-weight: 400;\">a quien conmigo va; y en m\u00ed reposa.<br \/>\n<\/span><\/em><em><span style=\"font-weight: 400;\">Queden en el dorado mediod\u00eda<br \/>\n<\/span><\/em><em><span style=\"font-weight: 400;\">la pronta floraci\u00f3n bajo otros cielos<br \/>\n<\/span><\/em><em><span style=\"font-weight: 400;\">y los mares de lunas navegables&#8230;<br \/>\n<\/span><\/em><em><span style=\"font-weight: 400;\">Yo, con vosotros. Dando cada d\u00eda<br \/>\n<\/span><\/em><em><span style=\"font-weight: 400;\">testimonio de c\u00f3mo entre los hielos<br \/>\n<\/span><\/em><em><span style=\"font-weight: 400;\">abre el amor sus minas imborrables.<\/span><\/em><\/p>\n<\/blockquote>\n<p style=\"text-align: justify;\"><span style=\"font-weight: 400;\">En este poema titulado \u201cAfirmaci\u00f3n de vecindad\u201d, <\/span><span style=\"font-weight: 400;\">\u2014<\/span><span style=\"font-weight: 400;\">soneto originalmente publicado\u00a0 en su poemario <\/span><i><span style=\"font-weight: 400;\">El regreso<\/span><\/i><span style=\"font-weight: 400;\"> (1964)<\/span><span style=\"font-weight: 400;\">\u2014<\/span><span style=\"font-weight: 400;\"> y especialmente en su \u00faltimo terceto,\u00a0 encontramos toda la esencia humana y literaria sobre la que se sostiene toda la obra de Antonio Pereira. \u201cYo, con vosotros\u201d, el verso que representa el <strong>profundo humanismo<\/strong> que demostr\u00f3 no solamente en la poes\u00eda, sino tambi\u00e9n en la novela, el cuento o el art\u00edculo period\u00edstico, los varios g\u00e9neros que cultiv\u00f3 a lo largo de su vida. Como sabemos gracias a entrevistas,<a href=\"https:\/\/youtu.be\/pPB0um61eJ4\"><strong> Antonio Pereira siempre quiso ser fundamentalmente poeta<\/strong><\/a>, y sin embargo, en el terreno l\u00edrico no fue todo lo innovador que s\u00ed que result\u00f3 en el cuento, convirti\u00e9ndose en <strong>uno de los m\u00e1s insignes\u00a0 y mejores cuentistas en lengua castellana del siglo XX<\/strong>.\u00a0<\/span><\/p>\n<p style=\"text-align: justify;\"><span style=\"font-weight: 400;\"><a href=\"http:\/\/www.fundacionantoniopereira.com\/biografia2.html\"> El 13 de junio de 1923 naci\u00f3 Antonio Pereira en <strong>Villafranca del Bierzo<\/strong><\/a>.\u00a0 Su origen familiar entre el comercio y el mundo del hierro as\u00ed como su esencia Villafranquina no lo abandonar\u00edan nunca. Como reza el propio t\u00edtulo de uno de los mejores relatos de su volumen publicado en el a\u00f1o 2000 <\/span><span style=\"font-weight: 400;\">\u2014<\/span><strong><i>Cuentos de la C\u00e1bila<\/i><\/strong><span style=\"font-weight: 400;\">\u2014<\/span><span style=\"font-weight: 400;\"> siempre llevo por insignia su origen humilde, enorgulleci\u00e9ndose de ser \u201cun chico de la cabila\u201d. Adem\u00e1s de las tardes que pas\u00f3 de ni\u00f1o en la imprenta de su t\u00edo en contacto con los libros, son otros dos los hechos que condicionaron su particular inclinaci\u00f3n por las letras: primeramente el haber podido acudir como alumno a la escuela de Manolo Sant\u00edn, y en segundo lugar, el haber sido un ni\u00f1o miope, apartado de los juegos violentos de los otros ni\u00f1os, condicionado a apartarse para desarrollar una lectura solitaria.\u00a0<\/span><\/p>\n<blockquote>\n<p style=\"text-align: center;\"><span style=\"font-weight: 400;\">ESE NI\u00d1O QUE MIRO Y QUE ME MIRA<\/span><\/p>\n<p style=\"text-align: center;\"><span style=\"font-weight: 400;\">[&#8230;]<\/span><\/p>\n<p style=\"text-align: center;\"><em><span style=\"font-weight: 400;\">Repliego la mirada hacia mi hondura<br \/>\n<\/span><\/em><em><span style=\"font-weight: 400;\">y es un ni\u00f1o sin voz lo que contemplo.<br \/>\n<\/span><\/em><em><span style=\"font-weight: 400;\">Torpe para nadar, le duele el agua.<br \/>\n<\/span><\/em><em><span style=\"font-weight: 400;\">Torpe para los saltos y los juegos.<br \/>\n<\/span><\/em><em><span style=\"font-weight: 400;\">-Torpe, torpe\u2026-le dicen.<br \/>\n<\/span><\/em><em><span style=\"font-weight: 400;\">Y \u00e9l me mira.<br \/>\n<\/span><\/em><em><span style=\"font-weight: 400;\">Tiembla una luz delgada entre sus dedos.<br \/>\n<\/span><\/em><em><span style=\"font-weight: 400;\">Nunca se alz\u00f3 bastante hasta los nidos.<br \/>\n<\/span><\/em><em><span style=\"font-weight: 400;\">Torpe, si no era en alcanzar los sue\u00f1os.<br \/>\n<\/span><\/em><em><span style=\"font-weight: 400;\">Agua miope y dulce va a sus ojos.<br \/>\n<\/span><\/em><em><span style=\"font-weight: 400;\">Yo me conozco naufragando en ellos.<br \/>\n<\/span><\/em><span style=\"font-weight: 400;\">(<\/span><i><span style=\"font-weight: 400;\">Situaciones de \u00e1nimo<\/span><\/i><span style=\"font-weight: 400;\">, 1962)<\/span><\/p>\n<\/blockquote>\n<p style=\"text-align: justify;\"><span style=\"font-weight: 400;\"><a href=\"https:\/\/bibliotecas.unileon.es\/tULEctura\/files\/2019\/11\/Antonio-Pereira.jpg\"><img loading=\"lazy\" decoding=\"async\" class=\" wp-image-47548 alignleft\" src=\"https:\/\/bibliotecas.unileon.es\/tULEctura\/files\/2019\/11\/Antonio-Pereira.jpg\" alt=\"\" width=\"265\" height=\"379\" \/><\/a>El <strong>profundo autobiografismo<\/strong> que caracteriza a su obra, m\u00e1s como juego entre \u00e9l y el lector que como un mero mecanismo de verosimilitud, es uno de los rasgos m\u00e1s destacados especialmente en la cuent\u00edstica; de ah\u00ed que el mundo comercial as\u00ed como las circunstancias hist\u00f3ricas entre la Segunda Rep\u00fablica la Guerra Civil el franquismo o la transici\u00f3n, la vida y las tertulias literarias de las que participar\u00eda en su madurez hayan sido el tel\u00f3n de fondo de sus cuentos, muy reconocible especialmente para los lectores leoneses y amigos. Es por ello tambi\u00e9n qu\u00e9 Villafranca del Bierzo, Lugo, Le\u00f3n, o Madrid sean las localidades y los referentes reales en los que se localizan gran parte de sus historias desde la ni\u00f1ez. Por ejemplo, <em>Cuentos de la C\u00e1bila, <\/em>refleja las principales vivencias personales y colectivas de sus primeros a\u00f1os como un ni\u00f1o de la guerra y las consecuencias que esta tuvo en un peque\u00f1o pueblo como Villafranca del Bierzo. Las circunstancias vitales le llevaron a continuar con la estela familiar y el negocio de ferreter\u00eda de su padre, incluso con la oposici\u00f3n de maestro nacional aprobada, y es que su primer empleo fue el de viajante de comercio, profesi\u00f3n que, por cierto, desempe\u00f1an varios de sus personajes.\u00a0<\/span><\/p>\n<p><iframe loading=\"lazy\" title=\"Viajante - Antonio Pereira\" width=\"625\" height=\"469\" src=\"https:\/\/www.youtube.com\/embed\/oNfO8g18at8?feature=oembed\" frameborder=\"0\" allow=\"accelerometer; autoplay; clipboard-write; encrypted-media; gyroscope; picture-in-picture; web-share\" referrerpolicy=\"strict-origin-when-cross-origin\" allowfullscreen><\/iframe><\/p>\n<p style=\"text-align: justify;\"><span style=\"font-weight: 400;\">A los 28 a\u00f1os se cas\u00f3 con la que ser\u00eda su mujer hasta el d\u00eda de su muerte y la inspiradora de <\/span><span style=\"font-weight: 400;\">textos tan conocidos como el poema \u00ab\u00darsula ciudad\u00bb <\/span><span style=\"text-align: justify; font-size: 1rem;\">o el cuento titulado \u00abEl s\u00edndrome de Estocolmo\u00bb. Una vez afincados en Le\u00f3n y tras la prosperidad del negocio que les permitir\u00eda\u00a0 vivir holgadamente, se dedicaron a viajar a pa\u00edses cercanos como Francia o<a href=\"https:\/\/bibliotecas.unileon.es\/tULEctura\/files\/2019\/11\/Antonio-Pereira-\u00darsula-Rodr\u00edguez-Hesl\u00e9s.jpg\"><img loading=\"lazy\" decoding=\"async\" class=\"size-full wp-image-47549 alignright\" src=\"https:\/\/bibliotecas.unileon.es\/tULEctura\/files\/2019\/11\/Antonio-Pereira-\u00darsula-Rodr\u00edguez-Hesl\u00e9s.jpg\" alt=\"\" width=\"299\" height=\"422\" \/><\/a> Portugal as\u00ed como a otros como Rusia, Jordania, Israel, Puerto Rico o Brasil, lo que alimentar\u00eda su <strong>cosmopolitismo<\/strong> literario. Sin embargo, como buen <em>homo viator<\/em> para \u00e9l la vida es un viaje, viaje que no tiene sentido sin la idea del regreso, por eso se convierte este en un motivo literario omnipresente en su literatura.<\/span><\/p>\n<p style=\"text-align: justify;\"><span style=\"text-align: justify; font-size: 1rem;\">En los a\u00f1os 60\u00a0 comenzaron a vivir entre Le\u00f3n y Madrid, dedic\u00e1ndose de lleno a la vida literaria. No quiere decir esto que la concepci\u00f3n de la literatura que mostr\u00f3 Antonio Pereira fuese la habitual, sino que se dedic\u00f3 a leer y a conocer a escritores, a participar en tertulias literarias, pero sobre todo para escribir lo que quiso y de la manera en la que el quiso, algo que especialmente sus cuentos ponen de manifiesto y es que, aunque se le considera <strong>integrante de la Generaci\u00f3n de los 50<\/strong> o tambi\u00e9n llamada del medio siglo, a cuyas motivaciones responde su obra, lo hizo siempre m\u00e1s all\u00e1 de dictados o de modas literarias. Siempre se suele decir que, aunque partan de an\u00e9cdotas cotidianas, sus cuentos no son especialmente f\u00e1ciles, sobre todo si tenemos en cuenta la iron\u00eda o el humor que solamente un lector avezado sabr\u00e1 interpretar. Pedro Ugarte, en su comentario dentro de <em>Antonio Pereira y 23 lectores c\u00f3mplices<\/em>, se refiere a esa dificultad propia de autores como Pereira o Chejov, escritores de cuentos en los que parece que no pasara nada, cuentos con final abierto. Esos cuentos \u00abdonde no ocurre nada son cuentos fatales\u00bb. Como el propio autor manifest\u00f3 en el prefacio a su antolog\u00eda titulada <strong><em>Cuentos para lectores c\u00f3mplices <\/em><\/strong>(1989), en un gui\u00f1o a Julio Cort\u00e1zar, lo que escrib\u00eda no estaba pensado para una mayor\u00eda, sino para los lectores que estuviesen dispuestos a entrar en su juego literario.<\/span><\/p>\n<p><iframe loading=\"lazy\" title=\"Libros de Antonio Pereira\" width=\"625\" height=\"469\" src=\"https:\/\/www.youtube.com\/embed\/BB9RWI3tKEg?feature=oembed\" frameborder=\"0\" allow=\"accelerometer; autoplay; clipboard-write; encrypted-media; gyroscope; picture-in-picture; web-share\" referrerpolicy=\"strict-origin-when-cross-origin\" allowfullscreen><\/iframe><\/p>\n<p><img loading=\"lazy\" decoding=\"async\" class=\"wp-image-47550 alignleft\" style=\"margin-top: 0.857143rem; margin-right: 1.71429rem; margin-bottom: 0.857143rem;\" src=\"https:\/\/bibliotecas.unileon.es\/tULEctura\/files\/2019\/11\/NuevoDocumento-2019-05-09-18.10.28-P\u00e1gina-1.jpg\" alt=\"\" width=\"268\" height=\"534\" \/><\/p>\n<p style=\"text-align: justify;\"><span style=\"font-weight: 400;\">Como hijo de su tiempo, tras su primer libro de cuentos <strong><em>Una ventana a la carretera <\/em><\/strong>(1967), <\/span><span style=\"font-weight: 400;\">ambientado mayoritariamente en el mundo rural de provincias, participo en los a\u00f1os 70 del af\u00e1n experimentalista, especialmente imbuido \u2014m\u00e1s que por los espa\u00f1oles como Benet o Mart\u00edn Santos\u2014 por los escritores hispanoamericanos por los que siempre demostr\u00f3 una profunda admiraci\u00f3n, como Cort\u00e1zar o especialmente Jorge Luis Borges. Una muestra muy evidente de ello es el cuento titulado \u00abLas erotecas infinitas\u00bb, as\u00ed como el relato que da t\u00edtulo al <\/span><span style=\"text-align: justify; font-size: 1rem;\">volumen del que del que ambos forman parte, un texto injustamente olvidado dentro de su producci\u00f3n cuent\u00edstica: \u00ab<strong>El ingeniero Balboa<\/strong>\u00ab.\u00a0<\/span><\/p>\n<p style=\"text-align: justify;\"><span style=\"font-weight: 400;\">Otro aspecto que no hay que perder de vista es que, especialmente desde ni\u00f1o, quiso ser periodista, como le dijo al entonces director del Diario de Le\u00f3n Filem\u00f3n de la Cuesta en el a\u00f1o 1936, con solamente 13 a\u00f1os, pidi\u00e9ndole el carnet de periodista. A lo largo de su vida escribir\u00eda en prensa art\u00edculos de opini\u00f3n entre los que destaca la colaboraci\u00f3n con el diario <em>La Vanguardia<\/em>\u00a0 a trav\u00e9s de la columna de opini\u00f3n titulada <strong>\u00abOficio de mirar\u00bb<\/strong>. Este r\u00f3tulo, elegido en numerosas ocasiones como t\u00edtulo (en art\u00edculos, publicaciones, tesis doctorales o en el recientemente publicado volumen que contiene sus <a href=\"https:\/\/www.pre-textos.com\/escaparate\/product_info.php?products_id=1971\">diarios<\/a>) resume uno de los aspectos m\u00e1s destacados de su po\u00e9tica. Ese oficio de mirar nos remite a la observaci\u00f3n directa de la vida, de los hechos en apariencia m\u00e1s sencillos y cotidianos, casi anecd\u00f3ticos, de los que parten mucho desde sus cuentos. Pero esto no debe llevarnos a enga\u00f1o porque es precisamente a trav\u00e9s de su mirada humanizadora y profunda, por lo que a partir una an\u00e9cdota es capaz de recrear una historia de profundo calado c\u00f3mo lo es, por ejemplo, \u00abLa enfermedad\u00bb.<\/span><\/p>\n<p style=\"text-align: justify;\"><span style=\"font-size: 1rem;\">Como a tantos otros autores de su generaci\u00f3n, a Antonio Pereira se le ha definido por su <\/span><strong style=\"font-size: 1rem;\">escritura realista<\/strong><span style=\"font-size: 1rem;\">, en ocasiones mal tachada de costumbrista, lo cual no es incompatible con el cultivo de la literatura no mim\u00e9tica, un aspecto qu\u00e9 ha pasado desapercibido en los an\u00e1lisis de su obra, y que sin embargo destaca en algunos de sus cuentos (\u00abEl se\u00f1or de los viernes\u00bb y \u00abTeor\u00eda y pr\u00e1ctica de las islas\u00bb).<\/span><\/p>\n<p style=\"text-align: justify;\"><span style=\"font-weight: 400;\">Como ya se ha adelantado, <strong>el humor<\/strong>, un humor muy fino, a veces pr\u00f3ximo al humor negro, caracteriza a toda su obra cuent\u00edstica, en la que encontrar un texto que participe de un tono verdaderamente dram\u00e1tico es algo excepcional. Por muy dram\u00e1tico que pueda resultar el fondo argumental siempre hay humor (algo que demuestran cuentos como \u00abObdulia, un cuento cruel\u00bb o \u00abEl gobernador\u00bb). Ese humor es especialmente Cervantino, a trav\u00e9s del cual nunca juzga a sus personajes, y que es consecuencia directa de la forma humanista en que trata a sus personajes, y que es lo que convierte a cu\u00e1ntos c\u00f3mo \u00abObdulia, un cuento cruel\u00bb en una verdadera obra de arte. El humor suele ir tambi\u00e9n acompa\u00f1ado de una importante carga de <strong>erotismo<\/strong> sin caer nunca en lo chabacano, y cuya utilizaci\u00f3n nos transmite las carencias de una educaci\u00f3n sentimental que condicion\u00f3 o a quienes se educaron en la posguerra, la transici\u00f3n o el franquismo, desde \u00abUna ventana a la carretera\u00bb de 1967, pasando por \u00abEl ingeniero D\u00e9mencour\u00bb pasando por \u00abCuadros para una exposici\u00f3n\u00bb o \u00abAs\u00ed empez\u00f3 Lourido\u00bb o \u00abEl hilo de la cometa\u00bb.<\/span><\/p>\n<p style=\"text-align: justify;\"><span style=\"font-weight: 400;\"><strong>La literatura se convierte protagonista dentro de la literatura<\/strong> a trav\u00e9s de diferentes recursos y tem\u00e1ticas, por lo que es habitual encontrar en sus cuentos a personajes lectores, escritores, editores, etc\u00e9tera, que le sirven como reflexi\u00f3n metaliteraria. Algunos de sus cuentos nos dan una visi\u00f3n concreta puesta en pr\u00e1ctica de las ideas literarias del autor con mucha m\u00e1s intensidad de la que mostr\u00f3 en su propia teor\u00eda po\u00e9tica, especialmente en entrevistas, o en el ya celebre dec\u00e1logo para cuentistas que quiso realizar siguiendo la l\u00ednea\u00a0 de Horacio Quiroga o Julio Cort\u00e1zar. \u00abPalabras, palabras para una rusa\u00bb es uno de sus cuentos m\u00e1s conocidos, y uno de los cuentos favoritos de qui\u00e9nes tuvieron la suerte de escuchar al propio Antonio Pereira leerlo. Sin embargo, solemos quedarnos con su contenido m\u00e1s humor\u00edstico olvidando la profunda carga en torno al valor y al poder de las palabras. \u00abPicassos en el desv\u00e1n\u00bb, \u00abLenta es la luz del amanecer en los aeropuertos prohibidos\u00bb, \u00abSesenta y cuatro caballos\u00bb, \u00abEl toque de obispo\u00bb y su \u00faltimo cuento publicado en vida, \u00abBradom\u00edn\u00bb, son todos ellos magn\u00edficos textos que se sustentan en las reflexiones acerca de la propia literatura. Alguno de ellos es adem\u00e1s la demostraci\u00f3n de que Antonio Pereira no solo fue un maestro del cuento, sino que tambi\u00e9n se adelant\u00f3 al auge del <strong>g\u00e9nero del microrrelato<\/strong>.\u00a0<\/span><\/p>\n<p><iframe loading=\"lazy\" title=\"Antonio Pereira El relato breve\" width=\"625\" height=\"469\" src=\"https:\/\/www.youtube.com\/embed\/pebk7OxQWAw?feature=oembed\" frameborder=\"0\" allow=\"accelerometer; autoplay; clipboard-write; encrypted-media; gyroscope; picture-in-picture; web-share\" referrerpolicy=\"strict-origin-when-cross-origin\" allowfullscreen><\/iframe><\/p>\n<p style=\"text-align: justify;\"><span style=\"font-weight: 400;\">Con el paso de las d\u00e9cadas su trayectoria como cuentista se fue afianzando, publicando vol\u00famenes de relatos que han pasado a la historia como <strong><em style=\"font-size: 1rem;\">Los brazos de la i griega <\/em><\/strong>(1982), <strong><em>Picassos en el desv\u00e1n <\/em><\/strong>(1991) <\/span><span style=\"font-size: 1rem;\">\u00a0o <em><strong>Las ciudades de Poniente <\/strong><\/em>(1994). Tras su consolidaci\u00f3n en los a\u00f1os 90, public\u00f3 dos libros de relatos Cuentos de la C\u00e1bila y La divisa en la torre, ya en la d\u00e9cada de los 2000. Especialmente este \u00faltimo ha pasado bastante desapercibido tanto para la cr\u00edtica como para los lectores. <\/span><\/p>\n<p style=\"text-align: justify;\">Desde antes de su muerte se preocup\u00f3 por legar gran parte de su biblioteca as\u00ed como el legado de su obra a trav\u00e9s de la creaci\u00f3n de la <a href=\"http:\/\/www.fundacionantoniopereira.com\/menu.html\">fundaci\u00f3n<\/a> que lleva su nombre, en la que podemos encontrar mucho material sobre su figura, un gran fondo bibliogr\u00e1fico as\u00ed como un repositorio institucional (<a href=\"http:\/\/cabila.unileon.es:8383\/greenstone3\/library\">C\u00e1bila<\/a>) en el que acceder a todo lo referente a su obra y a su figura literaria.<\/p>\n<p><a href=\"https:\/\/bibliotecas.unileon.es\/tULEctura\/files\/2019\/11\/Screenshot_2019-11-07-20-17-59-082_com.android.chrome-1.png\"><img loading=\"lazy\" decoding=\"async\" class=\"alignnone wp-image-47542 size-full\" src=\"https:\/\/bibliotecas.unileon.es\/tULEctura\/files\/2019\/11\/Screenshot_2019-11-07-20-17-59-082_com.android.chrome-1.png\" alt=\"\" width=\"1073\" height=\"1933\" \/><\/a><\/p>\n<p><img loading=\"lazy\" decoding=\"async\" class=\" wp-image-47543 aligncenter\" src=\"https:\/\/bibliotecas.unileon.es\/tULEctura\/files\/2019\/11\/Oficio-de-mirar.jpg\" alt=\"\" width=\"254\" height=\"421\" \/><\/p>\n<p style=\"text-align: center;\"><a href=\"https:\/\/www.youtube.com\/channel\/UCxMz4N0NM0w7FeNdOdlXXQg\/videos?view=0&amp;sort=dd&amp;shelf_id=0\">V\u00eddeos de entrevistas a Antonio Pereira<\/a><\/p>\n<p><iframe loading=\"lazy\" title=\"Mucho cuento. Diez a\u00f1os con Antonio Pereira\" width=\"625\" height=\"352\" src=\"https:\/\/www.youtube.com\/embed\/SkZrL12a3C0?feature=oembed\" frameborder=\"0\" allow=\"accelerometer; autoplay; clipboard-write; encrypted-media; gyroscope; picture-in-picture; web-share\" referrerpolicy=\"strict-origin-when-cross-origin\" allowfullscreen><\/iframe><\/p>\n<p>&nbsp;<\/p>\n","protected":false},"excerpt":{"rendered":"<p>Por Raquel de la Varga Llamazares A continuaci\u00f3n veremos unas pinceladas de algunos de los rasgos m\u00e1s destacados que Natalia \u00c1lvarez M\u00e9ndez y \u00c1ngeles Encinar se\u00f1alan con mucha inteligencia en el pr\u00f3logo de Antonio Pereira y 23 lectores c\u00f3mplices. Esta antolog\u00eda pone el foco en la admiraci\u00f3n que gran parte de la n\u00f3mina de narradores [&hellip;]<\/p>\n","protected":false},"author":80,"featured_media":0,"comment_status":"open","ping_status":"open","sticky":false,"template":"","format":"standard","meta":{"_bbp_topic_count":0,"_bbp_reply_count":0,"_bbp_total_topic_count":0,"_bbp_total_reply_count":0,"_bbp_voice_count":0,"_bbp_anonymous_reply_count":0,"_bbp_topic_count_hidden":0,"_bbp_reply_count_hidden":0,"_bbp_forum_subforum_count":0,"_monsterinsights_skip_tracking":false,"_monsterinsights_sitenote_active":false,"_monsterinsights_sitenote_note":"","_monsterinsights_sitenote_category":0,"footnotes":""},"categories":[70],"tags":[318,39,840],"class_list":["post-47539","post","type-post","status-publish","format-standard","hentry","category-club-de-lectura-3","tag-antonio-pereira","tag-club-de-lectura-2","tag-lectura-3-2019-2020"],"yoast_head":"<!-- This site is optimized with the Yoast SEO plugin v25.8 - https:\/\/yoast.com\/wordpress\/plugins\/seo\/ -->\n<title>Antonio Pereira y 23 lectores c\u00f3mplices: gu\u00eda a la lectura - tULEctura<\/title>\n<meta name=\"robots\" content=\"index, follow, max-snippet:-1, max-image-preview:large, max-video-preview:-1\" \/>\n<link rel=\"canonical\" href=\"https:\/\/bibliotecas.unileon.es\/tULEctura\/2019\/11\/11\/antonio-pereira-y-23-lectores-complices-guia-a-la-lectura\/\" \/>\n<meta property=\"og:locale\" content=\"es_ES\" \/>\n<meta property=\"og:type\" content=\"article\" \/>\n<meta property=\"og:title\" content=\"Antonio Pereira y 23 lectores c\u00f3mplices: gu\u00eda a la lectura - tULEctura\" \/>\n<meta property=\"og:description\" content=\"Por Raquel de la Varga Llamazares A continuaci\u00f3n veremos unas pinceladas de algunos de los rasgos m\u00e1s destacados que Natalia \u00c1lvarez M\u00e9ndez y \u00c1ngeles Encinar se\u00f1alan con mucha inteligencia en el pr\u00f3logo de Antonio Pereira y 23 lectores c\u00f3mplices. Esta antolog\u00eda pone el foco en la admiraci\u00f3n que gran parte de la n\u00f3mina de narradores [&hellip;]\" \/>\n<meta property=\"og:url\" content=\"https:\/\/bibliotecas.unileon.es\/tULEctura\/2019\/11\/11\/antonio-pereira-y-23-lectores-complices-guia-a-la-lectura\/\" \/>\n<meta property=\"og:site_name\" content=\"tULEctura\" \/>\n<meta property=\"article:publisher\" content=\"https:\/\/www.facebook.com\/tulectura.unileon\/\" \/>\n<meta property=\"article:published_time\" content=\"2019-11-11T18:00:08+00:00\" \/>\n<meta property=\"article:modified_time\" content=\"2019-11-26T18:43:06+00:00\" \/>\n<meta property=\"og:image\" content=\"https:\/\/bibliotecas.unileon.es\/tULEctura\/files\/2019\/11\/Antonio_Pereria_y_23_lectores_complices.jpg\" \/>\n\t<meta property=\"og:image:width\" content=\"1772\" \/>\n\t<meta property=\"og:image:height\" content=\"2481\" \/>\n\t<meta property=\"og:image:type\" content=\"image\/jpeg\" \/>\n<meta name=\"author\" content=\"Raquel\" \/>\n<meta name=\"twitter:card\" content=\"summary_large_image\" \/>\n<meta name=\"twitter:creator\" content=\"@tULEctura_ULE\" \/>\n<meta name=\"twitter:site\" content=\"@tULEctura_ULE\" \/>\n<meta name=\"twitter:label1\" content=\"Escrito por\" \/>\n\t<meta name=\"twitter:data1\" content=\"Raquel\" \/>\n\t<meta name=\"twitter:label2\" content=\"Tiempo de lectura\" \/>\n\t<meta name=\"twitter:data2\" content=\"14 minutos\" \/>\n<script type=\"application\/ld+json\" class=\"yoast-schema-graph\">{\"@context\":\"https:\/\/schema.org\",\"@graph\":[{\"@type\":\"Article\",\"@id\":\"https:\/\/bibliotecas.unileon.es\/tULEctura\/2019\/11\/11\/antonio-pereira-y-23-lectores-complices-guia-a-la-lectura\/#article\",\"isPartOf\":{\"@id\":\"https:\/\/bibliotecas.unileon.es\/tULEctura\/2019\/11\/11\/antonio-pereira-y-23-lectores-complices-guia-a-la-lectura\/\"},\"author\":{\"name\":\"Raquel\",\"@id\":\"https:\/\/bibliotecas.unileon.es\/tULEctura\/#\/schema\/person\/d3dfaf3631663a5dc7857c88587199a2\"},\"headline\":\"Antonio Pereira y 23 lectores c\u00f3mplices: gu\u00eda a la lectura\",\"datePublished\":\"2019-11-11T18:00:08+00:00\",\"dateModified\":\"2019-11-26T18:43:06+00:00\",\"mainEntityOfPage\":{\"@id\":\"https:\/\/bibliotecas.unileon.es\/tULEctura\/2019\/11\/11\/antonio-pereira-y-23-lectores-complices-guia-a-la-lectura\/\"},\"wordCount\":2748,\"commentCount\":2,\"publisher\":{\"@id\":\"https:\/\/bibliotecas.unileon.es\/tULEctura\/#organization\"},\"image\":{\"@id\":\"https:\/\/bibliotecas.unileon.es\/tULEctura\/2019\/11\/11\/antonio-pereira-y-23-lectores-complices-guia-a-la-lectura\/#primaryimage\"},\"thumbnailUrl\":\"https:\/\/bibliotecas.unileon.es\/tULEctura\/files\/2019\/11\/Antonio_Pereria_y_23_lectores_complices.jpg\",\"keywords\":[\"Antonio Pereira\",\"club de lectura\",\"Lectura 3 (2019-2020)\"],\"articleSection\":[\"club de lectura\"],\"inLanguage\":\"es\",\"potentialAction\":[{\"@type\":\"CommentAction\",\"name\":\"Comment\",\"target\":[\"https:\/\/bibliotecas.unileon.es\/tULEctura\/2019\/11\/11\/antonio-pereira-y-23-lectores-complices-guia-a-la-lectura\/#respond\"]}]},{\"@type\":\"WebPage\",\"@id\":\"https:\/\/bibliotecas.unileon.es\/tULEctura\/2019\/11\/11\/antonio-pereira-y-23-lectores-complices-guia-a-la-lectura\/\",\"url\":\"https:\/\/bibliotecas.unileon.es\/tULEctura\/2019\/11\/11\/antonio-pereira-y-23-lectores-complices-guia-a-la-lectura\/\",\"name\":\"Antonio Pereira y 23 lectores c\u00f3mplices: gu\u00eda a la lectura - tULEctura\",\"isPartOf\":{\"@id\":\"https:\/\/bibliotecas.unileon.es\/tULEctura\/#website\"},\"primaryImageOfPage\":{\"@id\":\"https:\/\/bibliotecas.unileon.es\/tULEctura\/2019\/11\/11\/antonio-pereira-y-23-lectores-complices-guia-a-la-lectura\/#primaryimage\"},\"image\":{\"@id\":\"https:\/\/bibliotecas.unileon.es\/tULEctura\/2019\/11\/11\/antonio-pereira-y-23-lectores-complices-guia-a-la-lectura\/#primaryimage\"},\"thumbnailUrl\":\"https:\/\/bibliotecas.unileon.es\/tULEctura\/files\/2019\/11\/Antonio_Pereria_y_23_lectores_complices.jpg\",\"datePublished\":\"2019-11-11T18:00:08+00:00\",\"dateModified\":\"2019-11-26T18:43:06+00:00\",\"breadcrumb\":{\"@id\":\"https:\/\/bibliotecas.unileon.es\/tULEctura\/2019\/11\/11\/antonio-pereira-y-23-lectores-complices-guia-a-la-lectura\/#breadcrumb\"},\"inLanguage\":\"es\",\"potentialAction\":[{\"@type\":\"ReadAction\",\"target\":[\"https:\/\/bibliotecas.unileon.es\/tULEctura\/2019\/11\/11\/antonio-pereira-y-23-lectores-complices-guia-a-la-lectura\/\"]}]},{\"@type\":\"ImageObject\",\"inLanguage\":\"es\",\"@id\":\"https:\/\/bibliotecas.unileon.es\/tULEctura\/2019\/11\/11\/antonio-pereira-y-23-lectores-complices-guia-a-la-lectura\/#primaryimage\",\"url\":\"https:\/\/bibliotecas.unileon.es\/tULEctura\/files\/2019\/11\/Antonio_Pereria_y_23_lectores_complices.jpg\",\"contentUrl\":\"https:\/\/bibliotecas.unileon.es\/tULEctura\/files\/2019\/11\/Antonio_Pereria_y_23_lectores_complices.jpg\"},{\"@type\":\"BreadcrumbList\",\"@id\":\"https:\/\/bibliotecas.unileon.es\/tULEctura\/2019\/11\/11\/antonio-pereira-y-23-lectores-complices-guia-a-la-lectura\/#breadcrumb\",\"itemListElement\":[{\"@type\":\"ListItem\",\"position\":1,\"name\":\"Home\",\"item\":\"https:\/\/bibliotecas.unileon.es\/tULEctura\/\"},{\"@type\":\"ListItem\",\"position\":2,\"name\":\"Antonio Pereira y 23 lectores c\u00f3mplices: gu\u00eda a la lectura\"}]},{\"@type\":\"WebSite\",\"@id\":\"https:\/\/bibliotecas.unileon.es\/tULEctura\/#website\",\"url\":\"https:\/\/bibliotecas.unileon.es\/tULEctura\/\",\"name\":\"tULEctura\",\"description\":\"Espacio de la Universidad de Le\u00f3n dedicado a la lectura\",\"publisher\":{\"@id\":\"https:\/\/bibliotecas.unileon.es\/tULEctura\/#organization\"},\"potentialAction\":[{\"@type\":\"SearchAction\",\"target\":{\"@type\":\"EntryPoint\",\"urlTemplate\":\"https:\/\/bibliotecas.unileon.es\/tULEctura\/?s={search_term_string}\"},\"query-input\":{\"@type\":\"PropertyValueSpecification\",\"valueRequired\":true,\"valueName\":\"search_term_string\"}}],\"inLanguage\":\"es\"},{\"@type\":\"Organization\",\"@id\":\"https:\/\/bibliotecas.unileon.es\/tULEctura\/#organization\",\"name\":\"Universidad de Le\u00f3n\",\"url\":\"https:\/\/bibliotecas.unileon.es\/tULEctura\/\",\"logo\":{\"@type\":\"ImageObject\",\"inLanguage\":\"es\",\"@id\":\"https:\/\/bibliotecas.unileon.es\/tULEctura\/#\/schema\/logo\/image\/\",\"url\":\"https:\/\/bibliotecas.unileon.es\/tULEctura\/files\/2018\/08\/TULECTURA_LOGO1.png\",\"contentUrl\":\"https:\/\/bibliotecas.unileon.es\/tULEctura\/files\/2018\/08\/TULECTURA_LOGO1.png\",\"width\":\"960\",\"height\":\"258\",\"caption\":\"Universidad de Le\u00f3n\"},\"image\":{\"@id\":\"https:\/\/bibliotecas.unileon.es\/tULEctura\/#\/schema\/logo\/image\/\"},\"sameAs\":[\"https:\/\/www.facebook.com\/tulectura.unileon\/\",\"https:\/\/x.com\/tULEctura_ULE\",\"https:\/\/www.instagram.com\/tulectura.unileon\/\",\"https:\/\/www.pinterest.es\/tulectura\/\",\"https:\/\/www.youtube.com\/channel\/UCoWaDD39lVlAQcOchwlTPVw\"]},{\"@type\":\"Person\",\"@id\":\"https:\/\/bibliotecas.unileon.es\/tULEctura\/#\/schema\/person\/d3dfaf3631663a5dc7857c88587199a2\",\"name\":\"Raquel\",\"image\":{\"@type\":\"ImageObject\",\"inLanguage\":\"es\",\"@id\":\"https:\/\/bibliotecas.unileon.es\/tULEctura\/#\/schema\/person\/image\/\",\"url\":\"https:\/\/secure.gravatar.com\/avatar\/1460df7b7681eda2e4af12ebb3cff06297eeae8ea62ac2e6a16f7e4d0cdca44b?s=96&d=mm&r=g\",\"contentUrl\":\"https:\/\/secure.gravatar.com\/avatar\/1460df7b7681eda2e4af12ebb3cff06297eeae8ea62ac2e6a16f7e4d0cdca44b?s=96&d=mm&r=g\",\"caption\":\"Raquel\"},\"url\":\"https:\/\/bibliotecas.unileon.es\/tULEctura\/author\/raquel\/\"}]}<\/script>\n<!-- \/ Yoast SEO plugin. -->","yoast_head_json":{"title":"Antonio Pereira y 23 lectores c\u00f3mplices: gu\u00eda a la lectura - tULEctura","robots":{"index":"index","follow":"follow","max-snippet":"max-snippet:-1","max-image-preview":"max-image-preview:large","max-video-preview":"max-video-preview:-1"},"canonical":"https:\/\/bibliotecas.unileon.es\/tULEctura\/2019\/11\/11\/antonio-pereira-y-23-lectores-complices-guia-a-la-lectura\/","og_locale":"es_ES","og_type":"article","og_title":"Antonio Pereira y 23 lectores c\u00f3mplices: gu\u00eda a la lectura - tULEctura","og_description":"Por Raquel de la Varga Llamazares A continuaci\u00f3n veremos unas pinceladas de algunos de los rasgos m\u00e1s destacados que Natalia \u00c1lvarez M\u00e9ndez y \u00c1ngeles Encinar se\u00f1alan con mucha inteligencia en el pr\u00f3logo de Antonio Pereira y 23 lectores c\u00f3mplices. Esta antolog\u00eda pone el foco en la admiraci\u00f3n que gran parte de la n\u00f3mina de narradores [&hellip;]","og_url":"https:\/\/bibliotecas.unileon.es\/tULEctura\/2019\/11\/11\/antonio-pereira-y-23-lectores-complices-guia-a-la-lectura\/","og_site_name":"tULEctura","article_publisher":"https:\/\/www.facebook.com\/tulectura.unileon\/","article_published_time":"2019-11-11T18:00:08+00:00","article_modified_time":"2019-11-26T18:43:06+00:00","og_image":[{"width":1772,"height":2481,"url":"https:\/\/bibliotecas.unileon.es\/tULEctura\/files\/2019\/11\/Antonio_Pereria_y_23_lectores_complices.jpg","type":"image\/jpeg"}],"author":"Raquel","twitter_card":"summary_large_image","twitter_creator":"@tULEctura_ULE","twitter_site":"@tULEctura_ULE","twitter_misc":{"Escrito por":"Raquel","Tiempo de lectura":"14 minutos"},"schema":{"@context":"https:\/\/schema.org","@graph":[{"@type":"Article","@id":"https:\/\/bibliotecas.unileon.es\/tULEctura\/2019\/11\/11\/antonio-pereira-y-23-lectores-complices-guia-a-la-lectura\/#article","isPartOf":{"@id":"https:\/\/bibliotecas.unileon.es\/tULEctura\/2019\/11\/11\/antonio-pereira-y-23-lectores-complices-guia-a-la-lectura\/"},"author":{"name":"Raquel","@id":"https:\/\/bibliotecas.unileon.es\/tULEctura\/#\/schema\/person\/d3dfaf3631663a5dc7857c88587199a2"},"headline":"Antonio Pereira y 23 lectores c\u00f3mplices: gu\u00eda a la lectura","datePublished":"2019-11-11T18:00:08+00:00","dateModified":"2019-11-26T18:43:06+00:00","mainEntityOfPage":{"@id":"https:\/\/bibliotecas.unileon.es\/tULEctura\/2019\/11\/11\/antonio-pereira-y-23-lectores-complices-guia-a-la-lectura\/"},"wordCount":2748,"commentCount":2,"publisher":{"@id":"https:\/\/bibliotecas.unileon.es\/tULEctura\/#organization"},"image":{"@id":"https:\/\/bibliotecas.unileon.es\/tULEctura\/2019\/11\/11\/antonio-pereira-y-23-lectores-complices-guia-a-la-lectura\/#primaryimage"},"thumbnailUrl":"https:\/\/bibliotecas.unileon.es\/tULEctura\/files\/2019\/11\/Antonio_Pereria_y_23_lectores_complices.jpg","keywords":["Antonio Pereira","club de lectura","Lectura 3 (2019-2020)"],"articleSection":["club de lectura"],"inLanguage":"es","potentialAction":[{"@type":"CommentAction","name":"Comment","target":["https:\/\/bibliotecas.unileon.es\/tULEctura\/2019\/11\/11\/antonio-pereira-y-23-lectores-complices-guia-a-la-lectura\/#respond"]}]},{"@type":"WebPage","@id":"https:\/\/bibliotecas.unileon.es\/tULEctura\/2019\/11\/11\/antonio-pereira-y-23-lectores-complices-guia-a-la-lectura\/","url":"https:\/\/bibliotecas.unileon.es\/tULEctura\/2019\/11\/11\/antonio-pereira-y-23-lectores-complices-guia-a-la-lectura\/","name":"Antonio Pereira y 23 lectores c\u00f3mplices: gu\u00eda a la lectura - tULEctura","isPartOf":{"@id":"https:\/\/bibliotecas.unileon.es\/tULEctura\/#website"},"primaryImageOfPage":{"@id":"https:\/\/bibliotecas.unileon.es\/tULEctura\/2019\/11\/11\/antonio-pereira-y-23-lectores-complices-guia-a-la-lectura\/#primaryimage"},"image":{"@id":"https:\/\/bibliotecas.unileon.es\/tULEctura\/2019\/11\/11\/antonio-pereira-y-23-lectores-complices-guia-a-la-lectura\/#primaryimage"},"thumbnailUrl":"https:\/\/bibliotecas.unileon.es\/tULEctura\/files\/2019\/11\/Antonio_Pereria_y_23_lectores_complices.jpg","datePublished":"2019-11-11T18:00:08+00:00","dateModified":"2019-11-26T18:43:06+00:00","breadcrumb":{"@id":"https:\/\/bibliotecas.unileon.es\/tULEctura\/2019\/11\/11\/antonio-pereira-y-23-lectores-complices-guia-a-la-lectura\/#breadcrumb"},"inLanguage":"es","potentialAction":[{"@type":"ReadAction","target":["https:\/\/bibliotecas.unileon.es\/tULEctura\/2019\/11\/11\/antonio-pereira-y-23-lectores-complices-guia-a-la-lectura\/"]}]},{"@type":"ImageObject","inLanguage":"es","@id":"https:\/\/bibliotecas.unileon.es\/tULEctura\/2019\/11\/11\/antonio-pereira-y-23-lectores-complices-guia-a-la-lectura\/#primaryimage","url":"https:\/\/bibliotecas.unileon.es\/tULEctura\/files\/2019\/11\/Antonio_Pereria_y_23_lectores_complices.jpg","contentUrl":"https:\/\/bibliotecas.unileon.es\/tULEctura\/files\/2019\/11\/Antonio_Pereria_y_23_lectores_complices.jpg"},{"@type":"BreadcrumbList","@id":"https:\/\/bibliotecas.unileon.es\/tULEctura\/2019\/11\/11\/antonio-pereira-y-23-lectores-complices-guia-a-la-lectura\/#breadcrumb","itemListElement":[{"@type":"ListItem","position":1,"name":"Home","item":"https:\/\/bibliotecas.unileon.es\/tULEctura\/"},{"@type":"ListItem","position":2,"name":"Antonio Pereira y 23 lectores c\u00f3mplices: gu\u00eda a la lectura"}]},{"@type":"WebSite","@id":"https:\/\/bibliotecas.unileon.es\/tULEctura\/#website","url":"https:\/\/bibliotecas.unileon.es\/tULEctura\/","name":"tULEctura","description":"Espacio de la Universidad de Le\u00f3n dedicado a la lectura","publisher":{"@id":"https:\/\/bibliotecas.unileon.es\/tULEctura\/#organization"},"potentialAction":[{"@type":"SearchAction","target":{"@type":"EntryPoint","urlTemplate":"https:\/\/bibliotecas.unileon.es\/tULEctura\/?s={search_term_string}"},"query-input":{"@type":"PropertyValueSpecification","valueRequired":true,"valueName":"search_term_string"}}],"inLanguage":"es"},{"@type":"Organization","@id":"https:\/\/bibliotecas.unileon.es\/tULEctura\/#organization","name":"Universidad de Le\u00f3n","url":"https:\/\/bibliotecas.unileon.es\/tULEctura\/","logo":{"@type":"ImageObject","inLanguage":"es","@id":"https:\/\/bibliotecas.unileon.es\/tULEctura\/#\/schema\/logo\/image\/","url":"https:\/\/bibliotecas.unileon.es\/tULEctura\/files\/2018\/08\/TULECTURA_LOGO1.png","contentUrl":"https:\/\/bibliotecas.unileon.es\/tULEctura\/files\/2018\/08\/TULECTURA_LOGO1.png","width":"960","height":"258","caption":"Universidad de Le\u00f3n"},"image":{"@id":"https:\/\/bibliotecas.unileon.es\/tULEctura\/#\/schema\/logo\/image\/"},"sameAs":["https:\/\/www.facebook.com\/tulectura.unileon\/","https:\/\/x.com\/tULEctura_ULE","https:\/\/www.instagram.com\/tulectura.unileon\/","https:\/\/www.pinterest.es\/tulectura\/","https:\/\/www.youtube.com\/channel\/UCoWaDD39lVlAQcOchwlTPVw"]},{"@type":"Person","@id":"https:\/\/bibliotecas.unileon.es\/tULEctura\/#\/schema\/person\/d3dfaf3631663a5dc7857c88587199a2","name":"Raquel","image":{"@type":"ImageObject","inLanguage":"es","@id":"https:\/\/bibliotecas.unileon.es\/tULEctura\/#\/schema\/person\/image\/","url":"https:\/\/secure.gravatar.com\/avatar\/1460df7b7681eda2e4af12ebb3cff06297eeae8ea62ac2e6a16f7e4d0cdca44b?s=96&d=mm&r=g","contentUrl":"https:\/\/secure.gravatar.com\/avatar\/1460df7b7681eda2e4af12ebb3cff06297eeae8ea62ac2e6a16f7e4d0cdca44b?s=96&d=mm&r=g","caption":"Raquel"},"url":"https:\/\/bibliotecas.unileon.es\/tULEctura\/author\/raquel\/"}]}},"_links":{"self":[{"href":"https:\/\/bibliotecas.unileon.es\/tULEctura\/wp-json\/wp\/v2\/posts\/47539","targetHints":{"allow":["GET"]}}],"collection":[{"href":"https:\/\/bibliotecas.unileon.es\/tULEctura\/wp-json\/wp\/v2\/posts"}],"about":[{"href":"https:\/\/bibliotecas.unileon.es\/tULEctura\/wp-json\/wp\/v2\/types\/post"}],"author":[{"embeddable":true,"href":"https:\/\/bibliotecas.unileon.es\/tULEctura\/wp-json\/wp\/v2\/users\/80"}],"replies":[{"embeddable":true,"href":"https:\/\/bibliotecas.unileon.es\/tULEctura\/wp-json\/wp\/v2\/comments?post=47539"}],"version-history":[{"count":2,"href":"https:\/\/bibliotecas.unileon.es\/tULEctura\/wp-json\/wp\/v2\/posts\/47539\/revisions"}],"predecessor-version":[{"id":47583,"href":"https:\/\/bibliotecas.unileon.es\/tULEctura\/wp-json\/wp\/v2\/posts\/47539\/revisions\/47583"}],"wp:attachment":[{"href":"https:\/\/bibliotecas.unileon.es\/tULEctura\/wp-json\/wp\/v2\/media?parent=47539"}],"wp:term":[{"taxonomy":"category","embeddable":true,"href":"https:\/\/bibliotecas.unileon.es\/tULEctura\/wp-json\/wp\/v2\/categories?post=47539"},{"taxonomy":"post_tag","embeddable":true,"href":"https:\/\/bibliotecas.unileon.es\/tULEctura\/wp-json\/wp\/v2\/tags?post=47539"}],"curies":[{"name":"wp","href":"https:\/\/api.w.org\/{rel}","templated":true}]}}