{"id":48293,"date":"2022-02-14T07:00:31","date_gmt":"2022-02-14T06:00:31","guid":{"rendered":"https:\/\/bibliotecas.unileon.es\/tULEctura\/?p=48293"},"modified":"2022-02-02T11:48:51","modified_gmt":"2022-02-02T10:48:51","slug":"feliz-san-valentin-2022","status":"publish","type":"post","link":"https:\/\/bibliotecas.unileon.es\/tULEctura\/2022\/02\/14\/feliz-san-valentin-2022\/","title":{"rendered":"Feliz d\u00eda de San Valent\u00edn 2022"},"content":{"rendered":"<p style=\"text-align: justify;\">Queridos m\u00edos:<\/p>\n<p style=\"text-align: justify;\">Desde que comenz\u00f3 tULEctura, <span style=\"color: #0000ff;\"><a style=\"color: #0000ff;\" href=\"https:\/\/bibliotecas.unileon.es\/tULEctura\/tag\/dia-de-los-enamorados\/\" target=\"_blank\" rel=\"noopener\">todos los a\u00f1os traemos un relato<\/a><\/span> como regalo y celebraci\u00f3n de esta __________________ (rell\u00e9nese seg\u00fan opini\u00f3n propia) festividad de San Valent\u00edn. Cada uno tiene su opini\u00f3n sobre la fecha,\u00a0 pero en lo que estamos todos de acuerdo es en que nada nos gusta m\u00e1s que una buena lectura.<\/p>\n<p style=\"text-align: justify;\">Hoy disparamos al aire doce flechazos salidos de la pluma de una de nuestras lectoras, Mar\u00eda de las Mercedes Azar, ganadora en 2019\u00a0 del <span style=\"color: #0000ff;\"><a style=\"color: #0000ff;\" href=\"https:\/\/bibliotecas.unileon.es\/tULEctura\/2019\/04\/23\/fallo-de-la-iv-edicion-del-los-concurso-de-microrrelatos\/\">premio de la IV edici\u00f3n del Concurso de microrrelatos <em>Unidos por Generaciones<\/em> en su \u00a0categor\u00eda de P\u00fablico general con el relato titulado \u201cDiscrepancias\u201d<\/a><\/span><\/p>\n<p style=\"text-align: justify;\">A ra\u00edz de este premio naci\u00f3 la relaci\u00f3n de Mar\u00eda de las Mercedes\u00a0 Azar con nuestro blog, y continu\u00f3 sus v\u00ednculos gracias al contacto frecuente al que nos obligaron las penosidades que, tanto la burocracia institucional, el servicio de Correos, \u00a0el \u00a0servicio aduanero argentino \u00a0y las empresas de mensajer\u00eda infligieron\u00a0 a la que se convirti\u00f3 en una tarea tit\u00e1nica: hacer llegar el premio a manos de la ganadora. \u00a0El hecho cierto es que nuestro -inicialmente obligado-\u00a0 trato mutuo\u00a0 se ha vuelto voluntario, personalizado y amistoso. Los caminos de Dios son inescrutables\u2026 \ud83d\ude42<\/p>\n<p style=\"text-align: justify;\">No sabemos mucho de ella, por eso buscamos alguna referencia sobre su biograf\u00eda literaria:<\/p>\n<blockquote>\n<p style=\"text-align: justify;\">\u201cEs nula realmente. Tengo tres lectores, incluida yo misma. Mi escritura siempre ha sido l\u00fadica, sin pretensiones de posteridad ni de p\u00fablico. [\u2026] \u00a0Mi estilo es muy simple, casi silvestre, le dir\u00eda. Y francamente no tengo ning\u00fan escritor de \u201ccabecera\u201d, aunque me encantan los microrrelatos de Sandro Centuri\u00f3n. Cuando sea grande, me gustar\u00eda escribir con esa sutileza [\u2026] \u00bfEl arte de escribir microrrelatos? Dir\u00eda que es el poder de s\u00edntesis que subyace en la profundidad de las apariencias. Lo no dicho tiene mayor fuerza y volumen que lo dicho\u201d <a href=\"https:\/\/plazadelospoetas.blogspot.com\/2017\/10\/reportaje-la-escritora-neuquina.html\" target=\"_blank\" rel=\"noopener\"><span style=\"color: #0000ff;\">(Plaza de los poetas. 21 de octubre de 2017)<\/span><\/a><\/p>\n<\/blockquote>\n<p style=\"text-align: justify;\">Pero vamos a lo importante: del carcaj de Mercedes Azar hemos elegido doce microrrelatos que arrojan amorosamente temas\u00a0 que nos son afines por\u00a0 nuestra querencia lectora a la filolog\u00eda y la literatura: son flechazos\u00a0 sobre poes\u00eda, sobre sintaxis, sobre t\u00f3picos literarios (como el <em>Amor ferus<\/em>,\u00a0 la <a href=\"http:\/\/Descriptio Puellae\" target=\"_blank\" rel=\"noopener\"><em><span style=\"color: #0000ff;\">Descriptio Puellae<\/span><\/em><\/a>), sobre la creaci\u00f3n del lenguaje, sobre su destrucci\u00f3n, ecos de Petrarca, de Cort\u00e1zar&#8230;<\/p>\n<p>Doce saetas, como doce rosas con espinas,&#8230;\u00a0 \u00a0\u00bfSaldr\u00e1s ileso?<\/p>\n<p>&nbsp;<\/p>\n<h1 style=\"text-align: center;\"><span style=\"color: #ff0000;\"><strong>\u2192<\/strong>&#x2665;<br \/>\n<\/span><span style=\"color: #ff0000;\">Primer flechazo<br \/>\n&#8211; D\u00eda de los enamorados &#8211;<\/span><\/h1>\n<div id=\"attachment_48500\" style=\"width: 1017px\" class=\"wp-caption aligncenter\"><img loading=\"lazy\" decoding=\"async\" aria-describedby=\"caption-attachment-48500\" class=\"wp-image-48500 size-full\" title=\"Imagen promocional de la pelicula My Bloody Valentine 3D (2009), del direcci\u00f3n Patrick Lussier\" src=\"https:\/\/bibliotecas.unileon.es\/tULEctura\/files\/2022\/02\/valentine-bloody.jpg\" alt=\"Imagen promocional de la pelicula My Bloody Valentine 3D (2009), del direcci\u00f3n Patrick Lussier\" width=\"1007\" height=\"581\" \/><p id=\"caption-attachment-48500\" class=\"wp-caption-text\">Imagen promocional de la pelicula My Bloody Valentine 3D (2009), del direcci\u00f3n Patrick Lussier<\/p><\/div>\n<p style=\"text-align: justify;\">2 copas. Vino blanco y cerveza. Frutillas y crema. 1 baguette. Queso azul y r\u00facula. 1 kilo de tira de asado. Lechuga y tomate. 3 flores rojas. Canasto y mantel. Preservativos. Cuerda y cinta de embalaje. Guantes de goma. Bolsas de basura. Pala. Bencina blanca. Encendedor. Quitamanchas.<\/p>\n<p>&nbsp;<\/p>\n<h1 style=\"text-align: center;\"><span style=\"color: #ff0000;\"><strong>\u2192<\/strong>&#x2665;&#x2665;<br \/>\n<\/span><span style=\"color: #ff0000;\">Segundo\u00a0 flechazo<br \/>\n&#8211;\u00a0 Sintaxis &#8211;<\/span><\/h1>\n<p style=\"text-align: justify;\"><img loading=\"lazy\" decoding=\"async\" class=\"aligncenter size-full wp-image-48509\" src=\"https:\/\/bibliotecas.unileon.es\/tULEctura\/files\/2022\/02\/sintaxis-1.jpg\" alt=\"\" width=\"743\" height=\"235\" \/><\/p>\n<p style=\"text-align: justify;\">En la oraci\u00f3n\u00a0<em>Juan abandon\u00f3 a Mar\u00eda una lluviosa noche de invierno<\/em>, y sin tomar partido por uno u otra,\u00a0no solo debemos analizar la acci\u00f3n del primero, cuyo papel en el asunto fue sustantivo, sino que hay que atender a la relaci\u00f3n de adyacencia entre ambos miembros.\u00a0Juan es el sujeto que nunca sujet\u00f3; Mar\u00eda es el objeto que nunca objet\u00f3. Adopt\u00f3 la t\u00edpica actitud pasiva propia de los sujetos afectados \u2012<em>fue abandonada por Juan,\u00a0<\/em>comentaba por lo bajo todo el vecindario\u2012 y padeci\u00f3 sin chistar la acci\u00f3n de aquel. El resto fue apenas circunstancial.<\/p>\n<p>&nbsp;<\/p>\n<h1 style=\"text-align: center;\"><span style=\"color: #ff0000;\"><strong>\u2192<\/strong>&#x2665;&#x2665;&#x2665;<br \/>\n<\/span><span style=\"color: #ff0000;\">Tercer flechazo<br \/>\n&#8211; Deconstrucci\u00f3n &#8211;<\/span><\/h1>\n<div id=\"attachment_48514\" style=\"width: 457px\" class=\"wp-caption aligncenter\"><img loading=\"lazy\" decoding=\"async\" aria-describedby=\"caption-attachment-48514\" class=\"wp-image-48514\" style=\"background-color: transparent; text-align: left; font-size: 1rem;\" title=\"Vitral de Ad\u00e1n. Iglesia de St. Mary Abbot en Kensington (Inglaterra).Laetitia Casta, desfile de Yves Saint Laurent primavera-verano 1999\" src=\"https:\/\/bibliotecas.unileon.es\/tULEctura\/files\/2022\/02\/adan-y-eva.jpg\" alt=\"Vitral de Ad\u00e1n. Iglesia de St. Mary Abbot en Kensington (Inglaterra).Laetitia Casta, desfile de Yves Saint Laurent primavera-verano 1999\" width=\"447\" height=\"591\" \/><p id=\"caption-attachment-48514\" class=\"wp-caption-text\">Izda: Vitral de Ad\u00e1n. Iglesia de St. Mary Abbot en Kensington (Inglaterra).\u00a0 Dcha:\u00a0 Laetitia Casta, desfile de Yves Saint Laurent primavera-verano 1999<\/p><\/div>\n<p style=\"text-align: justify;\"><span style=\"text-align: justify; color: #444444; font-size: 1rem;\">\u00ab<\/span><em style=\"text-align: justify; color: #444444; font-size: 1rem;\">No es bueno que el hombre est\u00e9 solo<\/em><span style=\"text-align: justify; color: #444444; font-size: 1rem;\">, dec\u00eda;\u00a0 <\/span><em style=\"text-align: justify; color: #444444; font-size: 1rem;\">hag\u00e1mosle ayuda semejante a \u00e9l<\/em><span style=\"text-align: justify; color: #444444; font-size: 1rem;\">, dec\u00eda&#8230;\u00bb. As\u00ed rezonga Ad\u00e1n, entre dientes, mientras recorre con una pica y un rastrillo los senderos del para\u00edso, abarrotados de hojas de arce, de sicomoro y de higuera, harto de esta holgazana de Eva y de recoger sus prendas desparramadas por el camino.<\/span><\/p>\n<p>&nbsp;<\/p>\n<h1 style=\"text-align: center;\"><span style=\"color: #ff0000;\"><strong>\u2192\u00a0<\/strong><\/span><span style=\"color: #ff0000;\">&#x2665;&#x2665;&#x2665;&#x2665;<br \/>\n<\/span><span style=\"color: #ff0000;\">Cuarto flechazo<br \/>\n<\/span><span style=\"color: #ff0000;\"><strong>&#8211; Vertumnus &#8211;<\/strong><\/span><\/h1>\n<div id=\"attachment_48510\" style=\"width: 1210px\" class=\"wp-caption aligncenter\"><img loading=\"lazy\" decoding=\"async\" aria-describedby=\"caption-attachment-48510\" class=\"wp-image-48510 size-full\" title=\" Retrato de Rodolfo II en traje de Vertumno (Giuseppe Arcimboldo, c. 1590)\" src=\"https:\/\/bibliotecas.unileon.es\/tULEctura\/files\/2022\/02\/vertumno-retrato-vegetal-rodolfo-ii-arcimboldo.jpg\" alt=\" Retrato de Rodolfo II en traje de Vertumno (Giuseppe Arcimboldo, c. 1590)\" width=\"1200\" height=\"630\" \/><p id=\"caption-attachment-48510\" class=\"wp-caption-text\">Retrato de Rodolfo II en traje de Vertumno (Giuseppe Arcimboldo, c. 1590)<\/p><\/div>\n<p style=\"text-align: justify;\">De higos a brevas \u00e9l la ve pasar, lozana y tentadora como una fruta prohibida. Mientras sue\u00f1a con acariciar su piel de melocot\u00f3n y morder sus pechos limoneros, imagina un beso de sus labios de fresa. Y cuando ella lo mira con esos ojos verdes, por Dios, verdes como la albahaca, verdes como el trigo verde y el verde lim\u00f3n, a sus pies se pondr\u00eda de hinojos para jurarle amor eterno. Pero no se atreve por temor a que ella le d\u00e9 calabazas. Atormentado por tanta desaz\u00f3n, el enamorado, rojo como un tomate, aborda a la bella con palabras dulces. Pero a ella esta pasi\u00f3n le importa un r\u00e1bano; est\u00e1 de mala uva y le pone las peras al cuarto: \u201c\u00a1Vaya con el cabeza de membrillo!\u201d. Y al caer del guindo, al pobre\u00a0Arcimboldo\u00a0el coraz\u00f3n se le rompe como una granada de amargura.<\/p>\n<p>&nbsp;<\/p>\n<h1 style=\"text-align: center;\"><span style=\"color: #ff0000;\"><strong>\u2192<\/strong>&#x2665;&#x2665;&#x2665;&#x2665;&#x2665;<br \/>\n<\/span><span style=\"color: #ff0000;\">Quinto flechazo<br \/>\n<\/span><span style=\"color: #ff0000;\"><strong>&#8211; Posmodernidad &#8211;<\/strong><\/span><\/h1>\n<div id=\"attachment_48513\" style=\"width: 630px\" class=\"wp-caption alignnone\"><img loading=\"lazy\" decoding=\"async\" aria-describedby=\"caption-attachment-48513\" class=\"wp-image-48513 size-full\" title=\"El informe de la Fundaci\u00f3n Ellen MacArthur \u00abUna nueva econom\u00eda textil: Redise\u00f1ando el futuro de la moda\u00bb presenta una visi\u00f3n ambiciosa de un nuevo sistema, basado en principios de econom\u00eda circular, que ofrece beneficios a la econom\u00eda, la sociedad y el medio ambiente.\" src=\"https:\/\/bibliotecas.unileon.es\/tULEctura\/files\/2022\/02\/bella-durmiente.jpg\" alt=\"\u00a9 Stella McCartney Campaign AW 2017. El informe de la Fundaci\u00f3n Ellen MacArthur \u00abUna nueva econom\u00eda textil: Redise\u00f1ando el futuro de la moda\u00bb presenta una visi\u00f3n ambiciosa de un nuevo sistema, basado en principios de econom\u00eda circular, que ofrece beneficios a la econom\u00eda, la sociedad y el medio ambiente.\" width=\"620\" height=\"372\" \/><p id=\"caption-attachment-48513\" class=\"wp-caption-text\">\u00a9 Stella McCartney Campaign AW 2017. (El informe de la Fundaci\u00f3n Ellen MacArthur \u00abUna nueva econom\u00eda textil: Redise\u00f1ando el futuro de la moda\u00bb presenta una visi\u00f3n ambiciosa de un nuevo sistema, basado en principios de econom\u00eda circular, que ofrece beneficios a la econom\u00eda, la sociedad y el medio ambiente)<\/p><\/div>\n<p style=\"text-align: justify;\">La bella durmiente sorte\u00f3 los cien a\u00f1os de diferencia de edad que la separaban del pr\u00edncipe con b\u00f3tox, implantes de col\u00e1geno, siliconas, metacrilato, fijaciones dentales de titanio, \u00e1cido hialur\u00f3nico, polietileno para p\u00f3mulos, esteroides anab\u00f3licos, hidrogel y cementos de hidroxiapatita para otros rellenos, adem\u00e1s de extensiones con tinte permanente. A \u00e9l no le asombr\u00f3 el gradual rejuvenecimiento, pues en un cuento de hadas todo es posible, pero algo debe de haber sospechado cuando al morir, en vez de llevar su cuerpo al pante\u00f3n real, la enterraron junto a las bolsas de nailon, las pilas, las latas y desechos t\u00f3xicos no biodegradables.<\/p>\n<p>&nbsp;<\/p>\n<h1 style=\"text-align: center;\"><span style=\"color: #ff0000;\"><strong>\u2192<\/strong>&#x2665;&#x2665;&#x2665;&#x2665;&#x2665;&#x2665;<br \/>\n<\/span><span style=\"color: #ff0000;\">Sexto flechazo<br \/>\n&#8211; Autocorrector-<img loading=\"lazy\" decoding=\"async\" class=\"aligncenter size-full wp-image-48521\" src=\"https:\/\/bibliotecas.unileon.es\/tULEctura\/files\/2022\/02\/autocorrector.jpg\" alt=\"\" width=\"574\" height=\"325\" \/><\/span><\/h1>\n<p style=\"text-align: justify;\">S\u00e9 que para ti soy alguien insulto, enterrado en s\u00ed mismo. Pero me agravas tanto que quiero entrar en tu cosa, para fallar y crapular contigo hozando salvajemente. Te har\u00e9 conocer las hieles de mi amor. Te abrasar\u00e9 y te contar\u00e9 mis histerias. Prometo cuitarte y ajarte sin descanso, amenazando la soledad de tus d\u00edas. Desalmar\u00e9 tus penas y te aterrar\u00e1s a m\u00ed como a nadie, pues yo aventar\u00e9 tus ilusiones despojando tus horizontes. Mis ojos de cabr\u00f3n encendido te sogar\u00e1n siempre adonde vayas, y cr\u00e9eme que si no puedo hacerte feliz, juro que te vejar\u00e9 en paz.<\/p>\n<p>&nbsp;<\/p>\n<h1 style=\"text-align: center;\"><span style=\"color: #ff0000;\"><strong>\u2192<\/strong>&#x2665;&#x2665;&#x2665;&#x2665;&#x2665;&#x2665;<\/span><span style=\"color: #ff0000;\">&#x2665;<br \/>\n<\/span><span style=\"color: #ff0000;\"><strong>S\u00e9ptimo flechazo<br \/>\n&#8211; Afijadur\u00edas &#8211;<\/strong><\/span><\/h1>\n<div id=\"attachment_48517\" style=\"width: 574px\" class=\"wp-caption aligncenter\"><img loading=\"lazy\" decoding=\"async\" aria-describedby=\"caption-attachment-48517\" class=\"size-full wp-image-48517\" src=\"https:\/\/bibliotecas.unileon.es\/tULEctura\/files\/2022\/02\/Frederik-Hendrik-Kaemmerer-1839-1902-The-quarrel.jpg\" alt=\"Frederik Hendrik Kaemmerer (1839-1902) - The quarrel\" width=\"564\" height=\"444\" \/><p id=\"caption-attachment-48517\" class=\"wp-caption-text\">Frederik Hendrik Kaemmerer (1839-1902) &#8211; The quarrel<\/p><\/div>\n<p style=\"text-align: justify;\">Al principio me sedujo porque era original, ficcionista, dulc\u00edgeno, bohemiante,\u00a0 poetable, cordiforme, modern\u00edcola. Y como todo concienzurdo, por dem\u00e1s imagin\u00e1ceo, viscerante, diast\u00f3lico, efusival, pasionativo y algo insolentador. Yo, que era indiestra, flemoide y obejt\u00edvica, me enamor\u00e9 de \u00e9l con locuridad, a pesar de mi ranciedumbre. Pero con el tiempo nuestras diferencias ideog\u00e1micas se volvieron incompat\u00edbulas e irreconciliares. Insolvables. Pronto \u00e9l se revel\u00f3 como egol\u00e1trida, bastante tar\u00fapido, \u00a0obt\u00fapodo, mostrenco y con todos los n\u00fameros para ser un gilipollante futurible. Una pena que no dur\u00e1ramos mucho, porque si bien al principio nuestro amor fue lengu\u00e1ridamente creativesco, termin\u00f3 siendo algo capulleto. Toxiforme. Da\u00f1\u00edvoro.<\/p>\n<p>&nbsp;<\/p>\n<h1 style=\"text-align: center;\"><span style=\"color: #ff0000;\"><strong>\u2192<\/strong>&#x2665;&#x2665;&#x2665;&#x2665;&#x2665;&#x2665;<\/span><span style=\"color: #ff0000;\">&#x2665;&#x2665;<br \/>\n<\/span><span style=\"color: #ff0000;\">Octavo flechazo<br \/>\n<\/span><span style=\"color: #ff0000;\">&#8211; La gema &#8211;<\/span><\/h1>\n<p><img loading=\"lazy\" decoding=\"async\" class=\"wp-image-48522 aligncenter\" src=\"https:\/\/bibliotecas.unileon.es\/tULEctura\/files\/2022\/02\/mujer-africana-joyas.jpg\" alt=\"\" width=\"304\" height=\"409\" \/><\/p>\n<div class=\"bRMDJf islir\"><\/div>\n<p style=\"text-align: justify;\">Nunca pudo, el febril poeta, olvidar su pasado de orfebre: frente a su cutis de marfil, sus ojos de esmeralda, sus l\u00e1grimas de diamante, sus labios de rub\u00edes, sus cabellos de oro, sus dientes de perlas y sus pechos de n\u00e1car, sucumbi\u00f3 por fin al enorme valor de su amada y la vendi\u00f3 como alhaja.<\/p>\n<p>&nbsp;<\/p>\n<h1 style=\"text-align: center;\"><span style=\"color: #ff0000;\"><strong>\u2192<\/strong>&#x2665;&#x2665;&#x2665;&#x2665;&#x2665;&#x2665;<\/span><span style=\"color: #ff0000;\">&#x2665;&#x2665;&#x2665;<br \/>\n<\/span><span style=\"color: #ff0000;\"><strong>Noveno flechazo<br \/>\n<\/strong><strong>&#8211; Poes\u00eda dom\u00e9stica &#8211;<\/strong><\/span><\/h1>\n<div id=\"attachment_48515\" style=\"width: 574px\" class=\"wp-caption aligncenter\"><img loading=\"lazy\" decoding=\"async\" aria-describedby=\"caption-attachment-48515\" class=\"wp-image-48515 size-full\" title=\"El Retro Homemakers Club es un lugar para aprender y conectarse con otras amas de casa con un divertido estilo retro.\" src=\"https:\/\/bibliotecas.unileon.es\/tULEctura\/files\/2022\/02\/limpiar-el-suelo.jpg\" alt=\"Retro Homemakers Club es un lugar para conectarse entre amas de casa con un estilo retro.\" width=\"564\" height=\"376\" \/><p id=\"caption-attachment-48515\" class=\"wp-caption-text\">Retro Homemakers Club es un lugar para conectarse entre amas de casa con un\u00a0 estilo retro.\u00a0\u00a1\u00a1\u00a1 &#8211; !!!<\/p><\/div>\n<p>Lo am\u00e9, como una mancha de salsa de tomate ama al trapo de piso que la absorbe, se la lleva con \u00e9l y estruj\u00e1ndose el alma con todas sus fibras, la hace desaparecer.<\/p>\n<h1 style=\"text-align: center;\"><span style=\"color: #ff0000;\"><strong>\u2192<\/strong>&#x2665;&#x2665;&#x2665;&#x2665;&#x2665;&#x2665;<\/span><span style=\"color: #ff0000;\">&#x2665;&#x2665;&#x2665;<\/span><span style=\"color: #ff0000;\">&#x2665;<br \/>\n<\/span><span style=\"color: #ff0000;\"><strong>D\u00e9cimo flechazo<br \/>\n<\/strong><strong>&#8211; De flor en flor &#8211;<\/strong><\/span><\/h1>\n<div class=\"mceTemp\"><\/div>\n<div id=\"attachment_48524\" style=\"width: 426px\" class=\"wp-caption aligncenter\"><img loading=\"lazy\" decoding=\"async\" aria-describedby=\"caption-attachment-48524\" class=\"wp-image-48524\" src=\"https:\/\/bibliotecas.unileon.es\/tULEctura\/files\/2022\/02\/0b277db5dca8acbabfd9bde2ce797296.jpg\" alt=\"Wedding\u00a0(Mark Entwisle)\" width=\"416\" height=\"519\" \/><p id=\"caption-attachment-48524\" class=\"wp-caption-text\">Wedding\u00a0(Mark Entwisle)<\/p><\/div>\n<p style=\"text-align: justify;\">\u00a0Le encantaba andarse\u00a0a la flor del berro y, por si fuera poco, era un picaflor. Tuvo amor\u00edos con Rosa en la \u00e9poca en que deshojaba a Margarita, se lig\u00f3 a Violeta, le ech\u00f3 los tejos a Hortensia mientras se liaba con Azucena, desflor\u00f3 a\u00a0Jazm\u00edn al tiempo que libaba de Dalia y se daba el lote con Lila. Hasta que conoci\u00f3 a Jacinto. Entonces, dej\u00f3 a todas plantadas y ahuec\u00f3 el ala con \u00e9l.<\/p>\n<h1 style=\"text-align: center;\"><span style=\"color: #ff0000;\"><strong>\u2192<\/strong>&#x2665;&#x2665;&#x2665;&#x2665;&#x2665;&#x2665;<\/span><span style=\"color: #ff0000;\">&#x2665;&#x2665;&#x2665;&#x2665;<\/span><span style=\"color: #ff0000;\">&#x2665;<\/span><span style=\"color: #ff0000;\">&#x2665;<br \/>\n<\/span><span style=\"color: #ff0000;\">Und\u00e9cimo flechazo<br \/>\n&#8211; Circunspecci\u00f3n &#8211;<\/span><\/h1>\n<div id=\"attachment_48520\" style=\"width: 522px\" class=\"wp-caption aligncenter\"><img loading=\"lazy\" decoding=\"async\" aria-describedby=\"caption-attachment-48520\" class=\"wp-image-48520\" src=\"https:\/\/bibliotecas.unileon.es\/tULEctura\/files\/2022\/02\/f0ca8a799d759e1f6bce4e03222ee499.jpg\" alt=\" Merek Davis\" width=\"512\" height=\"512\" \/><p id=\"caption-attachment-48520\" class=\"wp-caption-text\"><a href=\"https:\/\/www.merekdavis.com\/instagram\" target=\"_blank\" rel=\"noopener\">Merek Davis<\/a><\/p><\/div>\n<p style=\"text-align: justify;\">Para evitar las habladur\u00edas de los vecinos cotillas, acordaron separarse con la mayor de las discreciones, sin esc\u00e1ndalos ni aspavientos. Pero cuando \u00e9l con culposa suavidad cerr\u00f3 tras de s\u00ed la puerta y\u00e9ndose para siempre, ella no pudo evitar que todo el edificio, toda la calle, el barrio todo escuchara el estr\u00e9pito de su coraz\u00f3n haci\u00e9ndose a\u00f1icos al estallar en mil pedazos, y viera salir disparadas a los cuatro vientos las esquirlas de los cristales ba\u00f1adas en sangre.<\/p>\n<p>&nbsp;<\/p>\n<h1 style=\"text-align: center;\"><span style=\"color: #ff0000;\"><strong>\u2192<\/strong>&#x2665;&#x2665;&#x2665;&#x2665;&#x2665;&#x2665;<\/span><span style=\"color: #ff0000;\">&#x2665;&#x2665;&#x2665;&#x2665;<\/span><span style=\"color: #ff0000;\">&#x2665;<\/span><span style=\"color: #ff0000;\">&#x2665;<br \/>\n<\/span><span style=\"color: #ff0000;\">Duod\u00e9cimo flechazo<br \/>\n&#8211; Carta de bebidas &#8211;<\/span><\/h1>\n<div id=\"attachment_48516\" style=\"width: 589px\" class=\"wp-caption aligncenter\"><img loading=\"lazy\" decoding=\"async\" aria-describedby=\"caption-attachment-48516\" class=\"wp-image-48516\" title=\" Paul Callan Burns (1910-1990)\" src=\"https:\/\/bibliotecas.unileon.es\/tULEctura\/files\/2022\/02\/Paul-Callan-Burns.jpg\" alt=\" Paul Callan Burns (1910-1990)\" width=\"579\" height=\"477\" \/><p id=\"caption-attachment-48516\" class=\"wp-caption-text\">Paul Callan Burns (1910-1990)<\/p><\/div>\n<p style=\"padding-left: 200px;\">\u2012\u00a0 \u00bfEl caballero qu\u00e9 va a tomar?<br \/>\n\u2012\u00a0 La iniciativa y el toro por las astas.<br \/>\n\u2012\u00a0 \u00bfY la se\u00f1orita?<br \/>\n\u2012\u00a0 Precauciones y distancia.<br \/>\n\u2012\u00a0 Excelente elecci\u00f3n.<strong>\u00a0<\/strong><\/p>\n<h1 style=\"text-align: center;\"><span style=\"color: #ff0000;\">&#x2665;&#x2665;&#x2665; \ud83d\ude42\u00a0<\/span><\/h1>\n<p>&nbsp;<\/p>\n","protected":false},"excerpt":{"rendered":"<p>Queridos m\u00edos: Desde que comenz\u00f3 tULEctura, todos los a\u00f1os traemos un relato como regalo y celebraci\u00f3n de esta __________________ (rell\u00e9nese seg\u00fan opini\u00f3n propia) festividad de San Valent\u00edn. Cada uno tiene su opini\u00f3n sobre la fecha,\u00a0 pero en lo que estamos todos de acuerdo es en que nada nos gusta m\u00e1s que una buena lectura. Hoy [&hellip;]<\/p>\n","protected":false},"author":73,"featured_media":0,"comment_status":"open","ping_status":"open","sticky":false,"template":"","format":"standard","meta":{"_bbp_topic_count":0,"_bbp_reply_count":0,"_bbp_total_topic_count":0,"_bbp_total_reply_count":0,"_bbp_voice_count":0,"_bbp_anonymous_reply_count":0,"_bbp_topic_count_hidden":0,"_bbp_reply_count_hidden":0,"_bbp_forum_subforum_count":0,"_monsterinsights_skip_tracking":false,"_monsterinsights_sitenote_active":false,"_monsterinsights_sitenote_note":"","_monsterinsights_sitenote_category":0,"footnotes":""},"categories":[75],"tags":[1006,733,1007,656,101],"class_list":["post-48293","post","type-post","status-publish","format-standard","hentry","category-de-todo-un-poco","tag-14-de-febrero","tag-dia-de-los-enamorados","tag-maria-de-las-mercedes-azar","tag-microrrelatos","tag-san-valentin"],"yoast_head":"<!-- This site is optimized with the Yoast SEO plugin v25.8 - https:\/\/yoast.com\/wordpress\/plugins\/seo\/ -->\n<title>Feliz d\u00eda de San Valent\u00edn 2022 - tULEctura<\/title>\n<meta name=\"robots\" content=\"index, follow, max-snippet:-1, max-image-preview:large, max-video-preview:-1\" \/>\n<link rel=\"canonical\" href=\"https:\/\/bibliotecas.unileon.es\/tULEctura\/2022\/02\/14\/feliz-san-valentin-2022\/\" \/>\n<meta property=\"og:locale\" content=\"es_ES\" \/>\n<meta property=\"og:type\" content=\"article\" \/>\n<meta property=\"og:title\" content=\"Feliz d\u00eda de San Valent\u00edn 2022 - tULEctura\" \/>\n<meta property=\"og:description\" content=\"Queridos m\u00edos: Desde que comenz\u00f3 tULEctura, todos los a\u00f1os traemos un relato como regalo y celebraci\u00f3n de esta __________________ (rell\u00e9nese seg\u00fan opini\u00f3n propia) festividad de San Valent\u00edn. Cada uno tiene su opini\u00f3n sobre la fecha,\u00a0 pero en lo que estamos todos de acuerdo es en que nada nos gusta m\u00e1s que una buena lectura. Hoy [&hellip;]\" \/>\n<meta property=\"og:url\" content=\"https:\/\/bibliotecas.unileon.es\/tULEctura\/2022\/02\/14\/feliz-san-valentin-2022\/\" \/>\n<meta property=\"og:site_name\" content=\"tULEctura\" \/>\n<meta property=\"article:publisher\" content=\"https:\/\/www.facebook.com\/tulectura.unileon\/\" \/>\n<meta property=\"article:published_time\" content=\"2022-02-14T06:00:31+00:00\" \/>\n<meta property=\"og:image\" content=\"https:\/\/bibliotecas.unileon.es\/tULEctura\/files\/2022\/02\/valentine-bloody.jpg\" \/>\n\t<meta property=\"og:image:width\" content=\"1007\" \/>\n\t<meta property=\"og:image:height\" content=\"581\" \/>\n\t<meta property=\"og:image:type\" content=\"image\/jpeg\" \/>\n<meta name=\"author\" content=\"tULEctura\" \/>\n<meta name=\"twitter:card\" content=\"summary_large_image\" \/>\n<meta name=\"twitter:creator\" content=\"@tULEctura_ULE\" \/>\n<meta name=\"twitter:site\" content=\"@tULEctura_ULE\" \/>\n<meta name=\"twitter:label1\" content=\"Escrito por\" \/>\n\t<meta name=\"twitter:data1\" content=\"tULEctura\" \/>\n\t<meta name=\"twitter:label2\" content=\"Tiempo de lectura\" \/>\n\t<meta name=\"twitter:data2\" content=\"10 minutos\" \/>\n<script type=\"application\/ld+json\" class=\"yoast-schema-graph\">{\"@context\":\"https:\/\/schema.org\",\"@graph\":[{\"@type\":\"Article\",\"@id\":\"https:\/\/bibliotecas.unileon.es\/tULEctura\/2022\/02\/14\/feliz-san-valentin-2022\/#article\",\"isPartOf\":{\"@id\":\"https:\/\/bibliotecas.unileon.es\/tULEctura\/2022\/02\/14\/feliz-san-valentin-2022\/\"},\"author\":{\"name\":\"tULEctura\",\"@id\":\"https:\/\/bibliotecas.unileon.es\/tULEctura\/#\/schema\/person\/c8977b10c1fdf7d1dab5629f08287597\"},\"headline\":\"Feliz d\u00eda de San Valent\u00edn 2022\",\"datePublished\":\"2022-02-14T06:00:31+00:00\",\"mainEntityOfPage\":{\"@id\":\"https:\/\/bibliotecas.unileon.es\/tULEctura\/2022\/02\/14\/feliz-san-valentin-2022\/\"},\"wordCount\":1748,\"commentCount\":11,\"publisher\":{\"@id\":\"https:\/\/bibliotecas.unileon.es\/tULEctura\/#organization\"},\"image\":{\"@id\":\"https:\/\/bibliotecas.unileon.es\/tULEctura\/2022\/02\/14\/feliz-san-valentin-2022\/#primaryimage\"},\"thumbnailUrl\":\"https:\/\/bibliotecas.unileon.es\/tULEctura\/files\/2022\/02\/valentine-bloody.jpg\",\"keywords\":[\"14 de febrero\",\"D\u00eda de los enamorados\",\"Mar\u00eda de las Mercedes\u00a0 Azar\",\"microrrelatos\",\"San Valent\u00edn\"],\"articleSection\":[\"De todo un poco\"],\"inLanguage\":\"es\",\"potentialAction\":[{\"@type\":\"CommentAction\",\"name\":\"Comment\",\"target\":[\"https:\/\/bibliotecas.unileon.es\/tULEctura\/2022\/02\/14\/feliz-san-valentin-2022\/#respond\"]}]},{\"@type\":\"WebPage\",\"@id\":\"https:\/\/bibliotecas.unileon.es\/tULEctura\/2022\/02\/14\/feliz-san-valentin-2022\/\",\"url\":\"https:\/\/bibliotecas.unileon.es\/tULEctura\/2022\/02\/14\/feliz-san-valentin-2022\/\",\"name\":\"Feliz d\u00eda de San Valent\u00edn 2022 - tULEctura\",\"isPartOf\":{\"@id\":\"https:\/\/bibliotecas.unileon.es\/tULEctura\/#website\"},\"primaryImageOfPage\":{\"@id\":\"https:\/\/bibliotecas.unileon.es\/tULEctura\/2022\/02\/14\/feliz-san-valentin-2022\/#primaryimage\"},\"image\":{\"@id\":\"https:\/\/bibliotecas.unileon.es\/tULEctura\/2022\/02\/14\/feliz-san-valentin-2022\/#primaryimage\"},\"thumbnailUrl\":\"https:\/\/bibliotecas.unileon.es\/tULEctura\/files\/2022\/02\/valentine-bloody.jpg\",\"datePublished\":\"2022-02-14T06:00:31+00:00\",\"breadcrumb\":{\"@id\":\"https:\/\/bibliotecas.unileon.es\/tULEctura\/2022\/02\/14\/feliz-san-valentin-2022\/#breadcrumb\"},\"inLanguage\":\"es\",\"potentialAction\":[{\"@type\":\"ReadAction\",\"target\":[\"https:\/\/bibliotecas.unileon.es\/tULEctura\/2022\/02\/14\/feliz-san-valentin-2022\/\"]}]},{\"@type\":\"ImageObject\",\"inLanguage\":\"es\",\"@id\":\"https:\/\/bibliotecas.unileon.es\/tULEctura\/2022\/02\/14\/feliz-san-valentin-2022\/#primaryimage\",\"url\":\"https:\/\/bibliotecas.unileon.es\/tULEctura\/files\/2022\/02\/valentine-bloody.jpg\",\"contentUrl\":\"https:\/\/bibliotecas.unileon.es\/tULEctura\/files\/2022\/02\/valentine-bloody.jpg\",\"width\":1007,\"height\":581},{\"@type\":\"BreadcrumbList\",\"@id\":\"https:\/\/bibliotecas.unileon.es\/tULEctura\/2022\/02\/14\/feliz-san-valentin-2022\/#breadcrumb\",\"itemListElement\":[{\"@type\":\"ListItem\",\"position\":1,\"name\":\"Home\",\"item\":\"https:\/\/bibliotecas.unileon.es\/tULEctura\/\"},{\"@type\":\"ListItem\",\"position\":2,\"name\":\"Feliz d\u00eda de San Valent\u00edn 2022\"}]},{\"@type\":\"WebSite\",\"@id\":\"https:\/\/bibliotecas.unileon.es\/tULEctura\/#website\",\"url\":\"https:\/\/bibliotecas.unileon.es\/tULEctura\/\",\"name\":\"tULEctura\",\"description\":\"Espacio de la Universidad de Le\u00f3n dedicado a la lectura\",\"publisher\":{\"@id\":\"https:\/\/bibliotecas.unileon.es\/tULEctura\/#organization\"},\"potentialAction\":[{\"@type\":\"SearchAction\",\"target\":{\"@type\":\"EntryPoint\",\"urlTemplate\":\"https:\/\/bibliotecas.unileon.es\/tULEctura\/?s={search_term_string}\"},\"query-input\":{\"@type\":\"PropertyValueSpecification\",\"valueRequired\":true,\"valueName\":\"search_term_string\"}}],\"inLanguage\":\"es\"},{\"@type\":\"Organization\",\"@id\":\"https:\/\/bibliotecas.unileon.es\/tULEctura\/#organization\",\"name\":\"Universidad de Le\u00f3n\",\"url\":\"https:\/\/bibliotecas.unileon.es\/tULEctura\/\",\"logo\":{\"@type\":\"ImageObject\",\"inLanguage\":\"es\",\"@id\":\"https:\/\/bibliotecas.unileon.es\/tULEctura\/#\/schema\/logo\/image\/\",\"url\":\"https:\/\/bibliotecas.unileon.es\/tULEctura\/files\/2018\/08\/TULECTURA_LOGO1.png\",\"contentUrl\":\"https:\/\/bibliotecas.unileon.es\/tULEctura\/files\/2018\/08\/TULECTURA_LOGO1.png\",\"width\":\"960\",\"height\":\"258\",\"caption\":\"Universidad de Le\u00f3n\"},\"image\":{\"@id\":\"https:\/\/bibliotecas.unileon.es\/tULEctura\/#\/schema\/logo\/image\/\"},\"sameAs\":[\"https:\/\/www.facebook.com\/tulectura.unileon\/\",\"https:\/\/x.com\/tULEctura_ULE\",\"https:\/\/www.instagram.com\/tulectura.unileon\/\",\"https:\/\/www.pinterest.es\/tulectura\/\",\"https:\/\/www.youtube.com\/channel\/UCoWaDD39lVlAQcOchwlTPVw\"]},{\"@type\":\"Person\",\"@id\":\"https:\/\/bibliotecas.unileon.es\/tULEctura\/#\/schema\/person\/c8977b10c1fdf7d1dab5629f08287597\",\"name\":\"tULEctura\",\"image\":{\"@type\":\"ImageObject\",\"inLanguage\":\"es\",\"@id\":\"https:\/\/bibliotecas.unileon.es\/tULEctura\/#\/schema\/person\/image\/\",\"url\":\"https:\/\/secure.gravatar.com\/avatar\/0333df4303886fb64623b9e9187f54a040d3d4a3ef64faa35cef06145923a9ab?s=96&d=mm&r=g\",\"contentUrl\":\"https:\/\/secure.gravatar.com\/avatar\/0333df4303886fb64623b9e9187f54a040d3d4a3ef64faa35cef06145923a9ab?s=96&d=mm&r=g\",\"caption\":\"tULEctura\"},\"url\":\"https:\/\/bibliotecas.unileon.es\/tULEctura\/author\/buua1\/\"}]}<\/script>\n<!-- \/ Yoast SEO plugin. -->","yoast_head_json":{"title":"Feliz d\u00eda de San Valent\u00edn 2022 - tULEctura","robots":{"index":"index","follow":"follow","max-snippet":"max-snippet:-1","max-image-preview":"max-image-preview:large","max-video-preview":"max-video-preview:-1"},"canonical":"https:\/\/bibliotecas.unileon.es\/tULEctura\/2022\/02\/14\/feliz-san-valentin-2022\/","og_locale":"es_ES","og_type":"article","og_title":"Feliz d\u00eda de San Valent\u00edn 2022 - tULEctura","og_description":"Queridos m\u00edos: Desde que comenz\u00f3 tULEctura, todos los a\u00f1os traemos un relato como regalo y celebraci\u00f3n de esta __________________ (rell\u00e9nese seg\u00fan opini\u00f3n propia) festividad de San Valent\u00edn. Cada uno tiene su opini\u00f3n sobre la fecha,\u00a0 pero en lo que estamos todos de acuerdo es en que nada nos gusta m\u00e1s que una buena lectura. Hoy [&hellip;]","og_url":"https:\/\/bibliotecas.unileon.es\/tULEctura\/2022\/02\/14\/feliz-san-valentin-2022\/","og_site_name":"tULEctura","article_publisher":"https:\/\/www.facebook.com\/tulectura.unileon\/","article_published_time":"2022-02-14T06:00:31+00:00","og_image":[{"width":1007,"height":581,"url":"https:\/\/bibliotecas.unileon.es\/tULEctura\/files\/2022\/02\/valentine-bloody.jpg","type":"image\/jpeg"}],"author":"tULEctura","twitter_card":"summary_large_image","twitter_creator":"@tULEctura_ULE","twitter_site":"@tULEctura_ULE","twitter_misc":{"Escrito por":"tULEctura","Tiempo de lectura":"10 minutos"},"schema":{"@context":"https:\/\/schema.org","@graph":[{"@type":"Article","@id":"https:\/\/bibliotecas.unileon.es\/tULEctura\/2022\/02\/14\/feliz-san-valentin-2022\/#article","isPartOf":{"@id":"https:\/\/bibliotecas.unileon.es\/tULEctura\/2022\/02\/14\/feliz-san-valentin-2022\/"},"author":{"name":"tULEctura","@id":"https:\/\/bibliotecas.unileon.es\/tULEctura\/#\/schema\/person\/c8977b10c1fdf7d1dab5629f08287597"},"headline":"Feliz d\u00eda de San Valent\u00edn 2022","datePublished":"2022-02-14T06:00:31+00:00","mainEntityOfPage":{"@id":"https:\/\/bibliotecas.unileon.es\/tULEctura\/2022\/02\/14\/feliz-san-valentin-2022\/"},"wordCount":1748,"commentCount":11,"publisher":{"@id":"https:\/\/bibliotecas.unileon.es\/tULEctura\/#organization"},"image":{"@id":"https:\/\/bibliotecas.unileon.es\/tULEctura\/2022\/02\/14\/feliz-san-valentin-2022\/#primaryimage"},"thumbnailUrl":"https:\/\/bibliotecas.unileon.es\/tULEctura\/files\/2022\/02\/valentine-bloody.jpg","keywords":["14 de febrero","D\u00eda de los enamorados","Mar\u00eda de las Mercedes\u00a0 Azar","microrrelatos","San Valent\u00edn"],"articleSection":["De todo un poco"],"inLanguage":"es","potentialAction":[{"@type":"CommentAction","name":"Comment","target":["https:\/\/bibliotecas.unileon.es\/tULEctura\/2022\/02\/14\/feliz-san-valentin-2022\/#respond"]}]},{"@type":"WebPage","@id":"https:\/\/bibliotecas.unileon.es\/tULEctura\/2022\/02\/14\/feliz-san-valentin-2022\/","url":"https:\/\/bibliotecas.unileon.es\/tULEctura\/2022\/02\/14\/feliz-san-valentin-2022\/","name":"Feliz d\u00eda de San Valent\u00edn 2022 - tULEctura","isPartOf":{"@id":"https:\/\/bibliotecas.unileon.es\/tULEctura\/#website"},"primaryImageOfPage":{"@id":"https:\/\/bibliotecas.unileon.es\/tULEctura\/2022\/02\/14\/feliz-san-valentin-2022\/#primaryimage"},"image":{"@id":"https:\/\/bibliotecas.unileon.es\/tULEctura\/2022\/02\/14\/feliz-san-valentin-2022\/#primaryimage"},"thumbnailUrl":"https:\/\/bibliotecas.unileon.es\/tULEctura\/files\/2022\/02\/valentine-bloody.jpg","datePublished":"2022-02-14T06:00:31+00:00","breadcrumb":{"@id":"https:\/\/bibliotecas.unileon.es\/tULEctura\/2022\/02\/14\/feliz-san-valentin-2022\/#breadcrumb"},"inLanguage":"es","potentialAction":[{"@type":"ReadAction","target":["https:\/\/bibliotecas.unileon.es\/tULEctura\/2022\/02\/14\/feliz-san-valentin-2022\/"]}]},{"@type":"ImageObject","inLanguage":"es","@id":"https:\/\/bibliotecas.unileon.es\/tULEctura\/2022\/02\/14\/feliz-san-valentin-2022\/#primaryimage","url":"https:\/\/bibliotecas.unileon.es\/tULEctura\/files\/2022\/02\/valentine-bloody.jpg","contentUrl":"https:\/\/bibliotecas.unileon.es\/tULEctura\/files\/2022\/02\/valentine-bloody.jpg","width":1007,"height":581},{"@type":"BreadcrumbList","@id":"https:\/\/bibliotecas.unileon.es\/tULEctura\/2022\/02\/14\/feliz-san-valentin-2022\/#breadcrumb","itemListElement":[{"@type":"ListItem","position":1,"name":"Home","item":"https:\/\/bibliotecas.unileon.es\/tULEctura\/"},{"@type":"ListItem","position":2,"name":"Feliz d\u00eda de San Valent\u00edn 2022"}]},{"@type":"WebSite","@id":"https:\/\/bibliotecas.unileon.es\/tULEctura\/#website","url":"https:\/\/bibliotecas.unileon.es\/tULEctura\/","name":"tULEctura","description":"Espacio de la Universidad de Le\u00f3n dedicado a la lectura","publisher":{"@id":"https:\/\/bibliotecas.unileon.es\/tULEctura\/#organization"},"potentialAction":[{"@type":"SearchAction","target":{"@type":"EntryPoint","urlTemplate":"https:\/\/bibliotecas.unileon.es\/tULEctura\/?s={search_term_string}"},"query-input":{"@type":"PropertyValueSpecification","valueRequired":true,"valueName":"search_term_string"}}],"inLanguage":"es"},{"@type":"Organization","@id":"https:\/\/bibliotecas.unileon.es\/tULEctura\/#organization","name":"Universidad de Le\u00f3n","url":"https:\/\/bibliotecas.unileon.es\/tULEctura\/","logo":{"@type":"ImageObject","inLanguage":"es","@id":"https:\/\/bibliotecas.unileon.es\/tULEctura\/#\/schema\/logo\/image\/","url":"https:\/\/bibliotecas.unileon.es\/tULEctura\/files\/2018\/08\/TULECTURA_LOGO1.png","contentUrl":"https:\/\/bibliotecas.unileon.es\/tULEctura\/files\/2018\/08\/TULECTURA_LOGO1.png","width":"960","height":"258","caption":"Universidad de Le\u00f3n"},"image":{"@id":"https:\/\/bibliotecas.unileon.es\/tULEctura\/#\/schema\/logo\/image\/"},"sameAs":["https:\/\/www.facebook.com\/tulectura.unileon\/","https:\/\/x.com\/tULEctura_ULE","https:\/\/www.instagram.com\/tulectura.unileon\/","https:\/\/www.pinterest.es\/tulectura\/","https:\/\/www.youtube.com\/channel\/UCoWaDD39lVlAQcOchwlTPVw"]},{"@type":"Person","@id":"https:\/\/bibliotecas.unileon.es\/tULEctura\/#\/schema\/person\/c8977b10c1fdf7d1dab5629f08287597","name":"tULEctura","image":{"@type":"ImageObject","inLanguage":"es","@id":"https:\/\/bibliotecas.unileon.es\/tULEctura\/#\/schema\/person\/image\/","url":"https:\/\/secure.gravatar.com\/avatar\/0333df4303886fb64623b9e9187f54a040d3d4a3ef64faa35cef06145923a9ab?s=96&d=mm&r=g","contentUrl":"https:\/\/secure.gravatar.com\/avatar\/0333df4303886fb64623b9e9187f54a040d3d4a3ef64faa35cef06145923a9ab?s=96&d=mm&r=g","caption":"tULEctura"},"url":"https:\/\/bibliotecas.unileon.es\/tULEctura\/author\/buua1\/"}]}},"_links":{"self":[{"href":"https:\/\/bibliotecas.unileon.es\/tULEctura\/wp-json\/wp\/v2\/posts\/48293","targetHints":{"allow":["GET"]}}],"collection":[{"href":"https:\/\/bibliotecas.unileon.es\/tULEctura\/wp-json\/wp\/v2\/posts"}],"about":[{"href":"https:\/\/bibliotecas.unileon.es\/tULEctura\/wp-json\/wp\/v2\/types\/post"}],"author":[{"embeddable":true,"href":"https:\/\/bibliotecas.unileon.es\/tULEctura\/wp-json\/wp\/v2\/users\/73"}],"replies":[{"embeddable":true,"href":"https:\/\/bibliotecas.unileon.es\/tULEctura\/wp-json\/wp\/v2\/comments?post=48293"}],"version-history":[{"count":1,"href":"https:\/\/bibliotecas.unileon.es\/tULEctura\/wp-json\/wp\/v2\/posts\/48293\/revisions"}],"predecessor-version":[{"id":48504,"href":"https:\/\/bibliotecas.unileon.es\/tULEctura\/wp-json\/wp\/v2\/posts\/48293\/revisions\/48504"}],"wp:attachment":[{"href":"https:\/\/bibliotecas.unileon.es\/tULEctura\/wp-json\/wp\/v2\/media?parent=48293"}],"wp:term":[{"taxonomy":"category","embeddable":true,"href":"https:\/\/bibliotecas.unileon.es\/tULEctura\/wp-json\/wp\/v2\/categories?post=48293"},{"taxonomy":"post_tag","embeddable":true,"href":"https:\/\/bibliotecas.unileon.es\/tULEctura\/wp-json\/wp\/v2\/tags?post=48293"}],"curies":[{"name":"wp","href":"https:\/\/api.w.org\/{rel}","templated":true}]}}